{"id":30697,"date":"2017-08-04T06:51:33","date_gmt":"2017-08-04T11:51:33","guid":{"rendered":"http:\/\/www.turistamagazine.com\/v2\/?p=30697"},"modified":"2017-08-04T08:39:52","modified_gmt":"2017-08-04T13:39:52","slug":"rotary-internacional-una-seria-esperanza-para-la-paz","status":"publish","type":"post","link":"https:\/\/www.turistamagazine.com\/v2\/?p=30697","title":{"rendered":"ROTARY INTERNACIONAL, UNA SERIA ESPERANZA PARA LA PAZ"},"content":{"rendered":"<p><span style=\"color: #000080;\"><em>\u201cLa buena fe como norma en los negocios y en las profesiones, el aprecio a toda ocupaci\u00f3n \u00fatil y la dignificaci\u00f3n de la propia en servicio a la sociedad.\u201d (De los principios rotarios)<\/em><\/span><\/p>\n<p><span style=\"color: #000080;\"><strong>UNA LABOR DE SERVICIO ILUSIONANTE<\/strong><\/span><\/p>\n<p>Por. Antonio-Pedro Tejera Reyes*<\/p>\n<p style=\"text-align: justify;\">Manuel Flori\u00e1n de Tom\u00e1s Mart\u00ed, se ha convertido desde este pasado mes de Julio en el primer tinerfe\u00f1o que ostenta el cargo de Gobernador de Rotary Internacional, en el Distrito 2201, en Espa\u00f1a,\u00a0 donde le esperaba una ilusionante misi\u00f3n de servicio a la comunidad, concretada en una tarea que el mismo nos va a resumir en este preparada entrevista, donde queremos destacar, una vez m\u00e1s, la benem\u00e9rita labor que los rotarios difunden de forma continua y sin descanso por todo el mundo, bajo la base de: <span style=\"color: #000080;\"><strong><em>\u201cla inteligencia, la buena voluntad y la paz entre las naciones, por el compa\u00f1erismo de todos sus componentes, unidos bajo el ideal de servicio.\u201d<\/em><\/strong><\/span><\/p>\n<p style=\"text-align: justify;\">No son frases ret\u00f3ricas extra\u00eddas de libros o folletos de propaganda m\u00e1s o menos reales, son los frutos de las experiencias rotarias de m\u00e1s de cuarenta a\u00f1os a nuestro lado, donde la evoluci\u00f3n de la sociedad ha marcado una senda llena de hermosas vivencias y \u2013 \u00bfpor qu\u00e9 no decirlo? \u2013 por desgracia muchas de las veces crueles, un signo evidente de la falta de formaci\u00f3n sobre nuestra irrenunciable meta como es la consecuci\u00f3n de la activa y permanente cultura de paz, que debe presidir toda la actuaci\u00f3n de los seres humanos, algo que no nos hemos cansado de repetir y activar, a trav\u00e9s de los a\u00f1os, en\u00a0 toda nuestra y larga actividad docente.<\/p>\n<p style=\"text-align: justify;\"><em><span style=\"color: #000080;\"><strong>\u201cServir es mi ocupaci\u00f3n\u201d<\/strong>,<\/span><\/em> no ha sido simplemente un principio rotario. Ha sido para nosotros un est\u00edmulo constante en nuestra vida que hemos reflejado en todos nuestros actos, pese a las muchas desilusiones, intrigas, infidelidades, robos, e injusticias que hemos soportado.<\/p>\n<p style=\"text-align: justify;\">Estos y otros muchos motivos, nos han llevado a exaltar a una serie de personas que han dado su vida, y la siguen dando, alrededor de esta insuperable organizaci\u00f3n de Rotary Internacional, en la cual estamos orgullosos de pertenecer, de una u otra manera.<\/p>\n<p style=\"text-align: justify;\">Como una muestra mas de este sentir colaborativo que nos informa, hoy traemos a nuestras p\u00e1ginas el sentir rotario de la personalidad de Manuel Flori\u00e1n de Tom\u00e1s Mart\u00ed, como un aut\u00e9ntico ejemplo del valor que tiene el ser miembro de Rotary, y el reconocimiento que se hace a una persona destacada dentro de la organizaci\u00f3n, como es nuestro personaje entrevistado.<\/p>\n<p style=\"text-align: justify;\">Comenzamos la entrevista:<\/p>\n<p style=\"text-align: justify;\"><strong><span style=\"color: #000080;\">APTR.-\u00bfDesde cu\u00e1ndo perteneces a Rotary y quien fue tu padrino?<\/span><\/strong><\/p>\n<p style=\"text-align: justify;\"><span style=\"color: #000080;\"><strong>MFDTM.-<\/strong> <em>Soy rotario desde el 2.005. Me intentaron hacer rotario antes pero mis actividades profesionales no me dejaban tiempo. Mi padrino fue el inolvidable Pepe Morales.<\/em><\/span><\/p>\n<p style=\"text-align: justify;\"><span style=\"color: #000080;\"><strong>APTR.-\u00bfQu\u00e9 fue lo que te impuls\u00f3 a pertenecer al club?<\/strong><\/span><\/p>\n<p style=\"text-align: justify;\"><span style=\"color: #000080;\">MFDTM.- \u00a0<em>Ten\u00eda varios amigos rotarios pero el que realmente me impulso fue mi padrino; ellos me contaron que era Rotary, me pareci\u00f3 que era un tema muy interesante, que cuadraba perfectamente en mi forma de ser y decid\u00ed ingresar en el club como un forma de devolver a la sociedad parte de lo que he recibo de ella Conoc\u00ed varios proyectos que se estaban desarrollando en el club y eso me entusiasm\u00f3.<\/em><\/span><\/p>\n<p style=\"text-align: justify;\"><span style=\"color: #000080;\"><strong>APTR.-\u00bfCu\u00e1l ha sido tu actividad dentro del Rotary Club de Puerto de la Cruz? <\/strong><\/span><\/p>\n<p style=\"text-align: justify;\"><span style=\"color: #000080;\"><strong>MFDTM.-<\/strong> <em>He tenido casi varios cargos, he sido secretario, presidente y en los \u00faltimos a\u00f1os he sido el\u00a0 instructor del club. El primer proyecto en el que me vi implicado y donde ejerc\u00ed una intensa actividad fue la construcci\u00f3n de tres pozos de agua en la India, que culminaron en esa \u00e9poca, aunque fue un proyecto que duro varios a\u00f1os ejercicio.<\/em><\/span><\/p>\n<p style=\"text-align: justify;\"><strong><span style=\"color: #000080;\">LA GOBERNACI\u00d3N\u00a0DEL DISTRITO<\/span><\/strong><\/p>\n<p style=\"text-align: justify;\"><span style=\"color: #000080;\"><strong>APTR.-\u00bfQu\u00e9 te impulso a promocionarte como Gobernador del Distrito? <\/strong><\/span><\/p>\n<p style=\"text-align: justify;\"><span style=\"color: #000080;\"><strong>MFDTM.-<\/strong> <em>En nuestra organizaci\u00f3n cuando llega la primavera se inicia el proceso para la designaci\u00f3n del que ser\u00e1 el gobernador dentro de tres\u00a0 a\u00f1os. Los clubs proponen a un socio que consideran oportuno y mi club me propuso a m\u00ed. Mi club me empujo dado a la solera y antig\u00fcedad que ten\u00eda y que nunca hab\u00eda tenido un cargo distrital de importancia y decidieron que yo era la persona adecuada<\/em><\/span><\/p>\n<p><span style=\"color: #000080;\"><strong>APTR.-\u00bfCu\u00e1l es la responsabilidad de este cargo? <\/strong><\/span><\/p>\n<p><span style=\"color: #000080;\"><em>Establecer las metas distritales para el a\u00f1o y <\/em>MFDTM.- <em>establecer el plan estrat\u00e9gico en consonancia con el que establezca el presidente de Rotary internacional.<\/em><\/span><\/p>\n<p style=\"text-align: justify;\"><span style=\"color: #000080;\"><em>Fomentar la incorporaci\u00f3n de nuevos socios estimulando la incorporaci\u00f3n de j\u00f3venes y mujeres, buscando la m\u00e1xima variedad profesional posible.<\/em><\/span><\/p>\n<p style=\"text-align: justify;\"><span style=\"color: #000080;\"><em>Propiciar una comunicaci\u00f3n fluida entre los clubes que debe traducirse en la colaboraci\u00f3n en proyectos conjuntos para ayudar a los m\u00e1s desfavorecidos.<\/em><\/span><\/p>\n<p style=\"text-align: justify;\"><span style=\"color: #000080;\"><em>Tratar de expandir el ideario Rotario en la sociedad fomentando las acciones de servicio para paliar las necesidades m\u00e1s perentorias, tratando de equilibrar las situaciones econ\u00f3micas y sociales para potenciar la paz.<\/em><\/span><\/p>\n<p style=\"text-align: justify;\"><span style=\"color: #000080;\"><strong>APTR.-\u00bfQu\u00e9 esperas de este a\u00f1o rotario y cu\u00e1les son tus metas?<\/strong><\/span><\/p>\n<p style=\"text-align: justify;\"><span style=\"color: #000080;\"><em><strong>MFDTM.- <\/strong>Este a\u00f1o lo voy a dedicar pr\u00e1cticamente en su totalidad a conseguir los objetivos de Rotary, y en concreto a procurar dar cumplimiento al plan estrat\u00e9gico de nuestro presidente internacional el australiano\u00a0 Ian Riseley, como lema es \u201cRotary marca la diferencia\u201d.<\/em><\/span><\/p>\n<p style=\"text-align: justify;\"><span style=\"color: #000080;\"><em>\u00a0\u00a0\u00a0\u00a0\u00a0\u00a0\u00a0\u00a0\u00a0\u00a0\u00a0 Quiero dedicar especial atenci\u00f3n a la juventud, tanto en la creaci\u00f3n de nuevos clubs Interac y Rotarac sino adem\u00e1s a animarlos a que desarrollen proyectos propios, no solo recaudatorios, con el asesoramiento del club rotario padrino, al objeto de que vean materializarse\u00a0 en la sociedad su proyecto.<\/em><\/span><\/p>\n<p><strong>EPILOGO<\/strong><\/p>\n<p style=\"text-align: justify;\"><span style=\"color: #000080;\">Rotary es algo m\u00e1s que una ilusi\u00f3n. Se trata de un trabajo continuo en el cual tenemos que emplear todas nuestras fuerzas para conseguir que desde los m\u00e1s humildes sectores de la comunidad, hasta las m\u00e1s altas esferas de la pol\u00edtica y de la justicia, entiendan estos principio de la vida por los que Rotary Internacional se cre\u00f3, se expandi\u00f3 y es hoy un referente para conseguir un mundo en paz.\u00a0 No es f\u00e1cil. Es muy dif\u00edcil, pero la constancia y la fe en algo que est\u00e1 muy por encima de los personalismos, el desconocimiento y el protagonismo del lucimiento propio. Es un aut\u00e9ntico valor que coloca a cada uno en su lugar, m\u00e1s tarde o m\u00e1s temprano. Es la ley de la vida. De la justicia y de la raz\u00f3n.<\/span><\/p>\n<p style=\"text-align: justify;\"><span style=\"color: #000080;\">Manuel Flori\u00e1n de Tom\u00e1s Mart\u00ed, estamos seguros ser\u00e1 un modelo a seguir en su nueva labor directiva de Rotary y de sus hermosos principios. Un sue\u00f1o hecho realidad que su club, ese basti\u00f3n del ideal de servicio arraigado en esa joya tur\u00edstica del Valle de la Orotava, el Club Rotario Puerto de la Cruz, sabr\u00e1 premiarle como se merece.<\/span><\/p>\n<p>&nbsp;<\/p>\n<p><strong>*<\/strong><strong>(Del Grupo de Expertos de la Organizaci\u00f3n Mundial del Turismo, de las Naciones Unidas. ONU.)<\/strong><\/p>\n<p>&nbsp;<\/p>\n<p>Portada \/\u00a0MANUEL FLORIAN DE TOMAS MART\u00cd, GOBERNADOR<\/p>\n<p><strong>\u00a0<\/strong><\/p>\n<p>&nbsp;<\/p>\n","protected":false},"excerpt":{"rendered":"<p>\u201cLa buena fe como norma en los negocios y en las profesiones, el aprecio a toda ocupaci\u00f3n \u00fatil y la dignificaci\u00f3n de la propia en servicio a la sociedad.\u201d (De los principios rotarios) UNA LABOR DE SERVICIO ILUSIONANTE Por. Antonio-Pedro Tejera Reyes* Manuel Flori\u00e1n de Tom\u00e1s Mart\u00ed, se ha convertido desde este pasado mes de Julio en el primer tinerfe\u00f1o que ostenta el cargo de Gobernador de Rotary Internacional, en el Distrito 2201, en Espa\u00f1a,\u00a0 donde le esperaba una ilusionante misi\u00f3n de servicio a la comunidad, concretada en una tarea que el mismo nos va a resumir en este preparada&#8230;<\/p>\n","protected":false},"author":1,"featured_media":0,"comment_status":"open","ping_status":"open","sticky":false,"template":"","format":"standard","meta":{"footnotes":""},"categories":[94],"tags":[284,7446,6132,3825,749],"class_list":["post-30697","post","type-post","status-publish","format-standard","hentry","category-entrevistas","tag-antonio-pedro-tejera-reyes","tag-gobernador-del-distrito-2201-manuel-florian-de-tomas","tag-portal-de-noticias-turistamagazine","tag-rotary-internacional","tag-turistamagazine"],"_links":{"self":[{"href":"https:\/\/www.turistamagazine.com\/v2\/index.php?rest_route=\/wp\/v2\/posts\/30697","targetHints":{"allow":["GET"]}}],"collection":[{"href":"https:\/\/www.turistamagazine.com\/v2\/index.php?rest_route=\/wp\/v2\/posts"}],"about":[{"href":"https:\/\/www.turistamagazine.com\/v2\/index.php?rest_route=\/wp\/v2\/types\/post"}],"author":[{"embeddable":true,"href":"https:\/\/www.turistamagazine.com\/v2\/index.php?rest_route=\/wp\/v2\/users\/1"}],"replies":[{"embeddable":true,"href":"https:\/\/www.turistamagazine.com\/v2\/index.php?rest_route=%2Fwp%2Fv2%2Fcomments&post=30697"}],"version-history":[{"count":3,"href":"https:\/\/www.turistamagazine.com\/v2\/index.php?rest_route=\/wp\/v2\/posts\/30697\/revisions"}],"predecessor-version":[{"id":30704,"href":"https:\/\/www.turistamagazine.com\/v2\/index.php?rest_route=\/wp\/v2\/posts\/30697\/revisions\/30704"}],"wp:attachment":[{"href":"https:\/\/www.turistamagazine.com\/v2\/index.php?rest_route=%2Fwp%2Fv2%2Fmedia&parent=30697"}],"wp:term":[{"taxonomy":"category","embeddable":true,"href":"https:\/\/www.turistamagazine.com\/v2\/index.php?rest_route=%2Fwp%2Fv2%2Fcategories&post=30697"},{"taxonomy":"post_tag","embeddable":true,"href":"https:\/\/www.turistamagazine.com\/v2\/index.php?rest_route=%2Fwp%2Fv2%2Ftags&post=30697"}],"curies":[{"name":"wp","href":"https:\/\/api.w.org\/{rel}","templated":true}]}}