{"id":30655,"date":"2017-08-01T09:31:25","date_gmt":"2017-08-01T14:31:25","guid":{"rendered":"http:\/\/www.turistamagazine.com\/v2\/?p=30655"},"modified":"2017-08-01T09:31:25","modified_gmt":"2017-08-01T14:31:25","slug":"en-agosto-llega-remesa-de-libros-para-biblioteca-mario-vargas-llosa-en-arequipa","status":"publish","type":"post","link":"https:\/\/www.turistamagazine.com\/v2\/?p=30655","title":{"rendered":"EN AGOSTO LLEGA REMESA DE LIBROS PARA BIBLIOTECA MARIO VARGAS LLOSA EN \u00a0AREQUIPA\u00a0"},"content":{"rendered":"<p style=\"text-align: justify;\">1\/08\/2017\/ Arequipa.- La \u00faltima remesa de libros y objetos provenientes de la biblioteca personal de Lima del Premio Nobel de Literatura 2010 Mario Vargas Llosa, llegar\u00e1n en las pr\u00f3ximas semanas a la ciudad de Arequipa para ser exhibidos en la sede cultural que lleva su nombre. Se estima que ser\u00e1n unos 5,000 ejemplares, entre libros y revistas, los que llegar\u00e1n en agosto; as\u00ed como medallas, diplomas y otros reconocimientos que recibi\u00f3 Mario Vargas Llosa, en el \u00e1mbito nacional y extranjero.<\/p>\n<p style=\"text-align: justify;\">\u00a0El director de la biblioteca personal del escritor arequipe\u00f1o, Rommel Arce Espinoza, afirm\u00f3 que con los libros y objetos que llegar\u00e1n en unas semanas, concluyen los env\u00edos provenientes de la biblioteca de Lima, lo que dar\u00e1 paso a la llegada de sus ejemplares de Europa en marzo del 2018. Seg\u00fan comunicaci\u00f3n proveniente del personal encargado de la biblioteca del Nobel de Literatura, en esta remesa llegar\u00e1n ejemplares de bibliograf\u00edas por Mario Vargas Llosa y sobre el escritor, ensayos de arte, geograf\u00eda universal, atlas y mapas, revistas y la enciclopedia completa brit\u00e1nica. Entre los objetos que llegar\u00e1n a Arequipa figuran cuadros y fotograf\u00edas de Nobel de Literatura, posters de sus obras, afiches de obras de teatro, grabados, su colecci\u00f3n de hipop\u00f3tamos, algunas togas y birretes de sus Doctorados Honoris Causa, y otros regalos.<\/p>\n<p style=\"text-align: justify;\">Rommel Arce indic\u00f3 tambi\u00e9n que se ha previsto exhibir los objetos que en breve llegar\u00e1n a Arequipa, para ello se acondicionar\u00e1 una sala especial para que el p\u00fablico que visite la Biblioteca Personal de Mario Vargas Llosa pueda apreciarlos, coment\u00f3. Al tiempo de se\u00f1alar que con el arribo de los casi 5,000 ejemplares que llegar\u00e1n a Arequipa, sumar\u00e1n 20,000 el n\u00famero de ejemplares provenientes de la biblioteca personal de Lima del escritor de La ciudad y los perros.<\/p>\n<p style=\"text-align: justify;\">En los \u00faltimos cuatro a\u00f1os llegaron a Arequipa 15,000 ejemplares, entre libros y revistas, que pueden ser consultados por el p\u00fablico en la biblioteca personal del escritor, que se ubica en la tercera cuadra de la calle San Francisco.<\/p>\n<p style=\"text-align: justify;\">Arce dijo tambi\u00e9n que paralelamente a las coordinaciones que realiza para recibir la remesa de libros y objetos provenientes de Lima, hace lo propio para recibir los ejemplares que provendr\u00e1n de la biblioteca personal de Mario Vargas Llosa en Madrid. <span style=\"color: #000080;\"><em><strong>\u201cSe tiene previsto que en marzo del 2018 se realice la entrega de libros provenientes de la biblioteca de Mario Vargas Llosa en Madrid, ya estamos trabajando para que los primeros 3,000 ejemplares lleguen primero a Lima y luego sean trasladados a Arequipa\u201d<\/strong><\/em><\/span>, manifest\u00f3 Rommel Arce.<\/p>\n<p style=\"text-align: justify;\"><strong>Comparte informaci\u00f3n, comparte valores<\/strong><\/p>\n<p><strong>F\/ Andina<\/strong><\/p>\n","protected":false},"excerpt":{"rendered":"<p>1\/08\/2017\/ Arequipa.- La \u00faltima remesa de libros y objetos provenientes de la biblioteca personal de Lima del Premio Nobel de Literatura 2010 Mario Vargas Llosa, llegar\u00e1n en las pr\u00f3ximas semanas a la ciudad de Arequipa para ser exhibidos en la sede cultural que lleva su nombre. Se estima que ser\u00e1n unos 5,000 ejemplares, entre libros y revistas, los que llegar\u00e1n en agosto; as\u00ed como medallas, diplomas y otros reconocimientos que recibi\u00f3 Mario Vargas Llosa, en el \u00e1mbito nacional y extranjero. \u00a0El director de la biblioteca personal del escritor arequipe\u00f1o, Rommel Arce Espinoza, afirm\u00f3 que con los libros y objetos que&#8230;<\/p>\n","protected":false},"author":1,"featured_media":0,"comment_status":"open","ping_status":"open","sticky":false,"template":"","format":"standard","meta":{"footnotes":""},"categories":[4,82],"tags":[268,99,1033,6132,330,749],"class_list":["post-30655","post","type-post","status-publish","format-standard","hentry","category-breaking-news","category-nacionales","tag-arequipa","tag-elenita-villar","tag-mario-vargas-llosa","tag-portal-de-noticias-turistamagazine","tag-turismo-en-el-peru","tag-turistamagazine"],"_links":{"self":[{"href":"https:\/\/www.turistamagazine.com\/v2\/index.php?rest_route=\/wp\/v2\/posts\/30655","targetHints":{"allow":["GET"]}}],"collection":[{"href":"https:\/\/www.turistamagazine.com\/v2\/index.php?rest_route=\/wp\/v2\/posts"}],"about":[{"href":"https:\/\/www.turistamagazine.com\/v2\/index.php?rest_route=\/wp\/v2\/types\/post"}],"author":[{"embeddable":true,"href":"https:\/\/www.turistamagazine.com\/v2\/index.php?rest_route=\/wp\/v2\/users\/1"}],"replies":[{"embeddable":true,"href":"https:\/\/www.turistamagazine.com\/v2\/index.php?rest_route=%2Fwp%2Fv2%2Fcomments&post=30655"}],"version-history":[{"count":1,"href":"https:\/\/www.turistamagazine.com\/v2\/index.php?rest_route=\/wp\/v2\/posts\/30655\/revisions"}],"predecessor-version":[{"id":30657,"href":"https:\/\/www.turistamagazine.com\/v2\/index.php?rest_route=\/wp\/v2\/posts\/30655\/revisions\/30657"}],"wp:attachment":[{"href":"https:\/\/www.turistamagazine.com\/v2\/index.php?rest_route=%2Fwp%2Fv2%2Fmedia&parent=30655"}],"wp:term":[{"taxonomy":"category","embeddable":true,"href":"https:\/\/www.turistamagazine.com\/v2\/index.php?rest_route=%2Fwp%2Fv2%2Fcategories&post=30655"},{"taxonomy":"post_tag","embeddable":true,"href":"https:\/\/www.turistamagazine.com\/v2\/index.php?rest_route=%2Fwp%2Fv2%2Ftags&post=30655"}],"curies":[{"name":"wp","href":"https:\/\/api.w.org\/{rel}","templated":true}]}}