{"id":30646,"date":"2017-08-01T07:56:29","date_gmt":"2017-08-01T12:56:29","guid":{"rendered":"http:\/\/www.turistamagazine.com\/v2\/?p=30646"},"modified":"2017-08-01T07:56:29","modified_gmt":"2017-08-01T12:56:29","slug":"abogado-de-leopoldo-lopez-no-hay-justificacion-legal-para-revocar-casa-por-carcel","status":"publish","type":"post","link":"https:\/\/www.turistamagazine.com\/v2\/?p=30646","title":{"rendered":"ABOGADO DE LEOPOLDO \u00a0L\u00d3PEZ: NO HAY JUSTIFICACI\u00d3N LEGAL PARA REVOCAR CASA POR C\u00c1RCEL"},"content":{"rendered":"<p style=\"text-align: justify;\">\u00a01\/08\/2017\/ Venezuela.- Juan Carlos Guti\u00e9rrez, abogado defensor de Leopoldo L\u00f3pez, denunci\u00f3 la ilegalidad de la detenci\u00f3n del dirigente opositor este martes en la madrugada, por funcionarios del Sebin.<\/p>\n<p style=\"text-align: justify;\">\u2018\u2019No existe justificaci\u00f3n legal para revocar la medida de arresto domiciliario a Leopoldo L\u00f3pez. Procedimiento arbitrario\u2019\u2019, escribi\u00f3 en Twitter.<\/p>\n<p style=\"text-align: justify;\">Agreg\u00f3 que durante el procedimiento policial contra L\u00f3pez, nunca se exhibi\u00f3 orden judicial de revocatoria de medida.<\/p>\n<p style=\"text-align: justify;\">En su cuenta en la red social, indic\u00f3 que acudieron a la c\u00e1rcel militar de Ramo Verde, en donde presuntamente fue nuevamente recluido el coordinador nacional de Voluntad Popular: \u2018\u2019Estamos en la c\u00e1rcel militar de Ramo Verde, extraoficial Leopoldo L\u00f3pez est\u00e1 aqu\u00ed. Insistimos en acceder a verle\u201d.<\/p>\n<p>Por\u00a0EL NACIONAL WEB<\/p>\n<p>&nbsp;<\/p>\n","protected":false},"excerpt":{"rendered":"<p>\u00a01\/08\/2017\/ Venezuela.- Juan Carlos Guti\u00e9rrez, abogado defensor de Leopoldo L\u00f3pez, denunci\u00f3 la ilegalidad de la detenci\u00f3n del dirigente opositor este martes en la madrugada, por funcionarios del Sebin. \u2018\u2019No existe justificaci\u00f3n legal para revocar la medida de arresto domiciliario a Leopoldo L\u00f3pez. Procedimiento arbitrario\u2019\u2019, escribi\u00f3 en Twitter. Agreg\u00f3 que durante el procedimiento policial contra L\u00f3pez, nunca se exhibi\u00f3 orden judicial de revocatoria de medida. En su cuenta en la red social, indic\u00f3 que acudieron a la c\u00e1rcel militar de Ramo Verde, en donde presuntamente fue nuevamente recluido el coordinador nacional de Voluntad Popular: \u2018\u2019Estamos en la c\u00e1rcel militar de Ramo&#8230;<\/p>\n","protected":false},"author":1,"featured_media":30648,"comment_status":"open","ping_status":"open","sticky":false,"template":"","format":"standard","meta":{"footnotes":""},"categories":[4,84],"tags":[99,1027,625,231,340,6132,151,7499],"class_list":["post-30646","post","type-post","status-publish","format-standard","has-post-thumbnail","hentry","category-breaking-news","category-internacionales","tag-elenita-villar","tag-latinoamerica","tag-leopoldo-lopez","tag-nicolas-maduro","tag-peru","tag-portal-de-noticias-turistamagazine","tag-venezuela","tag-venezuela-pide-sos"],"_links":{"self":[{"href":"https:\/\/www.turistamagazine.com\/v2\/index.php?rest_route=\/wp\/v2\/posts\/30646","targetHints":{"allow":["GET"]}}],"collection":[{"href":"https:\/\/www.turistamagazine.com\/v2\/index.php?rest_route=\/wp\/v2\/posts"}],"about":[{"href":"https:\/\/www.turistamagazine.com\/v2\/index.php?rest_route=\/wp\/v2\/types\/post"}],"author":[{"embeddable":true,"href":"https:\/\/www.turistamagazine.com\/v2\/index.php?rest_route=\/wp\/v2\/users\/1"}],"replies":[{"embeddable":true,"href":"https:\/\/www.turistamagazine.com\/v2\/index.php?rest_route=%2Fwp%2Fv2%2Fcomments&post=30646"}],"version-history":[{"count":1,"href":"https:\/\/www.turistamagazine.com\/v2\/index.php?rest_route=\/wp\/v2\/posts\/30646\/revisions"}],"predecessor-version":[{"id":30649,"href":"https:\/\/www.turistamagazine.com\/v2\/index.php?rest_route=\/wp\/v2\/posts\/30646\/revisions\/30649"}],"wp:featuredmedia":[{"embeddable":true,"href":"https:\/\/www.turistamagazine.com\/v2\/index.php?rest_route=\/wp\/v2\/media\/30648"}],"wp:attachment":[{"href":"https:\/\/www.turistamagazine.com\/v2\/index.php?rest_route=%2Fwp%2Fv2%2Fmedia&parent=30646"}],"wp:term":[{"taxonomy":"category","embeddable":true,"href":"https:\/\/www.turistamagazine.com\/v2\/index.php?rest_route=%2Fwp%2Fv2%2Fcategories&post=30646"},{"taxonomy":"post_tag","embeddable":true,"href":"https:\/\/www.turistamagazine.com\/v2\/index.php?rest_route=%2Fwp%2Fv2%2Ftags&post=30646"}],"curies":[{"name":"wp","href":"https:\/\/api.w.org\/{rel}","templated":true}]}}