{"id":30629,"date":"2017-07-31T12:00:10","date_gmt":"2017-07-31T17:00:10","guid":{"rendered":"http:\/\/www.turistamagazine.com\/v2\/?p=30629"},"modified":"2017-07-31T12:00:10","modified_gmt":"2017-07-31T17:00:10","slug":"nino-costero-promperu-recibira-s-53-5-millones-para-reactivar-turismo-en-destinos-afectados","status":"publish","type":"post","link":"https:\/\/www.turistamagazine.com\/v2\/?p=30629","title":{"rendered":"NI\u00d1O COSTERO: PROMPER\u00da RECIBIR\u00c1 S\/ 53.5 MILLONES PARA REACTIVAR TURISMO EN DESTINOS AFECTADOS"},"content":{"rendered":"<p style=\"text-align: justify;\">31\/ 07\/ 2017\/ Lima.- A fin de fortalecer la promoci\u00f3n en los mercados estrat\u00e9gicos de los destinos tur\u00edsticos del pa\u00eds y a reactivar el flujo de viajes a destinos tur\u00edsticos afectados por el Fen\u00f3meno el Ni\u00f1o Costero, el Gobierno autoriz\u00f3 hoy, a trav\u00e9s de una Decreto Supremo, un cr\u00e9dito suplementario de S\/ 53.5 millones a favor de Promper\u00fa.<\/p>\n<p style=\"text-align: justify;\">La norma se\u00f1ala adem\u00e1s que los recursos servir\u00e1n para publicidad en medios tradicionales y digitales en campa\u00f1as de promoci\u00f3n en el exterior y en el interior del pa\u00eds. Asimismo, deber\u00e1n realizarse alianzas estrat\u00e9gicas y t\u00e1cticas, ferias tur\u00edsticas, viajes de prensa y familiarizaci\u00f3n, entre otras actividades.<\/p>\n<p style=\"text-align: justify;\">Seg\u00fan detalla el Decreto Supremo, <span style=\"color: #000080;\"><em><strong>\u201cLos recursos del Cr\u00e9dito Suplementario no podr\u00e1n ser destinados, bajo responsabilidad, a fines distintos para los cuales son incorporados\u201d.<\/strong><\/em><\/span><\/p>\n","protected":false},"excerpt":{"rendered":"<p>31\/ 07\/ 2017\/ Lima.- A fin de fortalecer la promoci\u00f3n en los mercados estrat\u00e9gicos de los destinos tur\u00edsticos del pa\u00eds y a reactivar el flujo de viajes a destinos tur\u00edsticos afectados por el Fen\u00f3meno el Ni\u00f1o Costero, el Gobierno autoriz\u00f3 hoy, a trav\u00e9s de una Decreto Supremo, un cr\u00e9dito suplementario de S\/ 53.5 millones a favor de Promper\u00fa. La norma se\u00f1ala adem\u00e1s que los recursos servir\u00e1n para publicidad en medios tradicionales y digitales en campa\u00f1as de promoci\u00f3n en el exterior y en el interior del pa\u00eds. Asimismo, deber\u00e1n realizarse alianzas estrat\u00e9gicas y t\u00e1cticas, ferias tur\u00edsticas, viajes de prensa y familiarizaci\u00f3n,&#8230;<\/p>\n","protected":false},"author":1,"featured_media":0,"comment_status":"open","ping_status":"open","sticky":false,"template":"","format":"standard","meta":{"footnotes":""},"categories":[4,82],"tags":[2552,7167,6132,349,330],"class_list":["post-30629","post","type-post","status-publish","format-standard","hentry","category-breaking-news","category-nacionales","tag-destinos-turisticos-peruanos","tag-nino-costero-en-el-peru","tag-portal-de-noticias-turistamagazine","tag-promperu","tag-turismo-en-el-peru"],"_links":{"self":[{"href":"https:\/\/www.turistamagazine.com\/v2\/index.php?rest_route=\/wp\/v2\/posts\/30629","targetHints":{"allow":["GET"]}}],"collection":[{"href":"https:\/\/www.turistamagazine.com\/v2\/index.php?rest_route=\/wp\/v2\/posts"}],"about":[{"href":"https:\/\/www.turistamagazine.com\/v2\/index.php?rest_route=\/wp\/v2\/types\/post"}],"author":[{"embeddable":true,"href":"https:\/\/www.turistamagazine.com\/v2\/index.php?rest_route=\/wp\/v2\/users\/1"}],"replies":[{"embeddable":true,"href":"https:\/\/www.turistamagazine.com\/v2\/index.php?rest_route=%2Fwp%2Fv2%2Fcomments&post=30629"}],"version-history":[{"count":1,"href":"https:\/\/www.turistamagazine.com\/v2\/index.php?rest_route=\/wp\/v2\/posts\/30629\/revisions"}],"predecessor-version":[{"id":30630,"href":"https:\/\/www.turistamagazine.com\/v2\/index.php?rest_route=\/wp\/v2\/posts\/30629\/revisions\/30630"}],"wp:attachment":[{"href":"https:\/\/www.turistamagazine.com\/v2\/index.php?rest_route=%2Fwp%2Fv2%2Fmedia&parent=30629"}],"wp:term":[{"taxonomy":"category","embeddable":true,"href":"https:\/\/www.turistamagazine.com\/v2\/index.php?rest_route=%2Fwp%2Fv2%2Fcategories&post=30629"},{"taxonomy":"post_tag","embeddable":true,"href":"https:\/\/www.turistamagazine.com\/v2\/index.php?rest_route=%2Fwp%2Fv2%2Ftags&post=30629"}],"curies":[{"name":"wp","href":"https:\/\/api.w.org\/{rel}","templated":true}]}}