{"id":30531,"date":"2017-07-25T20:25:09","date_gmt":"2017-07-26T01:25:09","guid":{"rendered":"http:\/\/www.turistamagazine.com\/v2\/?p=30531"},"modified":"2017-07-27T11:54:43","modified_gmt":"2017-07-27T16:54:43","slug":"advocaciones-marianas-en-nazaret","status":"publish","type":"post","link":"https:\/\/www.turistamagazine.com\/v2\/?p=30531","title":{"rendered":"ADVOCACIONES MARIANAS EN NAZARET"},"content":{"rendered":"<p><span style=\"color: #000080;\"><strong><em>Esta vez nuestra gentil colaboradora\u00a0 nos gu\u00eda\u00a0 en su viaje a Tierra Santa en Nazaret con su estilo fino y nos cuenta sobre las advocaciones Marianas. \u00a0L\u00e9anlo y disfruten tanto como nosotros en este viaje m\u00edstico y maravilloso.<\/em><\/strong><\/span><\/p>\n<p>Por. Josefina Hayd\u00e9e Arg\u00fcello*<\/p>\n<p style=\"text-align: justify;\">En Nazaret, Israel la Bas\u00edlica de la Anunciaci\u00f3n nos recuerda al \u00c1ngel Gabriel anunci\u00e1ndole a la Virgen Mar\u00eda que iba a ser la Madre de Dios y la aceptaci\u00f3n de Ella cuando dijo: <span style=\"color: #000080;\"><strong><em>\u201cHe aqu\u00ed la esclava del se\u00f1or. H\u00e1gase en mi seg\u00fan tu palabra\u201d. \u00a0<\/em><\/strong><\/span><\/p>\n<p style=\"text-align: justify;\">Aqu\u00ed apreciamos las piedras primitivas de los primeros cristianos. La Iglesia Bizantina y la de los Cruzados, que se amalgamaron con los Franciscanos de hoy, para formar la actual Bas\u00edlica.<\/p>\n<p style=\"text-align: justify;\">Es obra del arquitecto Giovanni Muzio. Fue inaugurada en 1969 y consagrada por Pablo VI. La planta est\u00e1 sobre sobre la vieja Iglesia de los Cruzados, pudi\u00e9ndose a\u00fan apreciar en el interior sus restos. Construida de hierro y hormig\u00f3n, piedras blancas y ros\u00e1ceas. La c\u00fapula reproduce el c\u00e1liz de un lirio invertido de blancos p\u00e9talos cuya corola proyecta la luz cenital a la gruta por medio de un oculus.<\/p>\n<div id=\"attachment_30532\" style=\"width: 510px\" class=\"wp-caption aligncenter\"><img decoding=\"async\" aria-describedby=\"caption-attachment-30532\" class=\"wp-image-30532\" src=\"https:\/\/www.turistamagazine.com\/v2\/wp-content\/uploads\/2017\/07\/Naza.jpg\" alt=\"\" width=\"500\" height=\"375\" srcset=\"https:\/\/www.turistamagazine.com\/v2\/wp-content\/uploads\/2017\/07\/Naza.jpg 800w, https:\/\/www.turistamagazine.com\/v2\/wp-content\/uploads\/2017\/07\/Naza-300x225.jpg 300w, https:\/\/www.turistamagazine.com\/v2\/wp-content\/uploads\/2017\/07\/Naza-768x576.jpg 768w, https:\/\/www.turistamagazine.com\/v2\/wp-content\/uploads\/2017\/07\/Naza-560x420.jpg 560w\" sizes=\"(max-width: 500px) 100vw, 500px\" \/><p id=\"caption-attachment-30532\" class=\"wp-caption-text\"><em><span style=\"color: #000080;\">Foto\/ Josefina de Arguello\/ Turistamagazine<\/span><\/em><\/p><\/div>\n<p style=\"text-align: justify;\"><span style=\"color: #000080;\"><strong><em>\u201cHab\u00eda all\u00ed azucenas blancas de anunciaci\u00f3n y otras semejantes a estilizados lirios her\u00e1ldicos;\u201d. (Dar<\/em><\/strong><strong><em>\u00ed<\/em><\/strong><strong><em>o).<\/em><\/strong><\/span><\/p>\n<p style=\"text-align: justify;\">El interior de la Bas\u00edlica es de estilo neo-bizantino, decorado con mosaicos, vidrieras y pinturas; todo pareciera evocar a Mar\u00eda como en un canto arm\u00f3nico, d\u00e1ndole Gracias por haber aceptado el plan de Dios. El retablo central de Salvatore Fiume representa a la Iglesia, destac\u00e1ndose las figuras de Cristo, Pedro con las llaves y a Mar\u00eda en el centro rodeada de las Iglesias Carism\u00e1ticas y Jer\u00e1rquicas y el retrato de los Papas. Se aprecian la capilla del Sant\u00edsimo obsequio de Espa\u00f1a, las pinturas de Rafael \u00dabeda representando el triunfo de la Eucarist\u00eda sobre el mal, el abrazo de Pablo VI y Aten\u00e1goras recordando el reencuentro de la Iglesia de Oriente y Occidente y los Santos devotos de la Eucarist\u00eda.<\/p>\n<div id=\"attachment_30537\" style=\"width: 510px\" class=\"wp-caption aligncenter\"><img decoding=\"async\" aria-describedby=\"caption-attachment-30537\" class=\"wp-image-30537 size-full\" src=\"https:\/\/www.turistamagazine.com\/v2\/wp-content\/uploads\/2017\/07\/Basilica-de-la-Anunciacion-fachada-500x323.jpg\" alt=\"\" width=\"500\" height=\"323\" srcset=\"https:\/\/www.turistamagazine.com\/v2\/wp-content\/uploads\/2017\/07\/Basilica-de-la-Anunciacion-fachada-500x323.jpg 500w, https:\/\/www.turistamagazine.com\/v2\/wp-content\/uploads\/2017\/07\/Basilica-de-la-Anunciacion-fachada-500x323-300x194.jpg 300w\" sizes=\"(max-width: 500px) 100vw, 500px\" \/><p id=\"caption-attachment-30537\" class=\"wp-caption-text\"><em><span style=\"color: #000080;\">Foto\/Foros de la Virgen Mar\u00eda<\/span><\/em><\/p><\/div>\n<p style=\"text-align: justify;\">La fachada sur est\u00e1 dedicado al misterio de Mar\u00eda donde se destaca su imagen de bronce representando el momento de la Anunciaci\u00f3n. <span style=\"color: #000080;\"><strong><em>Est<\/em><\/strong><strong><em>\u00e1<\/em><\/strong><strong><em> jovenc\u00edsima y en su entorno la Salve. Imagen en movimiento y elevaci\u00f3n, con vestimentas de colores suaves: pasteles y azulados, mezclados con la dulzura de su expresi\u00f3n: <\/em><\/strong><strong><em>\u2014pelo casta\u00f1o, <\/em><\/strong><strong><em>ojos claros color de miel, mirada llena toda de amor y ternura<\/em><\/strong><strong><em>\u2014<\/em><\/strong><strong><em>. <\/em><\/strong><\/span><\/p>\n<p style=\"text-align: justify;\">La Bas\u00edlica inferior es mucho m\u00e1s sobria para que la decoraci\u00f3n no distraiga. All\u00ed El Verbo luz baj\u00f3 y se encarn\u00f3 a trav\u00e9s de la abertura que une ambas Iglesias. <span style=\"color: #000080;\"><strong><em>Est\u00e1 la Gruta de la Anunciaci\u00f3n, capilla rupestre donde Mar\u00eda habit<\/em><\/strong><strong><em>\u00f3<\/em><\/strong><strong><em> con sus padres, Santa Ana y San Joaqu\u00edn.<\/em><\/strong><\/span><\/p>\n<div id=\"attachment_30538\" style=\"width: 510px\" class=\"wp-caption aligncenter\"><img decoding=\"async\" aria-describedby=\"caption-attachment-30538\" class=\"wp-image-30538\" src=\"https:\/\/www.turistamagazine.com\/v2\/wp-content\/uploads\/2017\/07\/Virgen-2.jpg\" alt=\"\" width=\"500\" height=\"375\" \/><p id=\"caption-attachment-30538\" class=\"wp-caption-text\"><span style=\"color: #000080;\"><em>Llama la atenci\u00f3n la inmensa colecci\u00f3n donde prevalecen la Virgen de Guadalupe de M\u00e9xico, las de Espa\u00f1a con la Virgen del Pilar y la Madre de los Desamparados \/ Foto\/ Josefina de Arguello\/ Turistamagazine<\/em><\/span><\/p><\/div>\n<p style=\"text-align: justify;\">El claustro es de estilo moderno con galer\u00edas cubiertas, en cuyos muros circundantes puede verse una colecci\u00f3n de murales de las advocaciones de la Virgen Mar\u00eda en las diferentes regiones del mundo<strong><em>. <\/em><\/strong>Llama la atenci\u00f3n la inmensa colecci\u00f3n donde prevalecen la Virgen de Guadalupe de M\u00e9xico, las de Espa\u00f1a con la Virgen del Pilar y la Madre de los Desamparados, la del Jap\u00f3n que viste quimono, los ojos rasgados y el manto hecho de perlas aut\u00e9nticas, la de Lourdes de Francia, la de Canad\u00e1 en relieve sobre piedra, la de Australia de tonos dorados con la Virgen en sumisi\u00f3n,<strong><em><span style=\"color: #000080;\"> <u>la Virgen de la Puerta del Per\u00fa<\/u><\/span>, <span style=\"color: #000080;\">de colores rojos y dorados<\/span>, <\/em><\/strong>la de China con el ni\u00f1o en sus brazos sosteniendo el mundo, la inmaculada concepci\u00f3n de Estados Unidos y la Virgen del Carmen de Chile, entre otras.<\/p>\n<p><img decoding=\"async\" class=\"aligncenter wp-image-30539\" src=\"https:\/\/www.turistamagazine.com\/v2\/wp-content\/uploads\/2017\/07\/Virgen-China.jpg\" alt=\"\" width=\"350\" height=\"467\" \/><\/p>\n<p style=\"text-align: justify;\"><span style=\"color: #000080;\"><strong><em>\u201cSi peque\u00f1a es la Patria, uno grande la sue<\/em><\/strong><strong><em>\u00f1<\/em><\/strong><\/span><strong><em><span style=\"color: #000080;\">a\u201d<\/span>, <\/em><\/strong>dijo nuestro poeta Dar\u00edo en su poema Retorno. Llama la atenci\u00f3n la falta de las advocaciones marianas ocurridas en Nicaragua. <span style=\"color: #000080;\"><strong><em>Tan venerada es Mar\u00eda en nuestra tierra de lagos y volcanes, donde celebramos con verdadera fe, devoci\u00f3n y alegr\u00eda las Pur\u00edsimas. \u00a0<\/em><\/strong><\/span><\/p>\n<div id=\"attachment_30540\" style=\"width: 410px\" class=\"wp-caption aligncenter\"><img decoding=\"async\" aria-describedby=\"caption-attachment-30540\" class=\"wp-image-30540\" src=\"https:\/\/www.turistamagazine.com\/v2\/wp-content\/uploads\/2017\/07\/VIRGEN-NIC.png\" alt=\"\" width=\"400\" height=\"300\" \/><p id=\"caption-attachment-30540\" class=\"wp-caption-text\"><em><span style=\"color: #000080;\">Virgen de Cuapa\/www.cen-nicaragua.org<\/span><\/em><\/p><\/div>\n<p style=\"text-align: justify;\">Ojal\u00e1 que el Ministerio de Cultura Nicarag\u00fcense, se encargue de enviar un mosaico, o un lienzo de alg\u00fan artista nicarag\u00fcense que los hay muchos, para que se muestre nuestra <span style=\"color: #000080;\"><strong><em>\u00a0o Nuestra Se\u00f1ora de las Victorias aparecidas a Bernardo, tanto en Cuapa como en El Crucero.<\/em><\/strong><\/span> Advocaciones apoyadas por la Iglesia cat\u00f3lica y eclesi\u00e1sticamente por los obispos Bosco Vivas Robelo, Pablo Antonio Vega y el padre mari\u00f3logo, franc\u00e9s Ren\u00e9 Laurent\u00edn.<\/p>\n<p>&nbsp;<\/p>\n<p style=\"text-align: justify;\"><span style=\"color: #000080;\"><strong><em>\u201cY mis esperanzas, me dicen que no hay patria peque<\/em><\/strong><strong><em>\u00f1<\/em><\/strong><strong><em>a\u201d.<\/em><\/strong> (Dar\u00edo).<\/span><\/p>\n<p style=\"text-align: justify;\">La Anunciaci\u00f3n es un acontecimiento humilde, pero decisivo para la historia de la humanidad. <em><strong><span style=\"color: #000080;\">Cuando Mar\u00eda pronunci\u00f3 su \u201cs\u00ed\u201d Jes\u00fas fue concebido y Cristo entr\u00f3 en el mundo.<\/span><\/strong><\/em><\/p>\n<p style=\"text-align: justify;\">*M\u00e1ster en Literatura Espa\u00f1ola<\/p>\n","protected":false},"excerpt":{"rendered":"<p>Esta vez nuestra gentil colaboradora\u00a0 nos gu\u00eda\u00a0 en su viaje a Tierra Santa en Nazaret con su estilo fino y nos cuenta sobre las advocaciones Marianas. \u00a0L\u00e9anlo y disfruten tanto como nosotros en este viaje m\u00edstico y maravilloso. Por. Josefina Hayd\u00e9e Arg\u00fcello* En Nazaret, Israel la Bas\u00edlica de la Anunciaci\u00f3n nos recuerda al \u00c1ngel Gabriel anunci\u00e1ndole a la Virgen Mar\u00eda que iba a ser la Madre de Dios y la aceptaci\u00f3n de Ella cuando dijo: \u201cHe aqu\u00ed la esclava del se\u00f1or. H\u00e1gase en mi seg\u00fan tu palabra\u201d. \u00a0 Aqu\u00ed apreciamos las piedras primitivas de los primeros cristianos. La Iglesia Bizantina&#8230;<\/p>\n","protected":false},"author":1,"featured_media":0,"comment_status":"open","ping_status":"open","sticky":false,"template":"","format":"standard","meta":{"footnotes":""},"categories":[85],"tags":[99,7094,6132,7476,330,749],"class_list":["post-30531","post","type-post","status-publish","format-standard","hentry","category-colum-invitados","tag-elenita-villar","tag-josefina-haydee-arguello","tag-portal-de-noticias-turistamagazine","tag-tierra-santa-nazaret","tag-turismo-en-el-peru","tag-turistamagazine"],"_links":{"self":[{"href":"https:\/\/www.turistamagazine.com\/v2\/index.php?rest_route=\/wp\/v2\/posts\/30531","targetHints":{"allow":["GET"]}}],"collection":[{"href":"https:\/\/www.turistamagazine.com\/v2\/index.php?rest_route=\/wp\/v2\/posts"}],"about":[{"href":"https:\/\/www.turistamagazine.com\/v2\/index.php?rest_route=\/wp\/v2\/types\/post"}],"author":[{"embeddable":true,"href":"https:\/\/www.turistamagazine.com\/v2\/index.php?rest_route=\/wp\/v2\/users\/1"}],"replies":[{"embeddable":true,"href":"https:\/\/www.turistamagazine.com\/v2\/index.php?rest_route=%2Fwp%2Fv2%2Fcomments&post=30531"}],"version-history":[{"count":4,"href":"https:\/\/www.turistamagazine.com\/v2\/index.php?rest_route=\/wp\/v2\/posts\/30531\/revisions"}],"predecessor-version":[{"id":30617,"href":"https:\/\/www.turistamagazine.com\/v2\/index.php?rest_route=\/wp\/v2\/posts\/30531\/revisions\/30617"}],"wp:attachment":[{"href":"https:\/\/www.turistamagazine.com\/v2\/index.php?rest_route=%2Fwp%2Fv2%2Fmedia&parent=30531"}],"wp:term":[{"taxonomy":"category","embeddable":true,"href":"https:\/\/www.turistamagazine.com\/v2\/index.php?rest_route=%2Fwp%2Fv2%2Fcategories&post=30531"},{"taxonomy":"post_tag","embeddable":true,"href":"https:\/\/www.turistamagazine.com\/v2\/index.php?rest_route=%2Fwp%2Fv2%2Ftags&post=30531"}],"curies":[{"name":"wp","href":"https:\/\/api.w.org\/{rel}","templated":true}]}}