{"id":30450,"date":"2017-07-20T14:30:32","date_gmt":"2017-07-20T19:30:32","guid":{"rendered":"http:\/\/www.turistamagazine.com\/v2\/?p=30450"},"modified":"2017-07-20T14:30:32","modified_gmt":"2017-07-20T19:30:32","slug":"gobierno-del-peru-concede-beneplacito-a-nuevo-embajador-de-francia","status":"publish","type":"post","link":"https:\/\/www.turistamagazine.com\/v2\/?p=30450","title":{"rendered":"GOBIERNO DEL PER\u00da CONCEDE BENEPL\u00c1CITO A NUEVO EMBAJADOR DE FRANCIA"},"content":{"rendered":"<p style=\"text-align: justify;\">20\/072017\/Lima.- El Gobierno del Per\u00fa concedi\u00f3 esta ma\u00f1ana su benepl\u00e1cito al nuevo embajador nombrado por Francia, Antoine Grassin, inform\u00f3 el Ministerio de Relaciones Exteriores.<\/p>\n<p style=\"text-align: justify;\">La Embajada de Francia solicit\u00f3 dicho benepl\u00e1cito mediante Nota Diplom\u00e1tica, de fecha 18 de julio, entregada anoche a la Canciller\u00eda peruana. El Embajador Grassin, diplom\u00e1tico de carrera, ha estado encargado, desde agosto de 2016, del \u00e1rea de Desarrollo y Cooperaci\u00f3n en la direcci\u00f3n de Am\u00e9rica y el Caribe de la Canciller\u00eda francesa.<\/p>\n<p style=\"text-align: justify;\">Previamente fue Embajador de Francia en Bolivia, del a\u00f1o 2008 al 2011, y ha desempe\u00f1ado funciones diplom\u00e1ticas en las misiones de su pa\u00eds en Alemania, Espa\u00f1a y Argentina. El jefe del Gabinete de Ministros, Fernando Zavala, destac\u00f3 el buen nivel de de las relaciones con Francia, y expres\u00f3 su confianza en que siga mejorando en el futuro.<\/p>\n<p style=\"text-align: justify;\">F\/ Agencia Peruana de noticias Andina<\/p>\n","protected":false},"excerpt":{"rendered":"<p>20\/072017\/Lima.- El Gobierno del Per\u00fa concedi\u00f3 esta ma\u00f1ana su benepl\u00e1cito al nuevo embajador nombrado por Francia, Antoine Grassin, inform\u00f3 el Ministerio de Relaciones Exteriores. La Embajada de Francia solicit\u00f3 dicho benepl\u00e1cito mediante Nota Diplom\u00e1tica, de fecha 18 de julio, entregada anoche a la Canciller\u00eda peruana. El Embajador Grassin, diplom\u00e1tico de carrera, ha estado encargado, desde agosto de 2016, del \u00e1rea de Desarrollo y Cooperaci\u00f3n en la direcci\u00f3n de Am\u00e9rica y el Caribe de la Canciller\u00eda francesa. Previamente fue Embajador de Francia en Bolivia, del a\u00f1o 2008 al 2011, y ha desempe\u00f1ado funciones diplom\u00e1ticas en las misiones de su pa\u00eds en&#8230;<\/p>\n","protected":false},"author":1,"featured_media":30451,"comment_status":"open","ping_status":"open","sticky":false,"template":"","format":"standard","meta":{"footnotes":""},"categories":[4,82],"tags":[7457,2207,471,340,6132,749,5078],"class_list":["post-30450","post","type-post","status-publish","format-standard","has-post-thumbnail","hentry","category-breaking-news","category-nacionales","tag-antoine-grassin","tag-embajador-de-francia-en-el-peru","tag-francia","tag-peru","tag-portal-de-noticias-turistamagazine","tag-turistamagazine","tag-ver-todos"],"_links":{"self":[{"href":"https:\/\/www.turistamagazine.com\/v2\/index.php?rest_route=\/wp\/v2\/posts\/30450","targetHints":{"allow":["GET"]}}],"collection":[{"href":"https:\/\/www.turistamagazine.com\/v2\/index.php?rest_route=\/wp\/v2\/posts"}],"about":[{"href":"https:\/\/www.turistamagazine.com\/v2\/index.php?rest_route=\/wp\/v2\/types\/post"}],"author":[{"embeddable":true,"href":"https:\/\/www.turistamagazine.com\/v2\/index.php?rest_route=\/wp\/v2\/users\/1"}],"replies":[{"embeddable":true,"href":"https:\/\/www.turistamagazine.com\/v2\/index.php?rest_route=%2Fwp%2Fv2%2Fcomments&post=30450"}],"version-history":[{"count":1,"href":"https:\/\/www.turistamagazine.com\/v2\/index.php?rest_route=\/wp\/v2\/posts\/30450\/revisions"}],"predecessor-version":[{"id":30452,"href":"https:\/\/www.turistamagazine.com\/v2\/index.php?rest_route=\/wp\/v2\/posts\/30450\/revisions\/30452"}],"wp:featuredmedia":[{"embeddable":true,"href":"https:\/\/www.turistamagazine.com\/v2\/index.php?rest_route=\/wp\/v2\/media\/30451"}],"wp:attachment":[{"href":"https:\/\/www.turistamagazine.com\/v2\/index.php?rest_route=%2Fwp%2Fv2%2Fmedia&parent=30450"}],"wp:term":[{"taxonomy":"category","embeddable":true,"href":"https:\/\/www.turistamagazine.com\/v2\/index.php?rest_route=%2Fwp%2Fv2%2Fcategories&post=30450"},{"taxonomy":"post_tag","embeddable":true,"href":"https:\/\/www.turistamagazine.com\/v2\/index.php?rest_route=%2Fwp%2Fv2%2Ftags&post=30450"}],"curies":[{"name":"wp","href":"https:\/\/api.w.org\/{rel}","templated":true}]}}