{"id":30409,"date":"2017-07-18T08:17:08","date_gmt":"2017-07-18T13:17:08","guid":{"rendered":"http:\/\/www.turistamagazine.com\/v2\/?p=30409"},"modified":"2017-07-18T08:17:08","modified_gmt":"2017-07-18T13:17:08","slug":"real-madrid-abrira-su-establecimiento-de-cafe-en-el-peru","status":"publish","type":"post","link":"https:\/\/www.turistamagazine.com\/v2\/?p=30409","title":{"rendered":"REAL MADRID ABRIR\u00c1 SU ESTABLECIMIENTO DE CAF\u00c9 EN EL PER\u00da"},"content":{"rendered":"<p style=\"text-align: justify;\">18\/07\/2017\/Lima.-La cadena Real Madrid Caf\u00e9 abrir\u00e1 su primer local en Am\u00e9rica del Sur en Per\u00fa antes de julio del pr\u00f3ximo a\u00f1o, y tambi\u00e9n tiene entre sus planes abrir locales en Panam\u00e1, Chile y Colombia, anunci\u00f3 un representante de la marca.<\/p>\n<p style=\"text-align: justify;\">El caf\u00e9 tendr\u00e1 un concepto tem\u00e1tico en el cual, junto al aspecto arom\u00e1tico y gastron\u00f3mico contar\u00e1 con una tienda museo para comercializar productos vinculados con el actual campe\u00f3n de la Liga de Espa\u00f1a y de la Liga de Campeones de Europa, indic\u00f3 Pepe Cobo, representante de la marca para Sudam\u00e9rica, Am\u00e9rica Central y El Caribe, citado el lunes por el diario lime\u00f1o El Comercio.<\/p>\n<p style=\"text-align: justify;\"><strong><em><span style=\"color: #000080;\">\u00abLa expansi\u00f3n del Real Madrid Caf\u00e9 va a permitir que el club est\u00e9 m\u00e1s cerca de sus hinchas\u00bb<\/span>,<\/em><\/strong> agreg\u00f3 Cobo, quien precis\u00f3 que el primer local abrir\u00e1 sus puertas antes de julio de 2018 en Lima con una inversi\u00f3n de 900.000 d\u00f3lares.<\/p>\n<p style=\"text-align: justify;\">Adem\u00e1s de Lima, la franquicia de la marca tiene previsto inaugurar locales en Panam\u00e1 en 2018 y en Santiago y Bogot\u00e1 en 2019, seg\u00fan\u00a0 el representante.<\/p>\n<p style=\"text-align: justify;\"><em><strong><span style=\"color: #000080;\">Antes de fin de a\u00f1o, tambi\u00e9n contar\u00e1 con un local en Miami y en M\u00e9xico. El primer Real Madrid Caf\u00e9 fuera de Espa\u00f1a se abri\u00f3 en Dubai, en 2014.<\/span><\/strong><\/em><\/p>\n","protected":false},"excerpt":{"rendered":"<p>18\/07\/2017\/Lima.-La cadena Real Madrid Caf\u00e9 abrir\u00e1 su primer local en Am\u00e9rica del Sur en Per\u00fa antes de julio del pr\u00f3ximo a\u00f1o, y tambi\u00e9n tiene entre sus planes abrir locales en Panam\u00e1, Chile y Colombia, anunci\u00f3 un representante de la marca. El caf\u00e9 tendr\u00e1 un concepto tem\u00e1tico en el cual, junto al aspecto arom\u00e1tico y gastron\u00f3mico contar\u00e1 con una tienda museo para comercializar productos vinculados con el actual campe\u00f3n de la Liga de Espa\u00f1a y de la Liga de Campeones de Europa, indic\u00f3 Pepe Cobo, representante de la marca para Sudam\u00e9rica, Am\u00e9rica Central y El Caribe, citado el lunes por el&#8230;<\/p>\n","protected":false},"author":1,"featured_media":0,"comment_status":"open","ping_status":"open","sticky":false,"template":"","format":"standard","meta":{"footnotes":""},"categories":[4,84],"tags":[6132,5170,7451,749],"class_list":["post-30409","post","type-post","status-publish","format-standard","hentry","category-breaking-news","category-internacionales","tag-portal-de-noticias-turistamagazine","tag-real-madrid","tag-real-madrid-cafe","tag-turistamagazine"],"_links":{"self":[{"href":"https:\/\/www.turistamagazine.com\/v2\/index.php?rest_route=\/wp\/v2\/posts\/30409","targetHints":{"allow":["GET"]}}],"collection":[{"href":"https:\/\/www.turistamagazine.com\/v2\/index.php?rest_route=\/wp\/v2\/posts"}],"about":[{"href":"https:\/\/www.turistamagazine.com\/v2\/index.php?rest_route=\/wp\/v2\/types\/post"}],"author":[{"embeddable":true,"href":"https:\/\/www.turistamagazine.com\/v2\/index.php?rest_route=\/wp\/v2\/users\/1"}],"replies":[{"embeddable":true,"href":"https:\/\/www.turistamagazine.com\/v2\/index.php?rest_route=%2Fwp%2Fv2%2Fcomments&post=30409"}],"version-history":[{"count":1,"href":"https:\/\/www.turistamagazine.com\/v2\/index.php?rest_route=\/wp\/v2\/posts\/30409\/revisions"}],"predecessor-version":[{"id":30412,"href":"https:\/\/www.turistamagazine.com\/v2\/index.php?rest_route=\/wp\/v2\/posts\/30409\/revisions\/30412"}],"wp:attachment":[{"href":"https:\/\/www.turistamagazine.com\/v2\/index.php?rest_route=%2Fwp%2Fv2%2Fmedia&parent=30409"}],"wp:term":[{"taxonomy":"category","embeddable":true,"href":"https:\/\/www.turistamagazine.com\/v2\/index.php?rest_route=%2Fwp%2Fv2%2Fcategories&post=30409"},{"taxonomy":"post_tag","embeddable":true,"href":"https:\/\/www.turistamagazine.com\/v2\/index.php?rest_route=%2Fwp%2Fv2%2Ftags&post=30409"}],"curies":[{"name":"wp","href":"https:\/\/api.w.org\/{rel}","templated":true}]}}