{"id":30367,"date":"2017-07-17T16:02:37","date_gmt":"2017-07-17T21:02:37","guid":{"rendered":"http:\/\/www.turistamagazine.com\/v2\/?p=30367"},"modified":"2017-07-17T16:02:37","modified_gmt":"2017-07-17T21:02:37","slug":"el-primer-teleferico-en-la-region-en-rupac-huaral-podria-ser-ya-una-realidad","status":"publish","type":"post","link":"https:\/\/www.turistamagazine.com\/v2\/?p=30367","title":{"rendered":"EL PRIMER TELEF\u00c9RICO EN LA REGI\u00d3N\u00a0 EN RUPAC (HUARAL) PODR\u00cdA SER YA UNA REALIDAD"},"content":{"rendered":"<p style=\"text-align: justify;\">\u00a017\/07\/2017\/Lima.-\u00a0La Presidenta de la Asociaci\u00f3n de Hoteles, Restaurantes y Afines de Huaral (AHORA \u2013 Huaral), Rosa Elena Balc\u00e1zar afirm\u00f3 que es el sue\u00f1o dorado de tener el primer telef\u00e9rico en Lima y aumentar\u00eda el flujo tur\u00edstico a la zona.<\/p>\n<p style=\"text-align: justify;\">\u00a0 En tanto, se construir\u00e1 unos cuatro paradores en el recorrido entre Pampas y Rupac que servir\u00e1n de lugares de descanso para los visitantes.<\/p>\n<p style=\"text-align: justify;\">Revel\u00f3 que al primer semestre, m\u00e1s de cinco mil turistas nacionales y extranjeros visitaron el denominado \u201cMachu Picchu Lime\u00f1o\u201d y se espera bordear las diez mil visitas al concluir el presente a\u00f1o.<\/p>\n<p style=\"text-align: justify;\">Una serie de atractivos tur\u00edsticos antes de llegar al santuario religioso de Rupac en la sierra de Huaral comprobaron recientemente los representantes de Prom Per\u00fa y del Ministerio de Comercio Exterior y Turismo (Mincetur), durante su visita a dicha jurisdicci\u00f3n.<\/p>\n<p style=\"text-align: justify;\">\u00a0\u201cSe instalar\u00e1n unos cuatro paradores en el recorrido de ocho kil\u00f3metros entre la Comunidad Campesina de Pampas y Rupac a fin que los visitantes puedan apreciar la belleza natural y descansar de la intensa caminata que dura aproximadamente unas tres horas\u201d, inform\u00f3.<\/p>\n<p style=\"text-align: justify;\">Balc\u00e1zar revel\u00f3 que uno de los paradores podr\u00eda estar ubicado al lado de un puente en que el visitante podr\u00e1 apreciar la ca\u00edda de una catarata.<\/p>\n<p><strong><em><span style=\"color: #000080;\">Telef\u00e9rico a la vista<\/span><\/em><\/strong><\/p>\n<div id=\"attachment_28615\" style=\"width: 510px\" class=\"wp-caption aligncenter\"><img decoding=\"async\" aria-describedby=\"caption-attachment-28615\" class=\"wp-image-28615\" src=\"https:\/\/www.turistamagazine.com\/v2\/wp-content\/uploads\/2017\/04\/000242083W.jpg\" alt=\"\" width=\"500\" height=\"337\" \/><p id=\"caption-attachment-28615\" class=\"wp-caption-text\"><em><strong><span style=\"color: #000080;\">Rupac el Machu Picchu lime\u00f1o<\/span><\/strong><\/em><\/p><\/div>\n<p>Sin embargo, la meta para la provincia de Huaral es de tener su propio telef\u00e9rico a fin de acortar el tiempo en lo referente al recorrido entre Pampas y Rupac.<\/p>\n<p>Rosa Elena Balc\u00e1zar en su reciente viaje a Rep\u00fablica China, empresarios de ese pa\u00eds han mostrado sumo inter\u00e9s en construir un telef\u00e9rico y convertir a Rupac como un nuevo destino tur\u00edstico para el visitantes nacional y extranjero.<\/p>\n<p><em><strong><span style=\"color: #000080;\">\u201cDesde que el Congreso de La Rep\u00fablica declar\u00f3 a Rupac de inter\u00e9s nacional, el empresariado chino est\u00e1 deseoso en construir el telef\u00e9rico que constar\u00eda de unos seis kil\u00f3metros\u201d, afirm\u00f3 la dirigente empresarial.<\/span><\/strong><\/em><\/p>\n","protected":false},"excerpt":{"rendered":"<p>\u00a017\/07\/2017\/Lima.-\u00a0La Presidenta de la Asociaci\u00f3n de Hoteles, Restaurantes y Afines de Huaral (AHORA \u2013 Huaral), Rosa Elena Balc\u00e1zar afirm\u00f3 que es el sue\u00f1o dorado de tener el primer telef\u00e9rico en Lima y aumentar\u00eda el flujo tur\u00edstico a la zona. \u00a0 En tanto, se construir\u00e1 unos cuatro paradores en el recorrido entre Pampas y Rupac que servir\u00e1n de lugares de descanso para los visitantes. Revel\u00f3 que al primer semestre, m\u00e1s de cinco mil turistas nacionales y extranjeros visitaron el denominado \u201cMachu Picchu Lime\u00f1o\u201d y se espera bordear las diez mil visitas al concluir el presente a\u00f1o. Una serie de atractivos tur\u00edsticos&#8230;<\/p>\n","protected":false},"author":1,"featured_media":0,"comment_status":"open","ping_status":"open","sticky":false,"template":"","format":"standard","meta":{"footnotes":""},"categories":[4,82],"tags":[99,6132,117,7450,749,5078],"class_list":["post-30367","post","type-post","status-publish","format-standard","hentry","category-breaking-news","category-nacionales","tag-elenita-villar","tag-portal-de-noticias-turistamagazine","tag-promocion-turistica","tag-teleferico-en-rupac","tag-turistamagazine","tag-ver-todos"],"_links":{"self":[{"href":"https:\/\/www.turistamagazine.com\/v2\/index.php?rest_route=\/wp\/v2\/posts\/30367","targetHints":{"allow":["GET"]}}],"collection":[{"href":"https:\/\/www.turistamagazine.com\/v2\/index.php?rest_route=\/wp\/v2\/posts"}],"about":[{"href":"https:\/\/www.turistamagazine.com\/v2\/index.php?rest_route=\/wp\/v2\/types\/post"}],"author":[{"embeddable":true,"href":"https:\/\/www.turistamagazine.com\/v2\/index.php?rest_route=\/wp\/v2\/users\/1"}],"replies":[{"embeddable":true,"href":"https:\/\/www.turistamagazine.com\/v2\/index.php?rest_route=%2Fwp%2Fv2%2Fcomments&post=30367"}],"version-history":[{"count":1,"href":"https:\/\/www.turistamagazine.com\/v2\/index.php?rest_route=\/wp\/v2\/posts\/30367\/revisions"}],"predecessor-version":[{"id":30369,"href":"https:\/\/www.turistamagazine.com\/v2\/index.php?rest_route=\/wp\/v2\/posts\/30367\/revisions\/30369"}],"wp:attachment":[{"href":"https:\/\/www.turistamagazine.com\/v2\/index.php?rest_route=%2Fwp%2Fv2%2Fmedia&parent=30367"}],"wp:term":[{"taxonomy":"category","embeddable":true,"href":"https:\/\/www.turistamagazine.com\/v2\/index.php?rest_route=%2Fwp%2Fv2%2Fcategories&post=30367"},{"taxonomy":"post_tag","embeddable":true,"href":"https:\/\/www.turistamagazine.com\/v2\/index.php?rest_route=%2Fwp%2Fv2%2Ftags&post=30367"}],"curies":[{"name":"wp","href":"https:\/\/api.w.org\/{rel}","templated":true}]}}