{"id":30354,"date":"2017-07-15T16:51:47","date_gmt":"2017-07-15T21:51:47","guid":{"rendered":"http:\/\/www.turistamagazine.com\/v2\/?p=30354"},"modified":"2017-07-15T16:51:47","modified_gmt":"2017-07-15T21:51:47","slug":"celebra-fiesta-patrias-con-las-diversas-opciones-gastronomicas-del-jw-marriott","status":"publish","type":"post","link":"https:\/\/www.turistamagazine.com\/v2\/?p=30354","title":{"rendered":"CELEBRA FIESTA PATRIAS CON LAS DIVERSAS OPCIONES GASTRON\u00d3MICAS DEL JW MARRIOTT"},"content":{"rendered":"<p style=\"text-align: justify;\">15\/07\/2017\/Lima.- Julio Ferradas y Elena Santos, se unen nuevamente en el JW Marriott Lima, para presentar lo mejor de la gastronom\u00eda criolla celebrar Fiestas Patrias del 28 al 30 de julio con un gran Buffet criollo.<\/p>\n<p style=\"text-align: justify;\">Asimismo, en esta ocasi\u00f3n nos acompa\u00f1ar\u00e1 la estupenda \u00a0chef Elena Santos, hija de la recordada y querida Teresita Izquierdo del restaurante <span style=\"color: #000080;\"><strong><em>El Rinc\u00f3n que no Conoces<\/em><\/strong><\/span>, para deleitarnos con su estupenda saz\u00f3n los d\u00edas 28 y 29 de julio.<\/p>\n<p style=\"text-align: justify;\">Elena y Julio nos seducir\u00e1n con un delicioso buffet, en el cual encontraremos: aj\u00ed de gallina, carapulcra, causa rellena, seco con frejoles, pollo al cilindro, entre otros platillos, que sin duda, le har\u00e1n gozar de un fest\u00edn de sabores en la boca.\u00a0 Asimismo, los asistentes podr\u00e1n disfrutar de pisco sour ilimitado, una copa de vino; y para amenizar este evento patriota, show de m\u00fasica criolla en vivo.<\/p>\n<p style=\"text-align: justify;\">Las estaciones de dulces ser\u00e1n el punto de\u00a0 encuentro para\u00a0 acompa\u00f1ar la deliciosa propuesta que sorprender\u00e1 a los comensales por su variedad y calidad; mazamorra morada, arroz con leche, suspiro de lime\u00f1a, Picarones, Arroz Zambito, Tocino del Cielo entre otros.<\/p>\n<p style=\"text-align: justify;\"><span style=\"color: #000080;\"><strong><em>Cusco<\/em><\/strong><\/span><\/p>\n<p style=\"text-align: justify;\">Para aquellos que piensan salir de la capital, y viajar a Cusco, \u00a0el JW Marriott El convento Cusco ofrece una opci\u00f3n distinta con lo mejor de su gastronom\u00eda en el ombligo del mundo.<\/p>\n<p style=\"text-align: justify;\">La celebraci\u00f3n comienza el viernes 28 de julio en El bar restaurant Qespi, que ofrecer\u00e1 chilcano de diferentes sabores, pisco punch y un particular ca\u00f1azo tonic que ser\u00e1 acompa\u00f1ado por una estaci\u00f3n de anticuchos. El 29 de julio se ofrecer\u00e1 un homenaje a la m\u00fasica criolla con un tributo a Eva Ayllon en el Gran Patio del hotel, en el cual tambi\u00e9n se brindar\u00e1 atenci\u00f3n por parte del bar para que los asistentes puedan disfrutar y bailar al ritmo del Per\u00fa.<\/p>\n<p style=\"text-align: justify;\">Y para cerrar fiestas patrias con broche de oro, el domingo 30, nuestro Chef Ejecutivo Heivel Bedoya ha dise\u00f1ado\u00a0 una ruta completa con lo mejor de la exquisita gastronom\u00eda nacional en el Gran Patio Buffet.\u00a0 En \u00e9l, podr\u00e1s disfrutar los mejores platillos, en un ambiente preparado exclusivamente para celebrar el orgullo de ser peruano.\u00a0 Finalmente, el hotel ofrece a todos los peruanos una tarifa especial para vivir la experiencia Marriott Cusco y disfrutar de todo lo que la cuidad les ofrece a sus visitantes.<\/p>\n<p style=\"text-align: justify;\">Celebre al Per\u00fa en familia y sea\u00a0 participe de la gran variedad, calidad y servicio que solo podr\u00e1 encontrar en el JW Marriott. Reservas al (084) 582 200 (Cusco) y el 217 7009 (Lima).<\/p>\n","protected":false},"excerpt":{"rendered":"<p>15\/07\/2017\/Lima.- Julio Ferradas y Elena Santos, se unen nuevamente en el JW Marriott Lima, para presentar lo mejor de la gastronom\u00eda criolla celebrar Fiestas Patrias del 28 al 30 de julio con un gran Buffet criollo. Asimismo, en esta ocasi\u00f3n nos acompa\u00f1ar\u00e1 la estupenda \u00a0chef Elena Santos, hija de la recordada y querida Teresita Izquierdo del restaurante El Rinc\u00f3n que no Conoces, para deleitarnos con su estupenda saz\u00f3n los d\u00edas 28 y 29 de julio. Elena y Julio nos seducir\u00e1n con un delicioso buffet, en el cual encontraremos: aj\u00ed de gallina, carapulcra, causa rellena, seco con frejoles, pollo al cilindro,&#8230;<\/p>\n","protected":false},"author":1,"featured_media":30355,"comment_status":"open","ping_status":"open","sticky":false,"template":"","format":"standard","meta":{"footnotes":""},"categories":[4,82],"tags":[134,99,6805,2330,866,6132,749,5078],"class_list":["post-30354","post","type-post","status-publish","format-standard","has-post-thumbnail","hentry","category-breaking-news","category-nacionales","tag-cusco","tag-elenita-villar","tag-feinpretudi","tag-fiestas-patrias","tag-jw-marriott-lima","tag-portal-de-noticias-turistamagazine","tag-turistamagazine","tag-ver-todos"],"_links":{"self":[{"href":"https:\/\/www.turistamagazine.com\/v2\/index.php?rest_route=\/wp\/v2\/posts\/30354","targetHints":{"allow":["GET"]}}],"collection":[{"href":"https:\/\/www.turistamagazine.com\/v2\/index.php?rest_route=\/wp\/v2\/posts"}],"about":[{"href":"https:\/\/www.turistamagazine.com\/v2\/index.php?rest_route=\/wp\/v2\/types\/post"}],"author":[{"embeddable":true,"href":"https:\/\/www.turistamagazine.com\/v2\/index.php?rest_route=\/wp\/v2\/users\/1"}],"replies":[{"embeddable":true,"href":"https:\/\/www.turistamagazine.com\/v2\/index.php?rest_route=%2Fwp%2Fv2%2Fcomments&post=30354"}],"version-history":[{"count":1,"href":"https:\/\/www.turistamagazine.com\/v2\/index.php?rest_route=\/wp\/v2\/posts\/30354\/revisions"}],"predecessor-version":[{"id":30356,"href":"https:\/\/www.turistamagazine.com\/v2\/index.php?rest_route=\/wp\/v2\/posts\/30354\/revisions\/30356"}],"wp:featuredmedia":[{"embeddable":true,"href":"https:\/\/www.turistamagazine.com\/v2\/index.php?rest_route=\/wp\/v2\/media\/30355"}],"wp:attachment":[{"href":"https:\/\/www.turistamagazine.com\/v2\/index.php?rest_route=%2Fwp%2Fv2%2Fmedia&parent=30354"}],"wp:term":[{"taxonomy":"category","embeddable":true,"href":"https:\/\/www.turistamagazine.com\/v2\/index.php?rest_route=%2Fwp%2Fv2%2Fcategories&post=30354"},{"taxonomy":"post_tag","embeddable":true,"href":"https:\/\/www.turistamagazine.com\/v2\/index.php?rest_route=%2Fwp%2Fv2%2Ftags&post=30354"}],"curies":[{"name":"wp","href":"https:\/\/api.w.org\/{rel}","templated":true}]}}