{"id":30186,"date":"2017-07-07T07:50:19","date_gmt":"2017-07-07T12:50:19","guid":{"rendered":"http:\/\/www.turistamagazine.com\/v2\/?p=30186"},"modified":"2017-07-07T07:50:19","modified_gmt":"2017-07-07T12:50:19","slug":"arzobispo-de-trujillo-evalua-llevar-a-virgen-de-la-puerta-a-encuentro-con-papa-francisco","status":"publish","type":"post","link":"https:\/\/www.turistamagazine.com\/v2\/?p=30186","title":{"rendered":"ARZOBISPO DE TRUJILLO EVAL\u00daA LLEVAR A VIRGEN DE LA PUERTA A ENCUENTRO CON PAPA FRANCISCO"},"content":{"rendered":"<p style=\"text-align: justify;\">07\/07\/ 2017\/ Trujillo.- El arzobispo metropolitano de Trujillo, Miguel Cabrejos Vidarte, inform\u00f3 que se eval\u00faa si la venerada imagen de la Virgen de la Puerta de Otuzco ser\u00e1 llevada al encuentro del papa Francisco, durante su visita a esta ciudad en enero del 2018.<\/p>\n<p style=\"text-align: justify;\"><span style=\"color: #000080;\"><strong><em>\u00a0\u201cEso estamos evaluando. En realidad si los fieles lo piden creo que se va a poder porque la Virgen de la Puerta es una imagen muy importante en la regi\u00f3n, pero depende de ellos\u201d,<\/em><\/strong><\/span> sostuvo el monse\u00f1or.<\/p>\n<p style=\"text-align: justify;\">Miguel Cabrejos indic\u00f3 que los preparativos por la llegada del sumo pont\u00edfice al Per\u00fa a\u00fan no pueden ser revelados, pero que en su momento se brindar\u00e1 la informaci\u00f3n sobre la agenda que cumplir\u00e1 el papa en Trujillo.<\/p>\n<p style=\"text-align: justify;\">\u00a0<em><strong><span style=\"color: #000080;\">Cabe recordar que la imagen de la Virgen de la Puerta de Otuzco recibi\u00f3 la Coronaci\u00f3n Pontificia por el papa Pio XII el 27 de octubre de 1943, en el marco de la celebraci\u00f3n del Tercer Congreso Eucar\u00edstico Nacional.<\/span><\/strong><\/em><\/p>\n<p style=\"text-align: justify;\">Cada a\u00f1o, miles de personas llegan a la provincia de Otuzco, ubicada a 73 kil\u00f3metros de Trujillo, capital de La Libertad, para participar de las actividades religiosas que se realizan por la festividad en su honor.<\/p>\n<p style=\"text-align: justify;\">En 1985, durante la visita del papa Juan Pablo II, la venerada imagen de la Virgen de la Puerta fue declarada como Reina Mundial de la Paz.<\/p>\n<p style=\"text-align: justify;\">Asimismo, el 24 de noviembre del 2012, el Ministerio de Cultura declar\u00f3 la Festividad de la Virgen de la Puerta fue declarado como Patrimonio Inmaterial de la Naci\u00f3n.<\/p>\n<p>&nbsp;<\/p>\n","protected":false},"excerpt":{"rendered":"<p>07\/07\/ 2017\/ Trujillo.- El arzobispo metropolitano de Trujillo, Miguel Cabrejos Vidarte, inform\u00f3 que se eval\u00faa si la venerada imagen de la Virgen de la Puerta de Otuzco ser\u00e1 llevada al encuentro del papa Francisco, durante su visita a esta ciudad en enero del 2018. \u00a0\u201cEso estamos evaluando. En realidad si los fieles lo piden creo que se va a poder porque la Virgen de la Puerta es una imagen muy importante en la regi\u00f3n, pero depende de ellos\u201d, sostuvo el monse\u00f1or. Miguel Cabrejos indic\u00f3 que los preparativos por la llegada del sumo pont\u00edfice al Per\u00fa a\u00fan no pueden ser revelados,&#8230;<\/p>\n","protected":false},"author":1,"featured_media":0,"comment_status":"open","ping_status":"open","sticky":false,"template":"","format":"standard","meta":{"footnotes":""},"categories":[4,82],"tags":[99,171,340,749,7433],"class_list":["post-30186","post","type-post","status-publish","format-standard","hentry","category-breaking-news","category-nacionales","tag-elenita-villar","tag-papa-francisco","tag-peru","tag-turistamagazine","tag-virgen-de-la-puerta"],"_links":{"self":[{"href":"https:\/\/www.turistamagazine.com\/v2\/index.php?rest_route=\/wp\/v2\/posts\/30186","targetHints":{"allow":["GET"]}}],"collection":[{"href":"https:\/\/www.turistamagazine.com\/v2\/index.php?rest_route=\/wp\/v2\/posts"}],"about":[{"href":"https:\/\/www.turistamagazine.com\/v2\/index.php?rest_route=\/wp\/v2\/types\/post"}],"author":[{"embeddable":true,"href":"https:\/\/www.turistamagazine.com\/v2\/index.php?rest_route=\/wp\/v2\/users\/1"}],"replies":[{"embeddable":true,"href":"https:\/\/www.turistamagazine.com\/v2\/index.php?rest_route=%2Fwp%2Fv2%2Fcomments&post=30186"}],"version-history":[{"count":1,"href":"https:\/\/www.turistamagazine.com\/v2\/index.php?rest_route=\/wp\/v2\/posts\/30186\/revisions"}],"predecessor-version":[{"id":30188,"href":"https:\/\/www.turistamagazine.com\/v2\/index.php?rest_route=\/wp\/v2\/posts\/30186\/revisions\/30188"}],"wp:attachment":[{"href":"https:\/\/www.turistamagazine.com\/v2\/index.php?rest_route=%2Fwp%2Fv2%2Fmedia&parent=30186"}],"wp:term":[{"taxonomy":"category","embeddable":true,"href":"https:\/\/www.turistamagazine.com\/v2\/index.php?rest_route=%2Fwp%2Fv2%2Fcategories&post=30186"},{"taxonomy":"post_tag","embeddable":true,"href":"https:\/\/www.turistamagazine.com\/v2\/index.php?rest_route=%2Fwp%2Fv2%2Ftags&post=30186"}],"curies":[{"name":"wp","href":"https:\/\/api.w.org\/{rel}","templated":true}]}}