{"id":30085,"date":"2017-07-01T10:08:21","date_gmt":"2017-07-01T15:08:21","guid":{"rendered":"http:\/\/www.turistamagazine.com\/v2\/?p=30085"},"modified":"2017-07-01T10:09:45","modified_gmt":"2017-07-01T15:09:45","slug":"ministro-de-turismo-dice-que-cuba-asumira-el-reto-del-giro-politico-de-eeuu","status":"publish","type":"post","link":"https:\/\/www.turistamagazine.com\/v2\/?p=30085","title":{"rendered":"MINISTRO DE TURISMO DICE QUE CUBA ASUMIR\u00c1 EL \u00abRETO\u00bb DEL GIRO POL\u00cdTICO DE EEUU"},"content":{"rendered":"<p style=\"text-align: justify;\">01\/ 07\/ 2017.- Cuba.-El titular del Ministerio del Turismo (Mintur) indic\u00f3 que el sector muestra un crecimiento de 22 % en lo que va de a\u00f1o, en el que las previsiones oficiales calculan que se superar\u00e1 el r\u00e9cord de cuatro millones de turistas extranjeros de 2016.<\/p>\n<p style=\"text-align: justify;\"><span style=\"color: #000080;\"><strong><em>\u00abVamos a seguir haciendo bien las cosas, lograr mayores inversiones, desarrollar este sector que es un impulsor de la econom\u00eda nacional\u00bb,<\/em><\/strong><\/span> recalc\u00f3 el ministro.<\/p>\n<p style=\"text-align: justify;\">Adem\u00e1s de instar al rescate de tradiciones culinarias y la cultura del bar, Marrero elogi\u00f3 el desarrollo del sector privado en la isla, que cuenta actualmente con m\u00e1s de 2.000 \u00abpaladares\u00bb, como se conocen popularmente los restaurantes particulares, y 22.000 habitaciones dedicadas a la renta para el turismo.<\/p>\n<p style=\"text-align: justify;\">Cuba\u00a0ha experimentado un <span style=\"color: #000080;\"><em><strong>\u00abboom\u00bb<\/strong><\/em><\/span> del turismo en los \u00faltimos a\u00f1os, en coincidencia con el proceso de <em><strong><span style=\"color: #000080;\">\u00abdeshielo\u00bb<\/span> <\/strong><\/em>diplom\u00e1tico iniciado con Estados Unidos en diciembre de 2014 con la Administraci\u00f3n Obama que se concret\u00f3 con la apertura de embajadas en las capitales de ambos pa\u00edses al a\u00f1o siguiente.<\/p>\n<p style=\"text-align: justify;\">A partir de entonces comenzaron a crecer los visitantes del pa\u00eds norte\u00f1o a la isla caribe\u00f1a y en 2016 viajaron a\u00a0Cuba\u00a0285.000 estadounidenses, mientras que entre enero y mayo de este a\u00f1o llegaron 284.565 norteamericanos a la isla, seg\u00fan datos oficiales.<\/p>\n<p style=\"text-align: justify;\">El turismo representa el sector m\u00e1s din\u00e1mico de la econom\u00eda cubana y la segunda fuente de ingresos del pa\u00eds detr\u00e1s de la venta de servicios profesionales al exterior.<\/p>\n<p>F\/ HOSTELTUR\/LATAM<\/p>\n","protected":false},"excerpt":{"rendered":"<p>01\/ 07\/ 2017.- Cuba.-El titular del Ministerio del Turismo (Mintur) indic\u00f3 que el sector muestra un crecimiento de 22 % en lo que va de a\u00f1o, en el que las previsiones oficiales calculan que se superar\u00e1 el r\u00e9cord de cuatro millones de turistas extranjeros de 2016. \u00abVamos a seguir haciendo bien las cosas, lograr mayores inversiones, desarrollar este sector que es un impulsor de la econom\u00eda nacional\u00bb, recalc\u00f3 el ministro. Adem\u00e1s de instar al rescate de tradiciones culinarias y la cultura del bar, Marrero elogi\u00f3 el desarrollo del sector privado en la isla, que cuenta actualmente con m\u00e1s de 2.000&#8230;<\/p>\n","protected":false},"author":1,"featured_media":0,"comment_status":"open","ping_status":"open","sticky":false,"template":"","format":"standard","meta":{"footnotes":""},"categories":[4,84],"tags":[331,99,6805,6132,749,5078],"class_list":["post-30085","post","type-post","status-publish","format-standard","hentry","category-breaking-news","category-internacionales","tag-cuba","tag-elenita-villar","tag-feinpretudi","tag-portal-de-noticias-turistamagazine","tag-turistamagazine","tag-ver-todos"],"_links":{"self":[{"href":"https:\/\/www.turistamagazine.com\/v2\/index.php?rest_route=\/wp\/v2\/posts\/30085","targetHints":{"allow":["GET"]}}],"collection":[{"href":"https:\/\/www.turistamagazine.com\/v2\/index.php?rest_route=\/wp\/v2\/posts"}],"about":[{"href":"https:\/\/www.turistamagazine.com\/v2\/index.php?rest_route=\/wp\/v2\/types\/post"}],"author":[{"embeddable":true,"href":"https:\/\/www.turistamagazine.com\/v2\/index.php?rest_route=\/wp\/v2\/users\/1"}],"replies":[{"embeddable":true,"href":"https:\/\/www.turistamagazine.com\/v2\/index.php?rest_route=%2Fwp%2Fv2%2Fcomments&post=30085"}],"version-history":[{"count":2,"href":"https:\/\/www.turistamagazine.com\/v2\/index.php?rest_route=\/wp\/v2\/posts\/30085\/revisions"}],"predecessor-version":[{"id":30088,"href":"https:\/\/www.turistamagazine.com\/v2\/index.php?rest_route=\/wp\/v2\/posts\/30085\/revisions\/30088"}],"wp:attachment":[{"href":"https:\/\/www.turistamagazine.com\/v2\/index.php?rest_route=%2Fwp%2Fv2%2Fmedia&parent=30085"}],"wp:term":[{"taxonomy":"category","embeddable":true,"href":"https:\/\/www.turistamagazine.com\/v2\/index.php?rest_route=%2Fwp%2Fv2%2Fcategories&post=30085"},{"taxonomy":"post_tag","embeddable":true,"href":"https:\/\/www.turistamagazine.com\/v2\/index.php?rest_route=%2Fwp%2Fv2%2Ftags&post=30085"}],"curies":[{"name":"wp","href":"https:\/\/api.w.org\/{rel}","templated":true}]}}