{"id":29964,"date":"2017-06-26T17:39:05","date_gmt":"2017-06-26T22:39:05","guid":{"rendered":"http:\/\/www.turistamagazine.com\/v2\/?p=29964"},"modified":"2017-06-26T17:39:05","modified_gmt":"2017-06-26T22:39:05","slug":"capatur-dos-cadenas-hoteleras-de-estados-unidos-y-colombia-ingresarian-a-paracas","status":"publish","type":"post","link":"https:\/\/www.turistamagazine.com\/v2\/?p=29964","title":{"rendered":"CAPATUR: DOS CADENAS HOTELERAS DE ESTADOS UNIDOS Y COLOMBIA INGRESAR\u00cdAN A PARACAS"},"content":{"rendered":"<p style=\"text-align: justify;\">26\/06\/2017\/Paracas.- El Presidente de la C\u00e1mara de Turismo y Comercio Exterior de Paracas (CAPATUR), Eduardo J\u00e1uregui revel\u00f3 que dos grandes cadenas hoteleras de Estados Unidos y Colombia ingresar\u00edan a operar\u00a0 a dicha jurisdicci\u00f3n ubicada en la Regi\u00f3n Ica.<\/p>\n<p style=\"text-align: justify;\">Aunque se excus\u00f3 de precisar sus nombres, refiri\u00f3 que ambos hoteles de cuatro y cinco estrellas, respectivamente, tendr\u00e1n como capacidad de 150 habitaciones cada una y con un adecuado servicio de primera calidad al hu\u00e9sped.<\/p>\n<p style=\"text-align: justify;\">\u201cEn la actualidad, ambas cadenas de Estados Unidos y Colombia est\u00e1n buscando el terreno a fin de edificar su infraestructura hotelera de primer nivel\u201d, inform\u00f3 el dirigente empresarial.<\/p>\n<p style=\"text-align: justify;\">Igualmente, J\u00e1uregui revel\u00f3 que los hoteles locales de dos y tres estrellas vienen incrementando el n\u00famero de habitaciones, teniendo en cuenta el incremento del flujo tur\u00edstico y ejecutivo en la zona de Paracas.<\/p>\n<div id=\"attachment_29966\" style=\"width: 510px\" class=\"wp-caption aligncenter\"><img decoding=\"async\" aria-describedby=\"caption-attachment-29966\" class=\"wp-image-29966\" src=\"https:\/\/www.turistamagazine.com\/v2\/wp-content\/uploads\/2017\/06\/unnamed-4.jpg\" alt=\"\" width=\"500\" height=\"281\" \/><p id=\"caption-attachment-29966\" class=\"wp-caption-text\">Dakar 2018 a desarrollarse el pr\u00f3ximo mes de enero, cubrir\u00e1 las 2,000 habitaciones de los hoteles en Paracas<\/p><\/div>\n<p style=\"text-align: justify;\">En ese sentido, se\u00f1al\u00f3 que los hoteles locales que ten\u00edan hasta hace poco 15 o 20 habitaciones, han cre\u00eddo conveniente aumentar a 30 el n\u00famero de habitaciones y perfeccionar su atenci\u00f3n al hu\u00e9sped.<\/p>\n<p style=\"text-align: justify;\">El titular de CAPATUR explic\u00f3 que el empresariado hotelero ha cre\u00eddo invertir en el mejoramiento de sus alojamientos debido a los pr\u00f3ximos eventos de primer nivel nacional e internacional en que Paracas ser\u00e1 sede.<\/p>\n<p style=\"text-align: justify;\">Al respecto, J\u00e1uregui adelant\u00f3 que para el evento automovil\u00edstico Dakar 2018 a desarrollarse el pr\u00f3ximo mes de enero, las 2,000 habitaciones de los hoteles en Paracas ser\u00e1n cubiertas en su totalidad por pilotos, mec\u00e1nicos, prensa extranjera especializada y empresarios de diferentes pa\u00edses, atra\u00eddos por la en prueba deportiva y las maravillas naturales que presenta el balneario ique\u00f1o.<\/p>\n<p style=\"text-align: justify;\"><span style=\"color: #333399;\"><em><strong>\u201cEl Dakar 2018 dejar\u00e1 unos US$3.0 millones de d\u00f3lares en divisas para Paracas\u201d, estim\u00f3 Eduardo J\u00e1uregui.<\/strong><\/em><\/span><\/p>\n","protected":false},"excerpt":{"rendered":"<p>26\/06\/2017\/Paracas.- El Presidente de la C\u00e1mara de Turismo y Comercio Exterior de Paracas (CAPATUR), Eduardo J\u00e1uregui revel\u00f3 que dos grandes cadenas hoteleras de Estados Unidos y Colombia ingresar\u00edan a operar\u00a0 a dicha jurisdicci\u00f3n ubicada en la Regi\u00f3n Ica. Aunque se excus\u00f3 de precisar sus nombres, refiri\u00f3 que ambos hoteles de cuatro y cinco estrellas, respectivamente, tendr\u00e1n como capacidad de 150 habitaciones cada una y con un adecuado servicio de primera calidad al hu\u00e9sped. \u201cEn la actualidad, ambas cadenas de Estados Unidos y Colombia est\u00e1n buscando el terreno a fin de edificar su infraestructura hotelera de primer nivel\u201d, inform\u00f3 el dirigente&#8230;<\/p>\n","protected":false},"author":1,"featured_media":29965,"comment_status":"open","ping_status":"open","sticky":false,"template":"","format":"standard","meta":{"footnotes":""},"categories":[4,82],"tags":[7055,7104,99,1253,6132,749],"class_list":["post-29964","post","type-post","status-publish","format-standard","has-post-thumbnail","hentry","category-breaking-news","category-nacionales","tag-capatur","tag-eduardo-jauregui","tag-elenita-villar","tag-paracas-y-las-islas-ballestas","tag-portal-de-noticias-turistamagazine","tag-turistamagazine"],"_links":{"self":[{"href":"https:\/\/www.turistamagazine.com\/v2\/index.php?rest_route=\/wp\/v2\/posts\/29964","targetHints":{"allow":["GET"]}}],"collection":[{"href":"https:\/\/www.turistamagazine.com\/v2\/index.php?rest_route=\/wp\/v2\/posts"}],"about":[{"href":"https:\/\/www.turistamagazine.com\/v2\/index.php?rest_route=\/wp\/v2\/types\/post"}],"author":[{"embeddable":true,"href":"https:\/\/www.turistamagazine.com\/v2\/index.php?rest_route=\/wp\/v2\/users\/1"}],"replies":[{"embeddable":true,"href":"https:\/\/www.turistamagazine.com\/v2\/index.php?rest_route=%2Fwp%2Fv2%2Fcomments&post=29964"}],"version-history":[{"count":1,"href":"https:\/\/www.turistamagazine.com\/v2\/index.php?rest_route=\/wp\/v2\/posts\/29964\/revisions"}],"predecessor-version":[{"id":29967,"href":"https:\/\/www.turistamagazine.com\/v2\/index.php?rest_route=\/wp\/v2\/posts\/29964\/revisions\/29967"}],"wp:featuredmedia":[{"embeddable":true,"href":"https:\/\/www.turistamagazine.com\/v2\/index.php?rest_route=\/wp\/v2\/media\/29965"}],"wp:attachment":[{"href":"https:\/\/www.turistamagazine.com\/v2\/index.php?rest_route=%2Fwp%2Fv2%2Fmedia&parent=29964"}],"wp:term":[{"taxonomy":"category","embeddable":true,"href":"https:\/\/www.turistamagazine.com\/v2\/index.php?rest_route=%2Fwp%2Fv2%2Fcategories&post=29964"},{"taxonomy":"post_tag","embeddable":true,"href":"https:\/\/www.turistamagazine.com\/v2\/index.php?rest_route=%2Fwp%2Fv2%2Ftags&post=29964"}],"curies":[{"name":"wp","href":"https:\/\/api.w.org\/{rel}","templated":true}]}}