{"id":29955,"date":"2017-06-26T12:12:44","date_gmt":"2017-06-26T17:12:44","guid":{"rendered":"http:\/\/www.turistamagazine.com\/v2\/?p=29955"},"modified":"2017-06-26T12:12:44","modified_gmt":"2017-06-26T17:12:44","slug":"guatape-se-declara-calamidad-publica-y-suspende-navegacion-en-embalse","status":"publish","type":"post","link":"https:\/\/www.turistamagazine.com\/v2\/?p=29955","title":{"rendered":"GUATAP\u00c9 SE DECLARA CALAMIDAD P\u00daBLICA Y SUSPENDE NAVEGACI\u00d3N EN EMBALSE"},"content":{"rendered":"<p style=\"text-align: justify;\">26\/06\/2017\/Colombia.- Tras una intensa tormenta ocurrida en la noche del domingo 25 de junio, por la cual tuvieron que detenerse las actividades de rescate, las autoridades del Municipio y la Unidad Nacional para la Gesti\u00f3n del Riesgo de Desastres en Colombia, confirmaron que se reanuda la b\u00fasqueda de las 15 personas que, seg\u00fan los informes oficiales, est\u00e1n desaparecidas tras el incidente que ya cobra seis vidas.<\/p>\n<p style=\"text-align: justify;\"><em><strong>Ya son \u00a0 mas de siete las v\u00edctimas mortales de la tragedia de Guatap\u00e9<\/strong><\/em><\/p>\n<p style=\"text-align: justify;\">\u201cEn este momento se coordina la reanudaci\u00f3n de labores de rescate en las aguas del embalse\u201d, informaron desde la cuenta de Twitter del municipio.<\/p>\n<p style=\"text-align: justify;\">Seg\u00fan el Gobernador de Antioquia, Luis P\u00e9rez Guti\u00e9rrez, quien ha pedido investigar varias irregularidades en los hechos, estas labores comenzaron desde las 5:00 a.m.<\/p>\n<p style=\"text-align: justify;\">\u201cContin\u00faan las labores de b\u00fasqueda de los cuerpos que a\u00fan se encuentran desaparecidos luego del naufragio de la embarcaci\u00f3n en Guatap\u00e9. Con cinco cuadrillas conformadas por seis buzos se iniciaron desde las 5:00 a.m., con el prop\u00f3sito de recatar los cuerpo que se encuentran en el fondo de la represa\u201d, afirm\u00f3 el Municipio de Guatap\u00e9. Asimismo, expresa: \u201cEl PMU (Puesto de Mando Unificado) se encuentra activado con el plan de acci\u00f3n definido con el fin de agilizar las labores de rescate\u201d.<\/p>\n<p style=\"text-align: justify;\"><span style=\"color: #000080;\"><em><strong>Calamidad p\u00fablica<\/strong><\/em><\/span><\/p>\n<p style=\"text-align: justify;\">Para facilitar la atenci\u00f3n de la emergencia, el Municipio de Guatap\u00e9 se ha declarado en calamidad p\u00fablica.<\/p>\n<p style=\"text-align: justify;\">Asimismo, se ha prohibido, inicialmente durante el lunes 26 de junio, la navegaci\u00f3n en el embalse. Esta medida, seg\u00fan las autoridades, podr\u00eda continuarse durante el martes, en especial, si los operativos de b\u00fasqueda no finalizan.<\/p>\n<p>F\/eltiempo.com<\/p>\n","protected":false},"excerpt":{"rendered":"<p>26\/06\/2017\/Colombia.- Tras una intensa tormenta ocurrida en la noche del domingo 25 de junio, por la cual tuvieron que detenerse las actividades de rescate, las autoridades del Municipio y la Unidad Nacional para la Gesti\u00f3n del Riesgo de Desastres en Colombia, confirmaron que se reanuda la b\u00fasqueda de las 15 personas que, seg\u00fan los informes oficiales, est\u00e1n desaparecidas tras el incidente que ya cobra seis vidas. Ya son \u00a0 mas de siete las v\u00edctimas mortales de la tragedia de Guatap\u00e9 \u201cEn este momento se coordina la reanudaci\u00f3n de labores de rescate en las aguas del embalse\u201d, informaron desde la cuenta&#8230;<\/p>\n","protected":false},"author":1,"featured_media":29956,"comment_status":"open","ping_status":"open","sticky":false,"template":"","format":"standard","meta":{"footnotes":""},"categories":[4,84],"tags":[206,99,7404,7403,6132,749],"class_list":["post-29955","post","type-post","status-publish","format-standard","has-post-thumbnail","hentry","category-breaking-news","category-internacionales","tag-colombia","tag-elenita-villar","tag-municipio-de-guatape","tag-naufragio","tag-portal-de-noticias-turistamagazine","tag-turistamagazine"],"_links":{"self":[{"href":"https:\/\/www.turistamagazine.com\/v2\/index.php?rest_route=\/wp\/v2\/posts\/29955","targetHints":{"allow":["GET"]}}],"collection":[{"href":"https:\/\/www.turistamagazine.com\/v2\/index.php?rest_route=\/wp\/v2\/posts"}],"about":[{"href":"https:\/\/www.turistamagazine.com\/v2\/index.php?rest_route=\/wp\/v2\/types\/post"}],"author":[{"embeddable":true,"href":"https:\/\/www.turistamagazine.com\/v2\/index.php?rest_route=\/wp\/v2\/users\/1"}],"replies":[{"embeddable":true,"href":"https:\/\/www.turistamagazine.com\/v2\/index.php?rest_route=%2Fwp%2Fv2%2Fcomments&post=29955"}],"version-history":[{"count":2,"href":"https:\/\/www.turistamagazine.com\/v2\/index.php?rest_route=\/wp\/v2\/posts\/29955\/revisions"}],"predecessor-version":[{"id":29958,"href":"https:\/\/www.turistamagazine.com\/v2\/index.php?rest_route=\/wp\/v2\/posts\/29955\/revisions\/29958"}],"wp:featuredmedia":[{"embeddable":true,"href":"https:\/\/www.turistamagazine.com\/v2\/index.php?rest_route=\/wp\/v2\/media\/29956"}],"wp:attachment":[{"href":"https:\/\/www.turistamagazine.com\/v2\/index.php?rest_route=%2Fwp%2Fv2%2Fmedia&parent=29955"}],"wp:term":[{"taxonomy":"category","embeddable":true,"href":"https:\/\/www.turistamagazine.com\/v2\/index.php?rest_route=%2Fwp%2Fv2%2Fcategories&post=29955"},{"taxonomy":"post_tag","embeddable":true,"href":"https:\/\/www.turistamagazine.com\/v2\/index.php?rest_route=%2Fwp%2Fv2%2Ftags&post=29955"}],"curies":[{"name":"wp","href":"https:\/\/api.w.org\/{rel}","templated":true}]}}