{"id":29798,"date":"2017-06-16T08:06:30","date_gmt":"2017-06-16T13:06:30","guid":{"rendered":"http:\/\/www.turistamagazine.com\/v2\/?p=29798"},"modified":"2017-06-16T08:06:30","modified_gmt":"2017-06-16T13:06:30","slug":"ya-tiene-programas-buenos-y-baratos-para-el-proximo-feriado-largo-en-la-feria-peru-regiones-pisco-sol-y-playa","status":"publish","type":"post","link":"https:\/\/www.turistamagazine.com\/v2\/?p=29798","title":{"rendered":"YA TIENE PROGRAMAS BUENOS Y BARATOS PARA EL PROXIMO FERIADO LARGO EN LA FERIA \u201cPER\u00da REGIONES: PISCO, SOL Y PLAYA\u201d"},"content":{"rendered":"<p style=\"text-align: justify;\">16\/06\/2017\/ \u00a0Lima.- Fredy Gamarra presidente de La C\u00e1mara Nacional de Turismo (Canatur) inform\u00f3 que el pr\u00f3ximo 27 de junio se llevar\u00e1 a cabo la feria <span style=\"color: #000080;\"><strong><em>\u201cPer\u00fa Regiones: Pisco, Sol y Playa\u201d,<\/em><\/strong><\/span> cuya finalidad es recuperar el flujo tur\u00edstico hacia las zonas afectadas por el fen\u00f3meno El Ni\u00f1o Costero.<\/p>\n<p style=\"text-align: justify;\">Y para ello, las regiones de Tumbes, Piura, Lambayeque y La Libertad presentar\u00e1n las mejores ofertas y variados productos tur\u00edsticos en la m\u00e1s importante feria que promueve el turismo interno. En esta oportunidad\u00a0 se sumar\u00e1n las regiones de \u00c1ncash, Lima (Ca\u00f1ete) e Ica (Chincha, Nasca y Paracas).<\/p>\n<p style=\"text-align: justify;\"><em><strong><span style=\"color: #000080;\">\u201cPer\u00fa Regiones: Pisco, Sol y Playa\u201d<\/span><\/strong><\/em>, se realizar\u00e1 en el Hotel Jos\u00e9 Antonio Deluxe ubicado en calle Bellavista 133 Miraflores, y \u00a0ofrece la oportunidad de establecer negocios y contactos con la agencias de viajes y operadores de turismo de Lima.<\/p>\n<p style=\"text-align: justify;\">\u00a0\u00a0Las ofertar\u00e1n y vender\u00e1n paquetes, excursiones y\/o servicios a tarifas especiales para el consumidor final.<\/p>\n<p style=\"text-align: justify;\">El evento permitir\u00e1 diversificar la oferta que busca el tour operador de Lima, as\u00ed como incrementar el flujo de turistas nacionales hacia las regiones expositoras, principalmente en temporadas de baja ocupaci\u00f3n. Tambi\u00e9n permite al visitante planificar con tiempo su viaje, lo que resulta siempre m\u00e1s rentable.<\/p>\n<p style=\"text-align: justify;\"><strong><em><span style=\"color: #000080;\">CRECIMIENTO EN 7 REGIONES<\/span><\/em><\/strong><\/p>\n<p style=\"text-align: justify;\">Fredy Gamarra, agreg\u00f3 que con <span style=\"color: #000080;\"><strong><em>\u201cPer\u00fa Regiones: Pisco, Sol y Playa\u201d<\/em><\/strong> <\/span>se proyecta un crecimiento de 10% en el movimiento de turistas hacia Tumbes, Piura, Lambayeque, La Libertad y \u00c1ncash. Igual cifra se espera para Lima e Ica.<\/p>\n<p style=\"text-align: justify;\">Asimismo inform\u00f3 que se est\u00e1 trabajando de la mano con PromPer\u00fa para apoyar el turismo en el norte del pa\u00eds, de manera que los operadores tur\u00edsticos puedan recuperarse de los tres meses que resultaron complicados por causa de El Ni\u00f1o Costero.<\/p>\n<p style=\"text-align: justify;\">El l\u00edder del gremio de gremios asegur\u00f3 que el reto de Canatur es convencer a los peruanos para que visiten masivamente las regiones del norte y el sur chico. <span style=\"color: #000080;\"><strong><em>\u201cLa parte tur\u00edstica de Tumbes no tiene problemas, en especial las playas. En Piura, las playas ya est\u00e1n bien, se puede visitar. En Chiclayo, lo que m\u00e1s atrae es el turismo cultural. En Trujillo, la Ruta Moche es el principal atractivo tur\u00edstico\u201d<\/em><\/strong>,<\/span> \u00a0\u201cEn \u00c1ncash, los atractivos tur\u00edsticos est\u00e1n aptos para visitar, en especial el Parque Nacional Huascar\u00e1n y el sitio arqueol\u00f3gico Chav\u00edn de Hu\u00e1ntar. Habr\u00e1 muchas ofertas\u201d, enfatiz\u00f3.<\/p>\n<p style=\"text-align: justify;\">En la conferencia de prensa realizada en el Hotel Jos\u00e9 Antonio Deluxe estuvo acompa\u00f1ado por Evelyn Grados, subdirectora de Turismo Interno de PromPer\u00fa.<\/p>\n<p style=\"text-align: justify;\">\u00a0Asimismo en esta oportunidad son \u00a05 \u00a0las nuevas empresas que \u00a0se sumaran \u00a0a las dem\u00e1s organizaciones que participar\u00e1n en esta importante rueda de negocios del sector turismo, como (Green Llama &#8211; Lima, Los Portales Hoteles -Lima\/Piura, Hotel Las Palmeras &#8211; Chincha, R\u00fastica Hoteles \u2013 Piura, y Las Caba\u00f1as de Antica -Piura, se suman a las dem\u00e1s organizaciones que participar\u00e1n en esta importante rueda de negocios del sector turismo.<\/p>\n<p style=\"text-align: justify;\">Asimismo, como estrategia para enfrentar los retos post fen\u00f3meno de El Ni\u00f1o Costero, se ha fusionado dos eventos: \u201cPer\u00fa Regiones: Playas del Norte\u201d y \u201cPer\u00fa Regiones: Sol y Pisco\u201d, gener\u00e1ndose la primera edici\u00f3n de la feria \u201cPer\u00fa Regiones: Pisco, Sol y Playa\u201d.<\/p>\n<p style=\"text-align: justify;\">PR\u00d3XIMAS FERIAS<\/p>\n<p style=\"text-align: justify;\">La C\u00e1mara Nacional de Turismo (Canatur) tiene programado para el mes de agosto realizar la feria <span style=\"color: #000080;\"><strong><em>\u201cPer\u00fa Regiones: Sur\u201d<\/em><\/strong>,<\/span> que involucra a las regiones de Apur\u00edmac, Arequipa, Ayacucho, Cusco, Moquegua, Puno y Tacna, y finalmente para octubre hacer lo propio con <em><strong><span style=\"color: #000080;\">\u201cPer\u00fa Regiones: Amazon\u00eda y Ecolog\u00eda\u201d para promocionar Amazonas, Hu\u00e1nuco, Jun\u00edn, Loreto, Madre de Dios, San Martin y Ucayali.<\/span><\/strong><\/em><\/p>\n<p style=\"text-align: justify;\"><strong>Para mayor informaci\u00f3n e inscripciones para la feria \u201cPer\u00fa Regiones: Pisco, Sol y Playa\u201d, los interesados pueden contactarse con la se\u00f1ora Erica Ru\u00edz, coordinadora de Eventos de Canatur, al siguiente tel\u00e9fono: (511) 715-5442 (en horario de oficina). Igualmente, pueden remitir sus consultas a trav\u00e9s del siguiente correo electr\u00f3nico: eventos2@canaturperu.org<\/strong><\/p>\n<p><strong>E.V<\/strong><\/p>\n","protected":false},"excerpt":{"rendered":"<p>16\/06\/2017\/ \u00a0Lima.- Fredy Gamarra presidente de La C\u00e1mara Nacional de Turismo (Canatur) inform\u00f3 que el pr\u00f3ximo 27 de junio se llevar\u00e1 a cabo la feria \u201cPer\u00fa Regiones: Pisco, Sol y Playa\u201d, cuya finalidad es recuperar el flujo tur\u00edstico hacia las zonas afectadas por el fen\u00f3meno El Ni\u00f1o Costero. Y para ello, las regiones de Tumbes, Piura, Lambayeque y La Libertad presentar\u00e1n las mejores ofertas y variados productos tur\u00edsticos en la m\u00e1s importante feria que promueve el turismo interno. En esta oportunidad\u00a0 se sumar\u00e1n las regiones de \u00c1ncash, Lima (Ca\u00f1ete) e Ica (Chincha, Nasca y Paracas). \u201cPer\u00fa Regiones: Pisco, Sol y&#8230;<\/p>\n","protected":false},"author":1,"featured_media":29799,"comment_status":"open","ping_status":"open","sticky":false,"template":"","format":"standard","meta":{"footnotes":""},"categories":[7364],"tags":[7381,167,99,6805,6132,117,349,7382,330,749,5078],"class_list":["post-29798","post","type-post","status-publish","format-standard","has-post-thumbnail","hentry","category-de-interes","tag-peru-regiones-pisco","tag-canatur","tag-elenita-villar","tag-feinpretudi","tag-portal-de-noticias-turistamagazine","tag-promocion-turistica","tag-promperu","tag-sol-y-playa","tag-turismo-en-el-peru","tag-turistamagazine","tag-ver-todos"],"_links":{"self":[{"href":"https:\/\/www.turistamagazine.com\/v2\/index.php?rest_route=\/wp\/v2\/posts\/29798","targetHints":{"allow":["GET"]}}],"collection":[{"href":"https:\/\/www.turistamagazine.com\/v2\/index.php?rest_route=\/wp\/v2\/posts"}],"about":[{"href":"https:\/\/www.turistamagazine.com\/v2\/index.php?rest_route=\/wp\/v2\/types\/post"}],"author":[{"embeddable":true,"href":"https:\/\/www.turistamagazine.com\/v2\/index.php?rest_route=\/wp\/v2\/users\/1"}],"replies":[{"embeddable":true,"href":"https:\/\/www.turistamagazine.com\/v2\/index.php?rest_route=%2Fwp%2Fv2%2Fcomments&post=29798"}],"version-history":[{"count":2,"href":"https:\/\/www.turistamagazine.com\/v2\/index.php?rest_route=\/wp\/v2\/posts\/29798\/revisions"}],"predecessor-version":[{"id":29801,"href":"https:\/\/www.turistamagazine.com\/v2\/index.php?rest_route=\/wp\/v2\/posts\/29798\/revisions\/29801"}],"wp:featuredmedia":[{"embeddable":true,"href":"https:\/\/www.turistamagazine.com\/v2\/index.php?rest_route=\/wp\/v2\/media\/29799"}],"wp:attachment":[{"href":"https:\/\/www.turistamagazine.com\/v2\/index.php?rest_route=%2Fwp%2Fv2%2Fmedia&parent=29798"}],"wp:term":[{"taxonomy":"category","embeddable":true,"href":"https:\/\/www.turistamagazine.com\/v2\/index.php?rest_route=%2Fwp%2Fv2%2Fcategories&post=29798"},{"taxonomy":"post_tag","embeddable":true,"href":"https:\/\/www.turistamagazine.com\/v2\/index.php?rest_route=%2Fwp%2Fv2%2Ftags&post=29798"}],"curies":[{"name":"wp","href":"https:\/\/api.w.org\/{rel}","templated":true}]}}