{"id":29722,"date":"2017-06-14T21:09:30","date_gmt":"2017-06-15T02:09:30","guid":{"rendered":"http:\/\/www.turistamagazine.com\/v2\/?p=29722"},"modified":"2017-06-14T21:10:37","modified_gmt":"2017-06-15T02:10:37","slug":"gobierno-declara-rally-dakar-2018-de-interes-nacional","status":"publish","type":"post","link":"https:\/\/www.turistamagazine.com\/v2\/?p=29722","title":{"rendered":"GOBIERNO DECLARA  RALLY DAKAR 2018 DE INTER\u00c9S NACIONAL"},"content":{"rendered":"<p>14\/06\/ 2017\/Lima.- El ministro de Comercio Exterior y Turismo, Eduardo Ferreyros, inform\u00f3 hoy que el Gobierno invertir\u00e1 6 millones de d\u00f3lares en la organizaci\u00f3n del Rally Dakar 2018, que se realizar\u00e1 en Per\u00fa, Bolivia y Argentina.<\/p>\n<p style=\"text-align: justify;\">Ferreyros anunci\u00f3 que el 20 de junio pr\u00f3ximo se dar\u00e1n m\u00e1s detalles sobre esta competencia, que se realizar\u00e1 en enero del 2018, pero asegur\u00f3 que este monto cubre los costos que debe pagar el Per\u00fa, incluido la protecci\u00f3n y la se\u00f1alizaci\u00f3n correspondiente para cuidar el patrimonio del pa\u00eds.<\/p>\n<p style=\"text-align: justify;\"><span style=\"color: #000080;\"><strong><em>\u00abRally\u00bb Dakar: Gobierno lo declara de inter\u00e9s nacional<\/em><\/strong><\/span><\/p>\n<p style=\"text-align: justify;\">Cabe indicar que hoy el Consejo de Ministros aprob\u00f3 un decreto supremo que declara de inter\u00e9s nacional el Rally Dakar 2018, con el fin de facilitar el ingreso de la log\u00edstica de los participantes en esta competencia.<\/p>\n<p style=\"text-align: justify;\"><strong><em><span style=\"color: #000080;\">\u201cSe declara de inter\u00e9s nacional con el objetivo de facilitar los tr\u00e1mites log\u00edsticos aduaneros para el ingreso de los autos y los equipos necesarios para la cobertura de este importante evento\u201d,<\/span> <\/em><\/strong>explic\u00f3 Ferreyros.<\/p>\n<p style=\"text-align: justify;\"><span style=\"color: #000080;\"><strong><em>Dakar 2018 incluye a seis ciudades peruanas en su ruta<\/em><\/strong><\/span><\/p>\n<p style=\"text-align: justify;\">El Ministro destac\u00f3 que esta competencia automovil\u00edstica promover\u00e1 el deporte en el Per\u00fa, as\u00ed como la \u00a0\u201cMarathon Des Sables\u201d (del 26 de noviembre al 6 de diciembre<strong><em>) <span style=\"color: #000080;\">que tambi\u00e9n fue declarada de inter\u00e9s nacional por el Gabinete Ministerial.<\/span><\/em><\/strong><\/p>\n<p>&nbsp;<\/p>\n","protected":false},"excerpt":{"rendered":"<p>14\/06\/ 2017\/Lima.- El ministro de Comercio Exterior y Turismo, Eduardo Ferreyros, inform\u00f3 hoy que el Gobierno invertir\u00e1 6 millones de d\u00f3lares en la organizaci\u00f3n del Rally Dakar 2018, que se realizar\u00e1 en Per\u00fa, Bolivia y Argentina. Ferreyros anunci\u00f3 que el 20 de junio pr\u00f3ximo se dar\u00e1n m\u00e1s detalles sobre esta competencia, que se realizar\u00e1 en enero del 2018, pero asegur\u00f3 que este monto cubre los costos que debe pagar el Per\u00fa, incluido la protecci\u00f3n y la se\u00f1alizaci\u00f3n correspondiente para cuidar el patrimonio del pa\u00eds. \u00abRally\u00bb Dakar: Gobierno lo declara de inter\u00e9s nacional Cabe indicar que hoy el Consejo de Ministros&#8230;<\/p>\n","protected":false},"author":1,"featured_media":29723,"comment_status":"open","ping_status":"open","sticky":false,"template":"","format":"standard","meta":{"footnotes":""},"categories":[4,82],"tags":[99,321,350,7378,6132,262,330,749],"class_list":["post-29722","post","type-post","status-publish","format-standard","has-post-thumbnail","hentry","category-breaking-news","category-nacionales","tag-elenita-villar","tag-lima","tag-mincetur","tag-ministro-ferreyros","tag-portal-de-noticias-turistamagazine","tag-rally-dakar","tag-turismo-en-el-peru","tag-turistamagazine"],"_links":{"self":[{"href":"https:\/\/www.turistamagazine.com\/v2\/index.php?rest_route=\/wp\/v2\/posts\/29722","targetHints":{"allow":["GET"]}}],"collection":[{"href":"https:\/\/www.turistamagazine.com\/v2\/index.php?rest_route=\/wp\/v2\/posts"}],"about":[{"href":"https:\/\/www.turistamagazine.com\/v2\/index.php?rest_route=\/wp\/v2\/types\/post"}],"author":[{"embeddable":true,"href":"https:\/\/www.turistamagazine.com\/v2\/index.php?rest_route=\/wp\/v2\/users\/1"}],"replies":[{"embeddable":true,"href":"https:\/\/www.turistamagazine.com\/v2\/index.php?rest_route=%2Fwp%2Fv2%2Fcomments&post=29722"}],"version-history":[{"count":3,"href":"https:\/\/www.turistamagazine.com\/v2\/index.php?rest_route=\/wp\/v2\/posts\/29722\/revisions"}],"predecessor-version":[{"id":29726,"href":"https:\/\/www.turistamagazine.com\/v2\/index.php?rest_route=\/wp\/v2\/posts\/29722\/revisions\/29726"}],"wp:featuredmedia":[{"embeddable":true,"href":"https:\/\/www.turistamagazine.com\/v2\/index.php?rest_route=\/wp\/v2\/media\/29723"}],"wp:attachment":[{"href":"https:\/\/www.turistamagazine.com\/v2\/index.php?rest_route=%2Fwp%2Fv2%2Fmedia&parent=29722"}],"wp:term":[{"taxonomy":"category","embeddable":true,"href":"https:\/\/www.turistamagazine.com\/v2\/index.php?rest_route=%2Fwp%2Fv2%2Fcategories&post=29722"},{"taxonomy":"post_tag","embeddable":true,"href":"https:\/\/www.turistamagazine.com\/v2\/index.php?rest_route=%2Fwp%2Fv2%2Ftags&post=29722"}],"curies":[{"name":"wp","href":"https:\/\/api.w.org\/{rel}","templated":true}]}}