{"id":29699,"date":"2017-06-12T22:55:57","date_gmt":"2017-06-13T03:55:57","guid":{"rendered":"http:\/\/www.turistamagazine.com\/v2\/?p=29699"},"modified":"2017-06-12T23:18:14","modified_gmt":"2017-06-13T04:18:14","slug":"nos-escriben-24","status":"publish","type":"post","link":"https:\/\/www.turistamagazine.com\/v2\/?p=29699","title":{"rendered":"NOS ESCRIBEN"},"content":{"rendered":"<p style=\"text-align: justify;\"><span style=\"color: #000080;\"><strong><em>Compartimos con Uds. mis dilectos lectores uno de los comentarios que motiv\u00f3 nuestro art\u00edculo MI VIA CRUSIS CON EL SOAT el cual nos llena de emotivo agradecimiento, por tratarse de una persona de gran trascendencia en el mundo, social, pol\u00edtico, diplom\u00e1tico, etc. nicarag\u00fcense de nacimiento pero \u00a0\u00a0ciudadano del mundo c\u00f3mo le guste denominarse, Director del Semanario el ARCHIVO, \u00a0que se edita en Los EE.UU. Les \u00a0cuento lo m\u00e1s destacado, no nos conoce personalmente, como la mayor\u00eda de personas que nos leen, es la raz\u00f3n de mi emotividad y agradecimiento por sus palabras.<\/em><\/strong><\/span><\/p>\n<p style=\"text-align: justify;\">El 9 de junio de 2017, 17:28, <em><strong>Alejandro Jos\u00e9 Gallard Prio escrib<\/strong><strong>i\u00f3<\/strong><\/em>:<\/p>\n<p style=\"text-align: justify;\">Te leo los martes y viernes y siempre encuentro informaci\u00f3n y opiniones valiosas. Te felicito! Hasta hoy supe lo de tu accidente, lo que lamento, as\u00ed como deploro por todo lo que pasaste para recuperar tu salud. Qu\u00e9 triste es que nuestra regi\u00f3n (Latinoam\u00e9rica) no se d\u00e9 cuenta del atraso en relaci\u00f3n a servicios, ya que sin ello, no podremos progresar. No hemos desarrollado\u00a0 las necesidades b\u00e1sicas para competir en el negocio de turismo, que por ser una actividad de movilidad y hasta cierto punto de aventuras, el servicio de eficientes cl\u00ednicas m\u00e9dicas, sin todos esos idiotas requisitos, es indispensable. Al accidentado se le atiende y punto.<\/p>\n<p style=\"text-align: justify;\">Lo que si te puedo decir, es que somos buenos para aprender y usar t\u00e9rminos que se aplican al negocio de turismo, que no les veo raz\u00f3n de ser, ya que TURISMO, es la actividad econ\u00f3mica m\u00e1s antigua del mundo y todos sabemos qu\u00e9 se trata y mientras no atendamos a quienes lo hacen posible, los TURISTAS o VIAJEROS, no son los t\u00e9rminos de \u00absostenible\u00bb y muchos otros que se ponen de moda de vez en cuando, lo que va a solucionar la realidad del negocio, turista insatisfecho, turista que no regresa.<\/p>\n<p style=\"text-align: justify;\"><em><strong><span style=\"color: #000080;\">En tu Editorial de hoy, das en el dardo.<\/span><\/strong><\/em> Sin turismo nacional, no puede haber turismo internacional y adem\u00e1s, entre m\u00e1s destinos\u00a0 atractivos tiene un pa\u00eds, mayor es su atracci\u00f3n, ya que el turista gusta de nuevas experiencias, pero en confort y con buenos servicios. Adem\u00e1s, no olvidemos que el turista nacional nos ayuda a promocionar los destinos que est\u00e1n fuera del ojo internacional, por lo que tenemos que concederle ventajas, descuentos, paquetes de transporte de acuerdo a sus posibilidades econ\u00f3micas, ya que es m\u00e1s que un cliente, es un aliado.<\/p>\n<p style=\"text-align: justify;\"><strong><em><span style=\"color: #000080;\">Convi\u00e9rtete en la aliada del turismo nacional, promueve \u00abtours\u00bb desde tus medios en uni\u00f3n\u00a0con los operadores con visi\u00f3n y sobre todo, hazle ver y convence al Organismo oficial del turismo, as\u00ed como a las Alcald\u00edas de la importancia de darse a conocer y habilitar facilidades, servicios y atenciones a quienes le visiten, ya que nadie, absolutamente nadie, viaja para aburrirse.<\/span><\/em><\/strong><\/p>\n<p style=\"text-align: justify;\">Un domingo de estos, volver\u00e9 a escribir sobre nuestro querido TURISMO, por el momento se lo dejo a nuestro querido amigo Antonio Pedro, que lo hace muy bien, aun usando esos t\u00e9rminos rimbombantes que han inventado en los \u00faltimos a\u00f1os.<\/p>\n<p style=\"text-align: justify;\"><span style=\"color: #000080;\"><strong><em>Pasado ma\u00f1ana, El Archivo rechina sobre el martiriologo del pueblo venezolano. Un abrazo,<\/em><\/strong><\/span> Alejandro Jose Gallard<\/p>\n<p style=\"text-align: justify;\">Naturalmente mis queridos amigos lectores en nuestra edici\u00f3n del viernes este anunciado <strong><em>martiriologo.<\/em><\/strong><\/p>\n<p style=\"text-align: justify;\"><em><strong><span style=\"color: #000080;\">Nuevamente mil gracias \u00a0Don Alejandro<\/span><\/strong><\/em><\/p>\n<p style=\"text-align: right;\"><strong><em>E.V<\/em><\/strong><\/p>\n","protected":false},"excerpt":{"rendered":"<p>Compartimos con Uds. mis dilectos lectores uno de los comentarios que motiv\u00f3 nuestro art\u00edculo MI VIA CRUSIS CON EL SOAT el cual nos llena de emotivo agradecimiento, por tratarse de una persona de gran trascendencia en el mundo, social, pol\u00edtico, diplom\u00e1tico, etc. nicarag\u00fcense de nacimiento pero \u00a0\u00a0ciudadano del mundo c\u00f3mo le guste denominarse, Director del Semanario el ARCHIVO, \u00a0que se edita en Los EE.UU. Les \u00a0cuento lo m\u00e1s destacado, no nos conoce personalmente, como la mayor\u00eda de personas que nos leen, es la raz\u00f3n de mi emotividad y agradecimiento por sus palabras. El 9 de junio de 2017, 17:28, Alejandro&#8230;<\/p>\n","protected":false},"author":1,"featured_media":0,"comment_status":"open","ping_status":"open","sticky":false,"template":"","format":"standard","meta":{"footnotes":""},"categories":[97],"tags":[5979,99,6805,340,6132,749,5078],"class_list":["post-29699","post","type-post","status-publish","format-standard","hentry","category-nos-escriben","tag-alejandro-j-gallard-prio","tag-elenita-villar","tag-feinpretudi","tag-peru","tag-portal-de-noticias-turistamagazine","tag-turistamagazine","tag-ver-todos"],"_links":{"self":[{"href":"https:\/\/www.turistamagazine.com\/v2\/index.php?rest_route=\/wp\/v2\/posts\/29699","targetHints":{"allow":["GET"]}}],"collection":[{"href":"https:\/\/www.turistamagazine.com\/v2\/index.php?rest_route=\/wp\/v2\/posts"}],"about":[{"href":"https:\/\/www.turistamagazine.com\/v2\/index.php?rest_route=\/wp\/v2\/types\/post"}],"author":[{"embeddable":true,"href":"https:\/\/www.turistamagazine.com\/v2\/index.php?rest_route=\/wp\/v2\/users\/1"}],"replies":[{"embeddable":true,"href":"https:\/\/www.turistamagazine.com\/v2\/index.php?rest_route=%2Fwp%2Fv2%2Fcomments&post=29699"}],"version-history":[{"count":3,"href":"https:\/\/www.turistamagazine.com\/v2\/index.php?rest_route=\/wp\/v2\/posts\/29699\/revisions"}],"predecessor-version":[{"id":29702,"href":"https:\/\/www.turistamagazine.com\/v2\/index.php?rest_route=\/wp\/v2\/posts\/29699\/revisions\/29702"}],"wp:attachment":[{"href":"https:\/\/www.turistamagazine.com\/v2\/index.php?rest_route=%2Fwp%2Fv2%2Fmedia&parent=29699"}],"wp:term":[{"taxonomy":"category","embeddable":true,"href":"https:\/\/www.turistamagazine.com\/v2\/index.php?rest_route=%2Fwp%2Fv2%2Fcategories&post=29699"},{"taxonomy":"post_tag","embeddable":true,"href":"https:\/\/www.turistamagazine.com\/v2\/index.php?rest_route=%2Fwp%2Fv2%2Ftags&post=29699"}],"curies":[{"name":"wp","href":"https:\/\/api.w.org\/{rel}","templated":true}]}}