{"id":29499,"date":"2017-06-01T22:05:49","date_gmt":"2017-06-02T03:05:49","guid":{"rendered":"http:\/\/www.turistamagazine.com\/v2\/?p=29499"},"modified":"2017-06-01T22:08:35","modified_gmt":"2017-06-02T03:08:35","slug":"nos-escribe-culturales-mali-alianza-francesa","status":"publish","type":"post","link":"https:\/\/www.turistamagazine.com\/v2\/?p=29499","title":{"rendered":"EXPOSICIONES EN EL  MALI-  TEATRO ALIANZA FRANCESA"},"content":{"rendered":"<p><strong><span style=\"color: #000080;\">Querida Helen:<\/span><\/strong><\/p>\n<p>Que buena defensa la del pisco de CAPATUR.<\/p>\n<p>Que mal la L\u00ednea Holandesa de vender m\u00e1s pasajes de los que puede llevar.<\/p>\n<p>Que mal LAN de haber suprimido su atenci\u00f3n a los pasajeros, caf\u00e9, jugo, etc. as\u00ed me cuentan pasajeros. No era gran cosa, pero ca\u00eda bien.<\/p>\n<p>Felicidades.<\/p>\n<p><strong><span style=\"color: #000080;\"><em>Dra. Alfonsina Barrionuevo<\/em><\/span><\/strong><\/p>\n<p><strong><span style=\"color: #000080;\"><em>Lima-Per\u00fa<\/em><\/span><\/strong><\/p>\n<p>&#8212;&#8212;&#8212;&#8212;&#8212;&#8212;&#8212;&#8212;&#8212;&#8212;&#8212;&#8212;&#8212;&#8212;&#8212;&#8212;&#8212;&#8212;&#8212;&#8212;<\/p>\n<p><strong><span style=\"color: #000080;\">Sra Directora.<\/span><\/strong><\/p>\n<p>De acuerdo con su opini\u00f3n, cuidado con Machu Picchu y los chilenos, tienen el s\u00edndrome de lo m\u00edo es m\u00edo y lo tuyo tambi\u00e9n<\/p>\n<p><strong><span style=\"color: #000080;\">Sergio D\u00edaz Dilerva<\/span><\/strong><\/p>\n<p><strong><span style=\"color: #000080;\">Ica-Per\u00fa<\/span><\/strong><\/p>\n<p>&#8212;&#8212;&#8212;&#8212;&#8212;&#8212;&#8212;&#8212;&#8212;&#8212;&#8212;&#8212;&#8212;&#8212;&#8212;&#8212;&#8212;&#8212;&#8212;&#8211;<\/p>\n<p><span style=\"color: #000080;\"><strong>CARACOLES AFRICANOS PELIGRO<\/strong><\/span><\/p>\n<p>Gracias estimada Elenita por la prevenci\u00f3n\u2026hay que tener un especial cuidado con los ni\u00f1os, ya que ellos son m\u00e1s propensos a jugar en los jardines; espero que en los diferentes Nidos y Colegios del pa\u00eds se haya difundido esta noticia.<\/p>\n<p>Dese\u00e1ndoles muy buen fin de semana!!<\/p>\n<p><strong><span style=\"color: #000080;\">Cordialmente, Silvia Wuan A.<\/span><\/strong><\/p>\n<p><strong><span style=\"color: #000080;\">Lima- Per\u00fa<\/span><\/strong><\/p>\n<hr \/>\n<table width=\"100%\">\n<tbody>\n<tr>\n<td><strong>PR\u00d3XIMA EXPOSICI\u00d3N EN EL MALI<\/strong><\/p>\n<ul>\n<li><strong><em><a href=\"http:\/\/www.mali.pe\/expo_detalle.php?id=146&amp;p=new&amp;anio=2017\">Nasca<\/a><\/em><\/strong><strong><em>.<\/em><\/strong> Desde el 21 de junio.<\/li>\n<\/ul>\n<p><strong>EXPOSICIONES ACTUALES<\/strong><\/p>\n<ul>\n<li><a href=\"http:\/\/www.mali.pe\/expo_detalle.php?id=141&amp;p=act&amp;anio=2017\"><strong><em>REVISIONES. Obras contempor\u00e1neas del MALI\u00a0<\/em><\/strong><strong><em>.<\/em><\/strong><\/a> Presentaciones seg\u00fan cronograma, hasta agosto de 2017.<\/li>\n<li><a href=\"http:\/\/www.mali.pe\/expo_detalle.php?id=143&amp;p=act&amp;anio=2017\"><strong><em>MALI in situ. Tribuna. Ishmael Randall Weeks<\/em><\/strong><\/a><strong><em>.<\/em><\/strong> Hasta el 25 de junio.<\/li>\n<li><strong><em><u><a href=\"http:\/\/www.mali.pe\/expo_detalle.php?id=135&amp;p=ant&amp;anio=2017\">La creaci\u00f3n del costumbrismo. Las acuarelas de la donaci\u00f3n Juan Carlos Verme.<\/a><\/u><\/em><\/strong> Hasta julio de 2017<\/li>\n<li><strong><em><u><a href=\"http:\/\/www.mali.pe\/expo_detalle.php?id=145&amp;p=act&amp;anio=2017\">Como la Pintura. Arte, retrato y fotograf\u00eda comercial.<\/a><\/u><\/em><\/strong> Hasta el 31 de diciembre de 2017.<\/li>\n<li>\u00a0<strong><u><a href=\"https:\/\/concurso.mali.pe\/es\/\">Exhibici\u00f3n de proyectos del Concurso de arquitectura para la nueva ala de arte contempor\u00e1neo del MALI.<\/a><\/u><\/strong> En el recibo del segundo piso del museo.<\/li>\n<li>Exhibici\u00f3n permanente (34 salas con una selecci\u00f3n de la colecci\u00f3n de arte precolombino, colonial, republicano y moderno del MALI).<\/li>\n<\/ul>\n<p>&nbsp;<\/p>\n<p>&nbsp;<\/td>\n<\/tr>\n<\/tbody>\n<\/table>\n<p><strong>Montaje de circo y danza<\/strong><\/p>\n<p><strong>La memoria de la piel<\/strong><\/p>\n<p>Con el prop\u00f3sito de exponer espect\u00e1culos alternativos como la danza, el circo y el teatro independiente, adem\u00e1s de propiciar el di\u00e1logo con los espectadores, la Alianza Francesa de Lima anuncia la presentaci\u00f3n del espect\u00e1culo \u201cLa memoria de la piel\u201d, direcci\u00f3n de Luc\u00eda Mel\u00e9ndez, los s\u00e1bados y domingos del 03 al 25 de junio, a las 8:00 p.m. en el Teatro de la Alianza Francesa de la Av. Arequipa 4595 en Miraflores.<\/p>\n<p><img decoding=\"async\" class=\"aligncenter wp-image-29500\" src=\"https:\/\/www.turistamagazine.com\/v2\/wp-content\/uploads\/2017\/06\/La-memoria-de-la-piel-2.jpg\" alt=\"\" width=\"500\" height=\"331\" srcset=\"https:\/\/www.turistamagazine.com\/v2\/wp-content\/uploads\/2017\/06\/La-memoria-de-la-piel-2.jpg 945w, https:\/\/www.turistamagazine.com\/v2\/wp-content\/uploads\/2017\/06\/La-memoria-de-la-piel-2-300x199.jpg 300w, https:\/\/www.turistamagazine.com\/v2\/wp-content\/uploads\/2017\/06\/La-memoria-de-la-piel-2-768x509.jpg 768w, https:\/\/www.turistamagazine.com\/v2\/wp-content\/uploads\/2017\/06\/La-memoria-de-la-piel-2-634x420.jpg 634w, https:\/\/www.turistamagazine.com\/v2\/wp-content\/uploads\/2017\/06\/La-memoria-de-la-piel-2-610x404.jpg 610w\" sizes=\"(max-width: 500px) 100vw, 500px\" \/><\/p>\n<p><strong>La directora<\/strong><\/p>\n<p>Luc\u00eda Mel\u00e9ndez Prieto, bailarina formada en la Escuela Pata de Cabra, ha participado en montajes de Mirella Carbone, Rossana Pe\u00f1aloza, Karine Aguirre, Juan Carlos Fisher, entre otros. Se ha desempe\u00f1ado como docente en la PUCP, la UPC y Pata de Cabra. Ha dirigido diversas obras de circo y danza viajando a Festivales en Chile y Brasil. Fund\u00f3 Ag\u00e1rrate Catalina en el 2006 y se desempe\u00f1a como Directora y profesora hasta el d\u00eda de hoy.<\/p>\n<p>El elenco est\u00e1 conformado por Andrea D\u00edaz Ghiretti y Manolo Jaime.<\/p>\n<p>Las entradas est\u00e1n a la venta en TuEntrada de Plaza Vea y Vivanda y por internet en <a href=\"http:\/\/tuentrada.com.pe\">tuentrada.com.pe<\/a>., los precios son:\u00a0 S\/.30 general, S\/.20 estudiantes y adulto mayor y S\/.15 estudiantes de la Alianza Francesa. Preventa: 25 soles hasta el 3 de junio.<\/p>\n","protected":false},"excerpt":{"rendered":"<p>Querida Helen: Que buena defensa la del pisco de CAPATUR. Que mal la L\u00ednea Holandesa de vender m\u00e1s pasajes de los que puede llevar. Que mal LAN de haber suprimido su atenci\u00f3n a los pasajeros, caf\u00e9, jugo, etc. as\u00ed me cuentan pasajeros. No era gran cosa, pero ca\u00eda bien. Felicidades. Dra. Alfonsina Barrionuevo Lima-Per\u00fa &#8212;&#8212;&#8212;&#8212;&#8212;&#8212;&#8212;&#8212;&#8212;&#8212;&#8212;&#8212;&#8212;&#8212;&#8212;&#8212;&#8212;&#8212;&#8212;&#8212; Sra Directora. De acuerdo con su opini\u00f3n, cuidado con Machu Picchu y los chilenos, tienen el s\u00edndrome de lo m\u00edo es m\u00edo y lo tuyo tambi\u00e9n Sergio D\u00edaz Dilerva Ica-Per\u00fa &#8212;&#8212;&#8212;&#8212;&#8212;&#8212;&#8212;&#8212;&#8212;&#8212;&#8212;&#8212;&#8212;&#8212;&#8212;&#8212;&#8212;&#8212;&#8212;&#8211; CARACOLES AFRICANOS PELIGRO Gracias estimada Elenita por la prevenci\u00f3n\u2026hay que tener un especial cuidado&#8230;<\/p>\n","protected":false},"author":1,"featured_media":0,"comment_status":"open","ping_status":"open","sticky":false,"template":"","format":"standard","meta":{"footnotes":""},"categories":[97],"tags":[1896,5056,99,6132,749,5078],"class_list":["post-29499","post","type-post","status-publish","format-standard","hentry","category-nos-escriben","tag-alianza-francesa-de-lima","tag-el-mali","tag-elenita-villar","tag-portal-de-noticias-turistamagazine","tag-turistamagazine","tag-ver-todos"],"_links":{"self":[{"href":"https:\/\/www.turistamagazine.com\/v2\/index.php?rest_route=\/wp\/v2\/posts\/29499","targetHints":{"allow":["GET"]}}],"collection":[{"href":"https:\/\/www.turistamagazine.com\/v2\/index.php?rest_route=\/wp\/v2\/posts"}],"about":[{"href":"https:\/\/www.turistamagazine.com\/v2\/index.php?rest_route=\/wp\/v2\/types\/post"}],"author":[{"embeddable":true,"href":"https:\/\/www.turistamagazine.com\/v2\/index.php?rest_route=\/wp\/v2\/users\/1"}],"replies":[{"embeddable":true,"href":"https:\/\/www.turistamagazine.com\/v2\/index.php?rest_route=%2Fwp%2Fv2%2Fcomments&post=29499"}],"version-history":[{"count":4,"href":"https:\/\/www.turistamagazine.com\/v2\/index.php?rest_route=\/wp\/v2\/posts\/29499\/revisions"}],"predecessor-version":[{"id":29504,"href":"https:\/\/www.turistamagazine.com\/v2\/index.php?rest_route=\/wp\/v2\/posts\/29499\/revisions\/29504"}],"wp:attachment":[{"href":"https:\/\/www.turistamagazine.com\/v2\/index.php?rest_route=%2Fwp%2Fv2%2Fmedia&parent=29499"}],"wp:term":[{"taxonomy":"category","embeddable":true,"href":"https:\/\/www.turistamagazine.com\/v2\/index.php?rest_route=%2Fwp%2Fv2%2Fcategories&post=29499"},{"taxonomy":"post_tag","embeddable":true,"href":"https:\/\/www.turistamagazine.com\/v2\/index.php?rest_route=%2Fwp%2Fv2%2Ftags&post=29499"}],"curies":[{"name":"wp","href":"https:\/\/api.w.org\/{rel}","templated":true}]}}