{"id":29266,"date":"2017-05-19T09:06:24","date_gmt":"2017-05-19T14:06:24","guid":{"rendered":"http:\/\/www.turistamagazine.com\/v2\/?p=29266"},"modified":"2017-05-19T12:28:49","modified_gmt":"2017-05-19T17:28:49","slug":"29266","status":"publish","type":"post","link":"https:\/\/www.turistamagazine.com\/v2\/?p=29266","title":{"rendered":"LAS BICICLETEADAS CUANDO NO EXISTEN BICIV\u00cdAS"},"content":{"rendered":"<p style=\"text-align: justify;\"><span style=\"color: #000080;\"><strong>FRAN-CA-MENTE.<\/strong>\u2013\u00a0<\/span> Practicar cualquier \u00a0deporte nos parece muy bueno, ya que incentiva la buena salud, la uni\u00f3n familiar, aleja a los chicos de las drogas, etc,etc.,\u00a0 lo que no nos parece bien \u00a0 es que se invadan las veredas por donde se circulan los peatones, eso nos parece una falta de respeto hacia el derecho de los dem\u00e1s.<\/p>\n<p style=\"text-align: justify;\">Lo decimos con conocimiento de causa, ya que casi fuimos atropellados por una se\u00f1ora que manejaba una bicicleta por la vereda \u00a0y no es <strong><em><span style=\"color: #000080;\">\u201cla que se estremece al ritmo de sus caderas<\/span>\u201d<\/em><\/strong> como dice la canci\u00f3n de Chabuca, no.no,no, \u00a0es aquisito nomas en Miraflores, en Surco,\u00a0ya que una oronda Sra. manejaba una bicicleta y sin el \u00a0timbre reglamentario \u00a0para avisar a los transe\u00fantes que se est\u00e1 acercando por la espalda \u2026 Y no es la primera vez \u00a0ya que las personas han tomado las veredas de todos los distritos para pasearse en bicicleta ya que es muy saludable, y no todas las Av. \u00a0cuentan con los carriles para bicicletear.<\/p>\n<p style=\"text-align: justify;\"><span style=\"color: #000080;\"><strong><em>Y si los hay no los respetan y van con sus bicicletas a toda velocidad y en contra del tr\u00e1fico <\/em><\/strong><\/span><\/p>\n<p style=\"text-align: justify;\">Y no s\u00f3lo son bicicletas sin timbres, tambi\u00e9n son los famosos skates, que de repente la gente tiene que hacerse a un lado para que no la atropellen tremendo <em><strong><span style=\"color: #000080;\">\u00abmanganzones\u00bb,<\/span><\/strong><\/em> que muy frescos y sueltos de huesos invaden las veredas.<\/p>\n<p style=\"text-align: justify;\">Si pues hay que hacer deporte,\u00a0<span style=\"color: #000080;\"><em><strong>pero el derecho de uno acaba cuando empieza el del otro<\/strong><\/em><\/span>\u2026\u00a0As\u00ed que Sres. Alcaldes a tomar medidas, sobre este \u00a0abuso\u2026 As\u00ed, \u00a0como le imponen multas a las personas que no llevan a las mascotas al parque con correa as\u00ed \u00a0sea un\u00a0<em><strong>\u201cChihuahua\u201d<\/strong><\/em><strong>\u00a0<\/strong>y se tiene que recoger las heces de las perritos en los que les damos toda la raz\u00f3n\u2026\u00a0<span style=\"color: #000080;\"><em><strong>As\u00ed mismo exigimos seguridad para poder caminar sin el temor no s\u00f3lo \u00a0que nos asalten si no que encima de repente nos atropellan estos irresponsables\u2026<\/strong><\/em>\u00a0 <strong><em>Ya que de no tomar medidas aparte de la violencia que impera en las calles, tambi\u00e9n empezar\u00e1n los \u201cmuertitos\u201d atropellados por ciclistas, irresponsables, que no respetan nada<\/em><\/strong>,<\/span><\/p>\n<p style=\"text-align: justify;\"><em><span style=\"color: #000080;\"><strong>Es evidente que \u00a0\u00a0Las CAMPA\u00d1A PARA PROMOVER RESPETO AL CICLISTA Y AL PEAT\u00d3N no les lleg\u00f3, o no fueron lo suficientemente persuasivas, \u00a1BASTA YA\u00a0INVOCACIONES, \u2026 Ahora MULTAS\u2026 para evitar accidentes\u2026 <\/strong><\/span><\/em><span style=\"color: #000080;\"><strong>FRAN-CA-MENTE\u2026<\/strong><\/span><\/p>\n","protected":false},"excerpt":{"rendered":"<p>FRAN-CA-MENTE.\u2013\u00a0 Practicar cualquier \u00a0deporte nos parece muy bueno, ya que incentiva la buena salud, la uni\u00f3n familiar, aleja a los chicos de las drogas, etc,etc.,\u00a0 lo que no nos parece bien \u00a0 es que se invadan las veredas por donde se circulan los peatones, eso nos parece una falta de respeto hacia el derecho de los dem\u00e1s. Lo decimos con conocimiento de causa, ya que casi fuimos atropellados por una se\u00f1ora que manejaba una bicicleta por la vereda \u00a0y no es \u201cla que se estremece al ritmo de sus caderas\u201d como dice la canci\u00f3n de Chabuca, no.no,no, \u00a0es aquisito nomas&#8230;<\/p>\n","protected":false},"author":1,"featured_media":0,"comment_status":"open","ping_status":"open","sticky":false,"template":"","format":"standard","meta":{"footnotes":""},"categories":[346],"tags":[4677,99,7329,321,340,6132,749],"class_list":["post-29266","post","type-post","status-publish","format-standard","hentry","category-francamente","tag-bicletas-en-lima","tag-elenita-villar","tag-francamente-19-de-mayo-2017","tag-lima","tag-peru","tag-portal-de-noticias-turistamagazine","tag-turistamagazine"],"_links":{"self":[{"href":"https:\/\/www.turistamagazine.com\/v2\/index.php?rest_route=\/wp\/v2\/posts\/29266","targetHints":{"allow":["GET"]}}],"collection":[{"href":"https:\/\/www.turistamagazine.com\/v2\/index.php?rest_route=\/wp\/v2\/posts"}],"about":[{"href":"https:\/\/www.turistamagazine.com\/v2\/index.php?rest_route=\/wp\/v2\/types\/post"}],"author":[{"embeddable":true,"href":"https:\/\/www.turistamagazine.com\/v2\/index.php?rest_route=\/wp\/v2\/users\/1"}],"replies":[{"embeddable":true,"href":"https:\/\/www.turistamagazine.com\/v2\/index.php?rest_route=%2Fwp%2Fv2%2Fcomments&post=29266"}],"version-history":[{"count":4,"href":"https:\/\/www.turistamagazine.com\/v2\/index.php?rest_route=\/wp\/v2\/posts\/29266\/revisions"}],"predecessor-version":[{"id":29274,"href":"https:\/\/www.turistamagazine.com\/v2\/index.php?rest_route=\/wp\/v2\/posts\/29266\/revisions\/29274"}],"wp:attachment":[{"href":"https:\/\/www.turistamagazine.com\/v2\/index.php?rest_route=%2Fwp%2Fv2%2Fmedia&parent=29266"}],"wp:term":[{"taxonomy":"category","embeddable":true,"href":"https:\/\/www.turistamagazine.com\/v2\/index.php?rest_route=%2Fwp%2Fv2%2Fcategories&post=29266"},{"taxonomy":"post_tag","embeddable":true,"href":"https:\/\/www.turistamagazine.com\/v2\/index.php?rest_route=%2Fwp%2Fv2%2Ftags&post=29266"}],"curies":[{"name":"wp","href":"https:\/\/api.w.org\/{rel}","templated":true}]}}