{"id":29199,"date":"2017-05-17T16:31:35","date_gmt":"2017-05-17T21:31:35","guid":{"rendered":"http:\/\/www.turistamagazine.com\/v2\/?p=29199"},"modified":"2017-05-17T16:31:35","modified_gmt":"2017-05-17T21:31:35","slug":"xiv-edicion-de-los-premios-de-la-omt-a-la-excelencia-y-la-innovacion-en-el-turismo-presentacion-de-candidaturas","status":"publish","type":"post","link":"https:\/\/www.turistamagazine.com\/v2\/?p=29199","title":{"rendered":"XIV EDICI\u00d3N DE LOS PREMIOS DE LA OMT A LA EXCELENCIA Y LA INNOVACI\u00d3N EN EL TURISMO: PRESENTACI\u00d3N DE CANDIDATURAS"},"content":{"rendered":"<p style=\"text-align: justify;\">17\/05\/2017\/Espa\u00f1a.- Est\u00e1 abierta la convocatoria de presentaci\u00f3n de candidaturas para la decimocuarta edici\u00f3n de los Premios de la OMT a la Excelencia y la Innovaci\u00f3n en el Turismo. Los ganadores se anunciar\u00e1n en enero de 2018, en la ceremonia de entrega de los Premios de la OMT, que tendr\u00e1 lugar en el marco de la Feria Internacional de Turismo de Espa\u00f1a (FITUR).<\/p>\n<p style=\"text-align: justify;\">\u00a0Las candidaturas para los Premios de la OMT se dividen en cuatro categor\u00edas: pol\u00edtica p\u00fablica y gobernanza; empresas; Organizaciones no Gubernamentales e investigaci\u00f3n y tecnolog\u00eda.<\/p>\n<p style=\"text-align: justify;\">\u00a0Desde su creaci\u00f3n, en 2003, los Premios de la OMT a la Excelencia y la Innovaci\u00f3n en el Turismo reconocen la labor de organizaciones y personas de todo el mundo que contribuyen a fomentar la innovaci\u00f3n en el turismo y a contribuir a que el sector sea m\u00e1s sostenible y responsable.<\/p>\n<p style=\"text-align: justify;\">\u00a0Se anima a los interesados a presentar sus candidaturas antes del 30 de septiembre de 2017. Si desea obtener m\u00e1s informaci\u00f3n o acceder a los documentos para presentar las candidaturas, visite:<\/p>\n<p><em><strong>\u00a0Fechas importantes:<\/strong><\/em><\/p>\n<p>3 de mayo de 2017\u00a0\u00a0\u00a0 \u00a0\u00a0\u00a0\u00a0\u00a0\u00a0\u00a0\u00a0\u00a0\u00a0\u00a0 Presentaci\u00f3n de candidaturas<\/p>\n<p>30 de septiembre de 2017\u00a0\u00a0\u00a0\u00a0 Fin del plazo de recepci\u00f3n de candidaturas<\/p>\n<p>Primera semana de noviembre\u00a0\u00a0\u00a0\u00a0\u00a0\u00a0\u00a0 Anuncio de los galardonados<\/p>\n<p>15 de enero de 2018\u00a0 14\u00aa edici\u00f3n del Foro de los Premios de la OMT<\/p>\n<p>17 de enero de 2018\u00a0 14\u00aa edici\u00f3n de la Cena de Gala y la Ceremonia de Entrega de Premios de la OMT<\/p>\n<p>&nbsp;<\/p>\n<p><a href=\"http:\/\/crm.unwto.org\/sites\/all\/modules\/civicrm\/extern\/url.php?u=70162&amp;qid=17574731\">Presentaci\u00f3n de candidaturas: 14\u00aa edici\u00f3n de los Premios de la OMT a la Excelencia y la Innovaci\u00f3n en el Turismo<\/a><\/p>\n<p>&nbsp;<\/p>\n<p>Foto de\u00a0Archivo<\/p>\n","protected":false},"excerpt":{"rendered":"<p>17\/05\/2017\/Espa\u00f1a.- Est\u00e1 abierta la convocatoria de presentaci\u00f3n de candidaturas para la decimocuarta edici\u00f3n de los Premios de la OMT a la Excelencia y la Innovaci\u00f3n en el Turismo. Los ganadores se anunciar\u00e1n en enero de 2018, en la ceremonia de entrega de los Premios de la OMT, que tendr\u00e1 lugar en el marco de la Feria Internacional de Turismo de Espa\u00f1a (FITUR). \u00a0Las candidaturas para los Premios de la OMT se dividen en cuatro categor\u00edas: pol\u00edtica p\u00fablica y gobernanza; empresas; Organizaciones no Gubernamentales e investigaci\u00f3n y tecnolog\u00eda. \u00a0Desde su creaci\u00f3n, en 2003, los Premios de la OMT a la Excelencia&#8230;<\/p>\n","protected":false},"author":1,"featured_media":19496,"comment_status":"open","ping_status":"open","sticky":false,"template":"","format":"standard","meta":{"footnotes":""},"categories":[4,82],"tags":[99,126,6132,7323,128,749,5078],"class_list":["post-29199","post","type-post","status-publish","format-standard","has-post-thumbnail","hentry","category-breaking-news","category-nacionales","tag-elenita-villar","tag-omt","tag-portal-de-noticias-turistamagazine","tag-premios-excelencias-2018","tag-taleb-rifai","tag-turistamagazine","tag-ver-todos"],"_links":{"self":[{"href":"https:\/\/www.turistamagazine.com\/v2\/index.php?rest_route=\/wp\/v2\/posts\/29199","targetHints":{"allow":["GET"]}}],"collection":[{"href":"https:\/\/www.turistamagazine.com\/v2\/index.php?rest_route=\/wp\/v2\/posts"}],"about":[{"href":"https:\/\/www.turistamagazine.com\/v2\/index.php?rest_route=\/wp\/v2\/types\/post"}],"author":[{"embeddable":true,"href":"https:\/\/www.turistamagazine.com\/v2\/index.php?rest_route=\/wp\/v2\/users\/1"}],"replies":[{"embeddable":true,"href":"https:\/\/www.turistamagazine.com\/v2\/index.php?rest_route=%2Fwp%2Fv2%2Fcomments&post=29199"}],"version-history":[{"count":1,"href":"https:\/\/www.turistamagazine.com\/v2\/index.php?rest_route=\/wp\/v2\/posts\/29199\/revisions"}],"predecessor-version":[{"id":29200,"href":"https:\/\/www.turistamagazine.com\/v2\/index.php?rest_route=\/wp\/v2\/posts\/29199\/revisions\/29200"}],"wp:featuredmedia":[{"embeddable":true,"href":"https:\/\/www.turistamagazine.com\/v2\/index.php?rest_route=\/wp\/v2\/media\/19496"}],"wp:attachment":[{"href":"https:\/\/www.turistamagazine.com\/v2\/index.php?rest_route=%2Fwp%2Fv2%2Fmedia&parent=29199"}],"wp:term":[{"taxonomy":"category","embeddable":true,"href":"https:\/\/www.turistamagazine.com\/v2\/index.php?rest_route=%2Fwp%2Fv2%2Fcategories&post=29199"},{"taxonomy":"post_tag","embeddable":true,"href":"https:\/\/www.turistamagazine.com\/v2\/index.php?rest_route=%2Fwp%2Fv2%2Ftags&post=29199"}],"curies":[{"name":"wp","href":"https:\/\/api.w.org\/{rel}","templated":true}]}}