{"id":29146,"date":"2017-05-12T07:15:51","date_gmt":"2017-05-12T12:15:51","guid":{"rendered":"http:\/\/www.turistamagazine.com\/v2\/?p=29146"},"modified":"2017-05-12T07:15:51","modified_gmt":"2017-05-12T12:15:51","slug":"brigitte-24-anos-no-son-nada-si-existe-verdadero-amor","status":"publish","type":"post","link":"https:\/\/www.turistamagazine.com\/v2\/?p=29146","title":{"rendered":"\u201c\u00a1BRIGITTE! 24 A\u00d1OS NO SON NADA SI EXISTE VERDADERO AMOR\u00bb"},"content":{"rendered":"<p style=\"text-align: justify;\"><strong><span style=\"color: #000080;\">FRAN- CA- MENTE.-<\/span><\/strong> \u00a0\u00a0La frase popular es <strong><em><span style=\"color: #000080;\">\u201cpara el amor no hay edad<\/span><\/em><\/strong>\u201d suena un poco cursi para las personas que no lo sienten o han sentido nunca, pero pensamos que tomar como excusa la edad para no tomar una decisi\u00f3n o asumir las consecuencias de una diferencia de edad entre una pareja es porque no existe el sentimiento suficiente para ello.<\/p>\n<p style=\"text-align: justify;\">Un hermoso\u00a0ejemplo es la nueva pareja presidencial francesa, que como siempre genera, esc\u00e1ndalos o murmuraciones,\u00a0 de mala <span style=\"color: #000080;\"><strong><em>\u201c leche\u201d<\/em><\/strong><\/span> como decimos en Per\u00fa.<\/p>\n<p style=\"text-align: justify;\">Lo curioso del caso en este mundo <em><strong><span style=\"color: #000080;\">\u201cmachista\u201d<\/span><\/strong><\/em> es que \u00a0Brigitte, de 64 a\u00f1os, le lleva a su pareja la misma diferencia de edad que separan al presidente de Estados Unidos, Donald Trump, de su esposa Melania. No obstante\u00a0 en esta parte del continente eso muy natural y nadie se preocup\u00f3 de la diferencia de edad\u2026<em><strong><span style=\"color: #000080;\">Claro el que ten\u00eda los 64 a\u00f1os era Trump por lo tanto el mundo se preocupaba por el atuendo\u00a0 que iba a lucir Melaniay la diferencia de edad no importaba\u2026<\/span><\/strong><\/em><\/p>\n<p style=\"text-align: justify;\">Pensamos y conociendo un poco de la cultura francesa a los franceses no les importar\u00e1 mucho esa diferencia de edad, \u00a0<span style=\"color: #000080;\"><strong><em>\u201ctan pis\u201d<\/em><\/strong><\/span> dir\u00e1n ellos\u2026Lo que si les importar\u00e1 \u00e9l papel que desempe\u00f1e esta mujer mayor en el gobierno de su marido.<\/p>\n<p style=\"text-align: justify;\">\u00a0C\u00f3mo para encerrar un poco esta relaci\u00f3n dentro del <span style=\"color: #000080;\"><strong><em>\u201cmorbo\u201d<\/em><\/strong><\/span> algunos titulare son \u00a0<span style=\"color: #000080;\">\u201c<strong><em>fue su maestra<\/em><\/strong>\u201d<\/span>\u2026 Es verdad fue su maestra pero de Teatro\u2026 Y se conocieron cuando \u00e9l ten\u00eda 15 a\u00f1os y era compa\u00f1ero de escuela de la hija de Brigitte y fue un <span style=\"color: #000080;\"><strong><em>\u201ccup de foudre\u201d<\/em><\/strong> <\/span>su primer encuentro, <em><strong><span style=\"color: #000080;\">a los 17 a\u00f1os, Emmanuel le dijo a su mujer que alg\u00fan d\u00eda se casar\u00eda con ella, cosa que cumpli\u00f3 en 2007, una d\u00e9cada m\u00e1s tarde.<\/span><\/strong><\/em><\/p>\n<p style=\"text-align: justify;\">Tienen 10 a\u00f1os de casados, y ella ha sido su asesora principal durante toda su corta carrera pol\u00edtica y c\u00f3mo el mismo Macr\u00f3n dice \u00a0somos <strong><em><span style=\"color: #000080;\">\u201cUna pareja no muy com\u00fan, no muy normal -aunque no me guste mucho ese adjetivo- pero una pareja que existe\u201d<\/span>\u2026<\/em><\/strong> Bravo Emmanuel\u2026 Demostraste que no te importa el que <span style=\"color: #000080;\"><strong><em>\u201cdir\u00e1n\u201d<\/em><\/strong><\/span> ya que los que se ocupan de murmurar o criticar diferencia de edades entre <span style=\"color: #000080;\"><strong><em>\u201cla mujer<\/em><\/strong><\/span>\u201d y el hombre\u2026 Est\u00e1n perdidos en otras realidades\u2026 Felicidades y estamos seguros que los franceses \u00a0han elegido a la persona id\u00f3nea para \u00a0que saque al pa\u00eds de esa crisis social tan grande que vive en estos momentos Francia\u00a0donde se iniciaron y \u00a0debe reinar siempre los principios b\u00e1sicos de la democracia<strong><em>. <\/em><em><span style=\"color: #000080;\">LIBERT\u00c9, \u00c9GALIT\u00c9 ET FRATERNIT\u00c9<\/span><\/em><span style=\"color: #000080;\">. El pa\u00eds con el himno nacional m\u00e1s bello \u00a0La Marseillaise. FRAN-CA- MENTE &#8230;\u00a0<\/span><\/strong><\/p>\n","protected":false},"excerpt":{"rendered":"<p>FRAN- CA- MENTE.- \u00a0\u00a0La frase popular es \u201cpara el amor no hay edad\u201d suena un poco cursi para las personas que no lo sienten o han sentido nunca, pero pensamos que tomar como excusa la edad para no tomar una decisi\u00f3n o asumir las consecuencias de una diferencia de edad entre una pareja es porque no existe el sentimiento suficiente para ello. Un hermoso\u00a0ejemplo es la nueva pareja presidencial francesa, que como siempre genera, esc\u00e1ndalos o murmuraciones,\u00a0 de mala \u201c leche\u201d como decimos en Per\u00fa. Lo curioso del caso en este mundo \u201cmachista\u201d es que \u00a0Brigitte, de 64 a\u00f1os, le&#8230;<\/p>\n","protected":false},"author":1,"featured_media":0,"comment_status":"open","ping_status":"open","sticky":false,"template":"","format":"standard","meta":{"footnotes":""},"categories":[346],"tags":[99,7313,340,6132,749],"class_list":["post-29146","post","type-post","status-publish","format-standard","hentry","category-francamente","tag-elenita-villar","tag-francamente-12-de-mayo-2017","tag-peru","tag-portal-de-noticias-turistamagazine","tag-turistamagazine"],"_links":{"self":[{"href":"https:\/\/www.turistamagazine.com\/v2\/index.php?rest_route=\/wp\/v2\/posts\/29146","targetHints":{"allow":["GET"]}}],"collection":[{"href":"https:\/\/www.turistamagazine.com\/v2\/index.php?rest_route=\/wp\/v2\/posts"}],"about":[{"href":"https:\/\/www.turistamagazine.com\/v2\/index.php?rest_route=\/wp\/v2\/types\/post"}],"author":[{"embeddable":true,"href":"https:\/\/www.turistamagazine.com\/v2\/index.php?rest_route=\/wp\/v2\/users\/1"}],"replies":[{"embeddable":true,"href":"https:\/\/www.turistamagazine.com\/v2\/index.php?rest_route=%2Fwp%2Fv2%2Fcomments&post=29146"}],"version-history":[{"count":1,"href":"https:\/\/www.turistamagazine.com\/v2\/index.php?rest_route=\/wp\/v2\/posts\/29146\/revisions"}],"predecessor-version":[{"id":29147,"href":"https:\/\/www.turistamagazine.com\/v2\/index.php?rest_route=\/wp\/v2\/posts\/29146\/revisions\/29147"}],"wp:attachment":[{"href":"https:\/\/www.turistamagazine.com\/v2\/index.php?rest_route=%2Fwp%2Fv2%2Fmedia&parent=29146"}],"wp:term":[{"taxonomy":"category","embeddable":true,"href":"https:\/\/www.turistamagazine.com\/v2\/index.php?rest_route=%2Fwp%2Fv2%2Fcategories&post=29146"},{"taxonomy":"post_tag","embeddable":true,"href":"https:\/\/www.turistamagazine.com\/v2\/index.php?rest_route=%2Fwp%2Fv2%2Ftags&post=29146"}],"curies":[{"name":"wp","href":"https:\/\/api.w.org\/{rel}","templated":true}]}}