{"id":28818,"date":"2017-04-26T08:59:15","date_gmt":"2017-04-26T13:59:15","guid":{"rendered":"http:\/\/www.turistamagazine.com\/v2\/?p=28818"},"modified":"2017-04-26T08:59:15","modified_gmt":"2017-04-26T13:59:15","slug":"iberia-quiere-atraer-a-un-nuevo-cliente-con-su-clase-turista-premium","status":"publish","type":"post","link":"https:\/\/www.turistamagazine.com\/v2\/?p=28818","title":{"rendered":"IBERIA QUIERE ATRAER A UN NUEVO CLIENTE CON SU CLASE TURISTA PREMIUM"},"content":{"rendered":"<p style=\"text-align: justify;\">26\/04\/2017\/ Espa\u00f1a.- Iberia ha puesto la mira en el pasajero de largo recorrido que desea desplazarse con mayor comodidad pero sin asumir el coste de viajar en bussines y ha lanzado al mercado su clase Turista Premium, presentado ayer en sociedad en sus hangares de Madrid y a bordo de un Airbus A340\/600. El director comercial, Marco Sansavini, explic\u00f3 que existe un segmento de clientes que en trayectos largos viajan en turista pero que est\u00e1n dispuestos a pagar un poco m\u00e1s para una \u00abexperiencia m\u00e1s confortable\u00bb.<\/p>\n<p style=\"text-align: justify;\">Lunas de miel, <span style=\"color: #000080;\"><strong><em>personas m\u00e1s mayores<\/em><\/strong><\/span> o grupos de medianas y peque\u00f1as empresas que no pueden asumir el coste de la clase superior son, entre otros, los potenciales clientes de esta nueva categor\u00eda para volar en Iberia.<\/p>\n<p style=\"text-align: justify;\">Dicha iniciativa ya tiene un precedente en la aerol\u00ednea British Airways, tambi\u00e9n perteneciente a IAG. Y Sansavini reconoci\u00f3 que <strong><em><span style=\"color: #000080;\">\u00abhan aprovechado\u00bb<\/span> <\/em><\/strong><em>las<\/em> encuestas y estudios de mercado de esta compa\u00f1\u00eda para desarrollar la nueva apuesta en los aviones de Iberia.<\/p>\n<p style=\"text-align: justify;\">La compa\u00f1\u00eda presidida por Luis Gallego pondr\u00e1 a la venta en mayo esta nueva categor\u00eda , en los vuelos a Chicago, Nueva York y Bogot\u00e1, para ampliarlo en junio a M\u00e9xico, en julio a Miami y en agosto a Boston.<\/p>\n<p style=\"text-align: justify;\">Entre las ventajas de la nueva clase destaca la mayor separaci\u00f3n entre filas. Entre las ventajas de la nueva clase destaca la mayor separaci\u00f3n entre filas.<\/p>\n<p style=\"text-align: justify;\">Sus caracter\u00edsticas y ventajas son que la separaci\u00f3n entre filas es mayor, con butacas m\u00e1s anchas (48 cent\u00edmetros) y un 40% m\u00e1s de reclinaci\u00f3n, con pantallas de doce pulgadas t\u00e1ctil full HD.<\/p>\n<p style=\"text-align: justify;\">Estos clientes tendr\u00e1n, adem\u00e1s, prioridad en los mostradores de facturaci\u00f3n, una mayor franquicia de equipaje con una maleta adicional, m\u00e1s opciones en el men\u00fa a bordo, un equipo de mano para el aseo y auriculares con cancelaci\u00f3n de ruido.<\/p>\n<p style=\"text-align: justify;\">Progresivamente, Iberia implantar\u00e1 la Turista Premium en el resto de destinos de largo radio, hasta el verano de 2018<\/p>\n","protected":false},"excerpt":{"rendered":"<p>26\/04\/2017\/ Espa\u00f1a.- Iberia ha puesto la mira en el pasajero de largo recorrido que desea desplazarse con mayor comodidad pero sin asumir el coste de viajar en bussines y ha lanzado al mercado su clase Turista Premium, presentado ayer en sociedad en sus hangares de Madrid y a bordo de un Airbus A340\/600. El director comercial, Marco Sansavini, explic\u00f3 que existe un segmento de clientes que en trayectos largos viajan en turista pero que est\u00e1n dispuestos a pagar un poco m\u00e1s para una \u00abexperiencia m\u00e1s confortable\u00bb. Lunas de miel, personas m\u00e1s mayores o grupos de medianas y peque\u00f1as empresas que&#8230;<\/p>\n","protected":false},"author":1,"featured_media":0,"comment_status":"open","ping_status":"open","sticky":false,"template":"","format":"standard","meta":{"footnotes":""},"categories":[4,84],"tags":[1398,99,178,6132,749,5078],"class_list":["post-28818","post","type-post","status-publish","format-standard","hentry","category-breaking-news","category-internacionales","tag-aerolineas-comerciales","tag-elenita-villar","tag-espana","tag-portal-de-noticias-turistamagazine","tag-turistamagazine","tag-ver-todos"],"_links":{"self":[{"href":"https:\/\/www.turistamagazine.com\/v2\/index.php?rest_route=\/wp\/v2\/posts\/28818","targetHints":{"allow":["GET"]}}],"collection":[{"href":"https:\/\/www.turistamagazine.com\/v2\/index.php?rest_route=\/wp\/v2\/posts"}],"about":[{"href":"https:\/\/www.turistamagazine.com\/v2\/index.php?rest_route=\/wp\/v2\/types\/post"}],"author":[{"embeddable":true,"href":"https:\/\/www.turistamagazine.com\/v2\/index.php?rest_route=\/wp\/v2\/users\/1"}],"replies":[{"embeddable":true,"href":"https:\/\/www.turistamagazine.com\/v2\/index.php?rest_route=%2Fwp%2Fv2%2Fcomments&post=28818"}],"version-history":[{"count":1,"href":"https:\/\/www.turistamagazine.com\/v2\/index.php?rest_route=\/wp\/v2\/posts\/28818\/revisions"}],"predecessor-version":[{"id":28819,"href":"https:\/\/www.turistamagazine.com\/v2\/index.php?rest_route=\/wp\/v2\/posts\/28818\/revisions\/28819"}],"wp:attachment":[{"href":"https:\/\/www.turistamagazine.com\/v2\/index.php?rest_route=%2Fwp%2Fv2%2Fmedia&parent=28818"}],"wp:term":[{"taxonomy":"category","embeddable":true,"href":"https:\/\/www.turistamagazine.com\/v2\/index.php?rest_route=%2Fwp%2Fv2%2Fcategories&post=28818"},{"taxonomy":"post_tag","embeddable":true,"href":"https:\/\/www.turistamagazine.com\/v2\/index.php?rest_route=%2Fwp%2Fv2%2Ftags&post=28818"}],"curies":[{"name":"wp","href":"https:\/\/api.w.org\/{rel}","templated":true}]}}