{"id":28758,"date":"2017-04-21T09:26:49","date_gmt":"2017-04-21T14:26:49","guid":{"rendered":"http:\/\/www.turistamagazine.com\/v2\/?p=28758"},"modified":"2017-04-21T09:35:17","modified_gmt":"2017-04-21T14:35:17","slug":"nos-escriben-23","status":"publish","type":"post","link":"https:\/\/www.turistamagazine.com\/v2\/?p=28758","title":{"rendered":"NOS ESCRIBEN&#8230;"},"content":{"rendered":"<p><span style=\"color: #000080;\"><strong><em>Es de bien nacido ser agradecido:<\/em><\/strong><\/span><\/p>\n<p style=\"text-align: justify;\">Por lo que agradecemos a todos nuestros \u00a0dilectos y fieles lectores que se dan el tiempo de escribimos, no todos los publicamos porque muchos est\u00e1n directamente en el art\u00edculo y\/o \u00a0noticia que les pareci\u00f3 bueno\/a, o motiv\u00f3 su comentario pero siempre respondemos y agradecemos su especial atenci\u00f3n.<\/p>\n<p><em><strong><span style=\"color: #000080;\">Gracias Fernando por la gentileza de reenviar nuestro Semanario<\/span><\/strong><\/em><\/p>\n<p>Querida amiga Elenita &#8230; no tienes que darme las gracias, pero lo agradezco.<\/p>\n<p>Siempre lo hago &#8230; yo re env\u00edo los \u00abmagazines\u00bb que tienes la gentileza de enviarme &#8230; pero lo hago de manera selectiva, y principalmente a las personas que conozco y que se que aprecian la lectura de tu Revista &#8230;<\/p>\n<p>Tengo la satisfacci\u00f3n de decirte que nunca nadie ha manifestado su disconformidad ni rechazo, no. Todo lo contrario, he recibido varias opiniones favorables &#8230;<\/p>\n<p><em><strong><span style=\"color: #000080;\">Abrazos<\/span><\/strong><\/em><\/p>\n<p><em><strong><span style=\"color: #000080;\">Fernando Quir\u00f3s Chueca<\/span><\/strong><\/em><\/p>\n<p><em><strong><span style=\"color: #000080;\">Lima- Per\u00fa<\/span><\/strong><\/em><\/p>\n<p>&#8212;&#8212;&#8212;&#8212;&#8212;&#8212;&#8212;&#8212;&#8212;&#8212;&#8212;&#8212;&#8212;&#8212;&#8212;&#8212;&#8212;&#8212;&#8212;&#8212;<\/p>\n<p>Nuestra\u00a0 querida Helena, gracias por tan oportuno editorial, realmente el Presidente del Per\u00fa, se merece ese honor, por su\u00a0 fe en la democracia, en los Derechos Humanos y en el bienestar.\u00a0 \u00a0en el\u00a0 bienestar\u00a0 de nuestro\u00a0 querido pueblo peruano.<\/p>\n<p><em><strong><span style=\"color: #000080;\"> Un gran abrazo y que nuestro Gran Dios, te siga llenado de bendiciones.<\/span><\/strong><\/em><\/p>\n<p><em><strong><span style=\"color: #000080;\">Levy y Omaira Benshimol<\/span><\/strong><\/em><\/p>\n<p><em><strong><span style=\"color: #000080;\">Caracas-Venezuela<\/span><\/strong><\/em><\/p>\n<p>&#8212;&#8212;&#8212;&#8212;&#8212;&#8212;&#8212;&#8212;&#8212;&#8212;&#8212;&#8212;&#8212;&#8212;&#8212;&#8212;&#8212;&#8212;&#8212;&#8212;<\/p>\n<p>GRACIAS POR LAS INFORMACIONES ESTIMADA ELENA.<\/p>\n<p>CORDIALES SALUDOS,<\/p>\n<p><strong><em><span style=\"color: #000080;\">CLAUDIO SARMIENTO.<\/span><\/em><\/strong><\/p>\n<p>&#8212;&#8212;&#8212;&#8212;&#8212;&#8212;&#8212;&#8212;&#8212;&#8212;&#8212;&#8212;&#8212;&#8212;&#8212;&#8212;&#8212;&#8212;&#8212;&#8212;&#8212;&#8212;&#8212;<\/p>\n<p>Estimada Sra. Elena de Villar<\/p>\n<p>Muchas gracias por el env\u00edo de Turista magazine \u00a0que nos has remitido, muy interesante el art\u00edculo sobre las Gemas de Semana \u00a0Santa. En tu persona hacemos extensivo la felicitaci\u00f3n a tu equipo por aportar al turismo y al conocimiento de nuevas tradiciones .<\/p>\n<p>Dese\u00e1ndoles que contin\u00faen los \u00e9xitos<\/p>\n<p>Atentamente<\/p>\n<p><em><strong><span style=\"color: #000080;\">Nancy de Olavide<\/span><\/strong><\/em><\/p>\n<p><em><strong><span style=\"color: #000080;\">Lima-Per\u00fa<\/span><\/strong><\/em><\/p>\n<p><strong><em><span style=\"color: #000080;\">SONR\u00cdA\u00a0 LA VIDA ES BELLA<\/span><\/em><\/strong><\/p>\n<p><strong><em><span style=\"color: #000080;\">Asaltos en la carretera<\/span><\/em><\/strong><\/p>\n<p><strong><em><span style=\"color: #000080;\">\u00a0Al gallego que viajaba a Trujillo (Espa\u00f1a), su amigo muy preocupado le dice, ten cuidado con los asaltos, y el gallego le responde, no te preocupes que dentro de la maleta llevo el rev\u00f3lver\u2026<\/span><\/em><\/strong><\/p>\n<p>E.V.<\/p>\n","protected":false},"excerpt":{"rendered":"<p>Es de bien nacido ser agradecido: Por lo que agradecemos a todos nuestros \u00a0dilectos y fieles lectores que se dan el tiempo de escribimos, no todos los publicamos porque muchos est\u00e1n directamente en el art\u00edculo y\/o \u00a0noticia que les pareci\u00f3 bueno\/a, o motiv\u00f3 su comentario pero siempre respondemos y agradecemos su especial atenci\u00f3n. Gracias Fernando por la gentileza de reenviar nuestro Semanario Querida amiga Elenita &#8230; no tienes que darme las gracias, pero lo agradezco. Siempre lo hago &#8230; yo re env\u00edo los \u00abmagazines\u00bb que tienes la gentileza de enviarme &#8230; pero lo hago de manera selectiva, y principalmente a&#8230;<\/p>\n","protected":false},"author":1,"featured_media":0,"comment_status":"open","ping_status":"open","sticky":false,"template":"","format":"standard","meta":{"footnotes":""},"categories":[97],"tags":[99,6132,749,5078],"class_list":["post-28758","post","type-post","status-publish","format-standard","hentry","category-nos-escriben","tag-elenita-villar","tag-portal-de-noticias-turistamagazine","tag-turistamagazine","tag-ver-todos"],"_links":{"self":[{"href":"https:\/\/www.turistamagazine.com\/v2\/index.php?rest_route=\/wp\/v2\/posts\/28758","targetHints":{"allow":["GET"]}}],"collection":[{"href":"https:\/\/www.turistamagazine.com\/v2\/index.php?rest_route=\/wp\/v2\/posts"}],"about":[{"href":"https:\/\/www.turistamagazine.com\/v2\/index.php?rest_route=\/wp\/v2\/types\/post"}],"author":[{"embeddable":true,"href":"https:\/\/www.turistamagazine.com\/v2\/index.php?rest_route=\/wp\/v2\/users\/1"}],"replies":[{"embeddable":true,"href":"https:\/\/www.turistamagazine.com\/v2\/index.php?rest_route=%2Fwp%2Fv2%2Fcomments&post=28758"}],"version-history":[{"count":4,"href":"https:\/\/www.turistamagazine.com\/v2\/index.php?rest_route=\/wp\/v2\/posts\/28758\/revisions"}],"predecessor-version":[{"id":28762,"href":"https:\/\/www.turistamagazine.com\/v2\/index.php?rest_route=\/wp\/v2\/posts\/28758\/revisions\/28762"}],"wp:attachment":[{"href":"https:\/\/www.turistamagazine.com\/v2\/index.php?rest_route=%2Fwp%2Fv2%2Fmedia&parent=28758"}],"wp:term":[{"taxonomy":"category","embeddable":true,"href":"https:\/\/www.turistamagazine.com\/v2\/index.php?rest_route=%2Fwp%2Fv2%2Fcategories&post=28758"},{"taxonomy":"post_tag","embeddable":true,"href":"https:\/\/www.turistamagazine.com\/v2\/index.php?rest_route=%2Fwp%2Fv2%2Ftags&post=28758"}],"curies":[{"name":"wp","href":"https:\/\/api.w.org\/{rel}","templated":true}]}}