{"id":28725,"date":"2017-04-20T16:03:46","date_gmt":"2017-04-20T21:03:46","guid":{"rendered":"http:\/\/www.turistamagazine.com\/v2\/?p=28725"},"modified":"2017-04-21T08:11:04","modified_gmt":"2017-04-21T13:11:04","slug":"comando-chavin-de-huantar-heroes-de-la-democracia","status":"publish","type":"post","link":"https:\/\/www.turistamagazine.com\/v2\/?p=28725","title":{"rendered":"COMANDO CHAVIN DE HUANTAR HEROES DE LA DEMOCRACIA"},"content":{"rendered":"<p style=\"text-align: justify;\">Con gran satisfacci\u00f3n y con la emoci\u00f3n de que finalmente despu\u00e9s de 20 a\u00f1os se dio un fallo justo, \u00a0el Congreso de la Rep\u00fablica por mayor\u00eda, con 95 votos a favor 9 en contra y tres abstenciones, (<strong><em>siempre no falta quien tira la piedra y esconde a mano<\/em><\/strong>) aprob\u00f3 el proyecto de ley que declara a los integrantes del\u00a0 COMANDO CHAVIN DE HUANTAR H\u00e9roes de la Democracia, \u00a0valerosos peruanos que muchos de ellos ofrendaron sus vidas para devolver la paz y tranquilidad a este pa\u00eds que durante 13 a\u00f1os se desangr\u00f3, en una lucha \u00a0cruel, fratricida y de terror que vivimos los que nos quedamos en el pa\u00eds\u2026<\/p>\n<p style=\"text-align: justify;\"><em><strong><span style=\"color: #000080;\">Terror, que no nos permit\u00eda ni \u00a0asistir a cumplir con nuestras obligaciones religiosas, porque no sab\u00edamos en que momento ni lugar iban a saltar los cuerpos de v\u00edctimas inocentes por los aires como consecuencia del estallido de un\u00a0coche bomba.<\/span><\/strong><\/em><\/p>\n<p style=\"text-align: justify;\">Llegar a un banco para cualquier transacci\u00f3n comercial \u00a0era una tortura, por la misma raz\u00f3n, fuimos testigos del estallido de una bomba muy \u00a0cerca a nuestra casa donde muri\u00f3 un reconocido comandante de la Marina de Guerra de Per\u00fa, y por dicho acto volaron las lunas de nuestro domicilio\u2026<em><strong><span style=\"color: #000080;\">Viv\u00edamos\u00a0el terror, com\u00edamos terror, respir\u00e1bamos terror y dolor, al ser testigos de las \u00a0noticias \u00a0cada d\u00eda donde atacaban estos \u201cterroristas\u201d, \u00a0comunidades enteras sin respetar \u00a0mujeres, \u00a0ni\u00f1os, ni ancianos\u2026 Fue realmente\u00a0una \u00e9poca que no se debe olvidar jam\u00e1s.<\/span><\/strong><\/em><\/p>\n<p style=\"text-align: justify;\">Museo de la Memoria por supuesto\u2026 Pero memoria real y cierta sin tratar de favorecer a ninguno de los bandos\u2026 Se cometieron excesos\u00a0 seguramente, pero de ambos lados\u2026 Para eso est\u00e1 la justicia, el poder Judicial, para que con imparcialidad se juzgue a los involucrados\u2026<\/p>\n<p style=\"text-align: justify;\"><em><strong><span style=\"color: #000080;\">Ciertamente, \u00a0este reconocimiento era justo y necesario, era una gratificaci\u00f3n\u00a0 que se les deb\u00eda a los integrantes del COMANDO CHAVIN DE HUANTAR.<\/span><\/strong><\/em><\/p>\n<p style=\"text-align: justify;\"><em><strong>Un recuerdo especial al coronel Juan Valer y al capit\u00e1n Ra\u00fal Jim\u00e9nez, ambos ca\u00eddos en el rescate de los rehenes.<\/strong><\/em><\/p>\n<p style=\"text-align: justify;\">Recordamos, con orgullo que la bandera de nuestra casa perdi\u00f3 los colores\u00a0 puesto que prometimos no guardarla, mientras los rehenes estuvieran en la residencia del embajador de Jap\u00f3n, puesto que entre ellos estuvieron los 3 meses, varios amigos nuestros\u2026<\/p>\n<p style=\"text-align: justify;\">El rescate de los rehenes que organiz\u00f3 el gobierno del ex presidente Alberto Fujimori fue reconocido en el mundo por la \u00a0forma <strong><em><span style=\"color: #000080;\">\u201cbrillante en que \u00a0fue llevada a cabo\u00a0la Operaci\u00f3n Chav\u00edn de Hu\u00e1ntar\u201d.<\/span><\/em><\/strong><\/p>\n<p style=\"text-align: justify;\">\u00a0El presidente Pedro Pablo Kuczynski indic\u00f3 que la Operaci\u00f3n Chav\u00edn de Hu\u00e1ntar fue una gesta <span style=\"color: #000080;\"><strong><em>\u201cimportant\u00edsima\u201d<\/em><\/strong> <\/span>que signific\u00f3 el <span style=\"color: #000080;\"><strong><em>\u201c\u00faltimo clavo en el ata\u00fad del terrorismo\u201d.<\/em><\/strong><\/span><\/p>\n<p style=\"text-align: justify;\"><strong><em><span style=\"color: #000080;\">Todos los que nos quedamos y sufrimos en carne propia lo que fue esa \u00e9poca de terror, le decimos gracias, por siempre H\u00c9ROES\u00a0DE LA DEMOCRACIA.<\/span><\/em><\/strong><\/p>\n<p style=\"text-align: justify;\"><em>Nota:Informaci\u00f3n para nuestro lectores extranjeros\/ Al igual que otras agrupaciones terroristas autodenominadas revolucionarias de la misma \u00e9poca como Sendero Luminoso, el MRTA se sirvi\u00f3 de asesinatos y atentados con coches bomba para aterrorizar a la poblaci\u00f3n urbana. Al mismo tiempo, funcionaron guerrillas de este grupo en las regiones de la selva alta peruana. El MRTA fue liderado por su fundador V\u00edctor Polay Campos hasta su recaptura y encarcelamiento en julio de 1992; luego asumi\u00f3 como l\u00edder el insurgente N\u00e9stor Cerpa Cartolini hasta su muerte en la Operaci\u00f3n Chav\u00edn de Huantar el 22 de abril de 1997, cuando las fuerzas armadas peruanas recuperaron el control de la Embajada Japonesa en Lima tomada por asalto el 17 de diciembre de 1996 por un comando de 14 guerrilleros del MRTA, liderados por el mismo Cerpa Cartolini F\/Wikipedia<\/em><\/p>\n<p style=\"text-align: justify;\"><img decoding=\"async\" class=\"size-full wp-image-28730 alignleft\" src=\"https:\/\/www.turistamagazine.com\/v2\/wp-content\/uploads\/2017\/04\/descarga-3-1.jpg\" alt=\"\" width=\"160\" height=\"106\" \/><\/p>\n<p style=\"text-align: right;\"><strong><em>Elena Villar<\/em><\/strong><\/p>\n<p style=\"text-align: right;\"><strong><em>Directora<\/em><\/strong><\/p>\n<p style=\"text-align: right;\"><img decoding=\"async\" class=\"alignright wp-image-25975 size-thumbnail\" src=\"https:\/\/www.turistamagazine.com\/v2\/wp-content\/uploads\/2016\/11\/02-150x150.jpg\" alt=\"\" width=\"150\" height=\"150\" \/><\/p>\n","protected":false},"excerpt":{"rendered":"<p>Con gran satisfacci\u00f3n y con la emoci\u00f3n de que finalmente despu\u00e9s de 20 a\u00f1os se dio un fallo justo, \u00a0el Congreso de la Rep\u00fablica por mayor\u00eda, con 95 votos a favor 9 en contra y tres abstenciones, (siempre no falta quien tira la piedra y esconde a mano) aprob\u00f3 el proyecto de ley que declara a los integrantes del\u00a0 COMANDO CHAVIN DE HUANTAR H\u00e9roes de la Democracia, \u00a0valerosos peruanos que muchos de ellos ofrendaron sus vidas para devolver la paz y tranquilidad a este pa\u00eds que durante 13 a\u00f1os se desangr\u00f3, en una lucha \u00a0cruel, fratricida y de terror que&#8230;<\/p>\n","protected":false},"author":1,"featured_media":0,"comment_status":"open","ping_status":"open","sticky":false,"template":"","format":"standard","meta":{"footnotes":""},"categories":[345],"tags":[7269,99,340,6132,7270,749,5078],"class_list":["post-28725","post","type-post","status-publish","format-standard","hentry","category-editorial","tag-comando-chavin-de-huantar","tag-elenita-villar","tag-peru","tag-portal-de-noticias-turistamagazine","tag-terrorismo-en-el-peru","tag-turistamagazine","tag-ver-todos"],"_links":{"self":[{"href":"https:\/\/www.turistamagazine.com\/v2\/index.php?rest_route=\/wp\/v2\/posts\/28725","targetHints":{"allow":["GET"]}}],"collection":[{"href":"https:\/\/www.turistamagazine.com\/v2\/index.php?rest_route=\/wp\/v2\/posts"}],"about":[{"href":"https:\/\/www.turistamagazine.com\/v2\/index.php?rest_route=\/wp\/v2\/types\/post"}],"author":[{"embeddable":true,"href":"https:\/\/www.turistamagazine.com\/v2\/index.php?rest_route=\/wp\/v2\/users\/1"}],"replies":[{"embeddable":true,"href":"https:\/\/www.turistamagazine.com\/v2\/index.php?rest_route=%2Fwp%2Fv2%2Fcomments&post=28725"}],"version-history":[{"count":8,"href":"https:\/\/www.turistamagazine.com\/v2\/index.php?rest_route=\/wp\/v2\/posts\/28725\/revisions"}],"predecessor-version":[{"id":28751,"href":"https:\/\/www.turistamagazine.com\/v2\/index.php?rest_route=\/wp\/v2\/posts\/28725\/revisions\/28751"}],"wp:attachment":[{"href":"https:\/\/www.turistamagazine.com\/v2\/index.php?rest_route=%2Fwp%2Fv2%2Fmedia&parent=28725"}],"wp:term":[{"taxonomy":"category","embeddable":true,"href":"https:\/\/www.turistamagazine.com\/v2\/index.php?rest_route=%2Fwp%2Fv2%2Fcategories&post=28725"},{"taxonomy":"post_tag","embeddable":true,"href":"https:\/\/www.turistamagazine.com\/v2\/index.php?rest_route=%2Fwp%2Fv2%2Ftags&post=28725"}],"curies":[{"name":"wp","href":"https:\/\/api.w.org\/{rel}","templated":true}]}}