{"id":28722,"date":"2017-04-20T12:49:42","date_gmt":"2017-04-20T17:49:42","guid":{"rendered":"http:\/\/www.turistamagazine.com\/v2\/?p=28722"},"modified":"2017-04-20T12:49:42","modified_gmt":"2017-04-20T17:49:42","slug":"alianza-francesa-proyectara-demain-un-documental-ecologista-convertido-en-fenomeno-social","status":"publish","type":"post","link":"https:\/\/www.turistamagazine.com\/v2\/?p=28722","title":{"rendered":"ALIANZA FRANCESA PROYECTAR\u00c1 \u201cDEMAIN\u201d UN DOCUMENTAL ECOLOGISTA CONVERTIDO EN FEN\u00d3MENO SOCIAL"},"content":{"rendered":"<p style=\"text-align: justify;\">20\/04\/2017\/Lima.- Con motivo de celebrarse el D\u00eda de la Tierra, la Alianza Francesa de Lima proyectar\u00e1 <span style=\"color: #000080;\"><strong><em>\u201cDemain\u201d (ma\u00f1ana),<\/em><\/strong><\/span> Premio C\u00e9sar a mejor pel\u00edcula documental en 2015, de Cyril Dion y M\u00e9lanie Laurent, <span style=\"color: #000080;\"><strong><em>el s\u00e1bado 22 de abril, a las 6:00 p.m. en la Sala de cine de la Alianza Francesa en la Av. Arequipa 4595, Miraflores. El ingreso es libre.<\/em><\/strong><\/span><\/p>\n<p style=\"text-align: justify;\">\u00a0Tras la publicaci\u00f3n de un estudio que anunciaba la posible desaparici\u00f3n de parte de la humanidad, para el a\u00f1o 2100, un equipo de franceses visita diez pa\u00edses con el prop\u00f3sito de investigar las causas de esta potencial cat\u00e1strofe y, sobre todo, la forma de evitarla. En este viaje, el equipo conoce a aut\u00e9nticos agentes de cambio que est\u00e1n reinventando la agricultura, la energ\u00eda, la econom\u00eda, la democracia y la educaci\u00f3n.<\/p>\n<p style=\"text-align: justify;\"><span style=\"color: #000080;\"><strong><em>Con m\u00e1s de un mill\u00f3n de espectadores en Francia, este documental revela, de manera optimista, una nueva visi\u00f3n del mundo, donde hombres y mujeres ofrecen alternativas creativas frente al cambio clim\u00e1tico.<\/em><\/strong><\/span><\/p>\n<p style=\"text-align: justify;\">\u00a0El D\u00eda Mundial de la Tierra se instaur\u00f3 el 22 de abril de 1970, con el objeto de crear conciencia al mundo para reconocer que la Tierra nos proporciona la vida y el sustento a lo largo de nuestra existencia, raz\u00f3n v\u00e1lida para cuidar de ella. La celebraci\u00f3n del D\u00eda Mundial de la Tierra busca fomentar el cuidado de la Tierra, que incluye velar por el cuidado al medio ambiente y la conservaci\u00f3n de la biodiversidad, as\u00ed como actuar en contra de problemas como la\u00a0superpoblaci\u00f3n, la contaminaci\u00f3n, etc<\/p>\n<p>Tr\u00e1iler: <a href=\"https:\/\/www.youtube.com\/watch?v=bmL89rs0mSI\">https:\/\/www.youtube.com\/watch?v=bmL89rs0mSI<\/a><\/p>\n","protected":false},"excerpt":{"rendered":"<p>20\/04\/2017\/Lima.- Con motivo de celebrarse el D\u00eda de la Tierra, la Alianza Francesa de Lima proyectar\u00e1 \u201cDemain\u201d (ma\u00f1ana), Premio C\u00e9sar a mejor pel\u00edcula documental en 2015, de Cyril Dion y M\u00e9lanie Laurent, el s\u00e1bado 22 de abril, a las 6:00 p.m. en la Sala de cine de la Alianza Francesa en la Av. Arequipa 4595, Miraflores. El ingreso es libre. \u00a0Tras la publicaci\u00f3n de un estudio que anunciaba la posible desaparici\u00f3n de parte de la humanidad, para el a\u00f1o 2100, un equipo de franceses visita diez pa\u00edses con el prop\u00f3sito de investigar las causas de esta potencial cat\u00e1strofe y, sobre&#8230;<\/p>\n","protected":false},"author":1,"featured_media":28723,"comment_status":"open","ping_status":"open","sticky":false,"template":"","format":"standard","meta":{"footnotes":""},"categories":[4,82],"tags":[1896,7266,6132,749,5078],"class_list":["post-28722","post","type-post","status-publish","format-standard","has-post-thumbnail","hentry","category-breaking-news","category-nacionales","tag-alianza-francesa-de-lima","tag-demain-en-la-alianza-francesa","tag-portal-de-noticias-turistamagazine","tag-turistamagazine","tag-ver-todos"],"_links":{"self":[{"href":"https:\/\/www.turistamagazine.com\/v2\/index.php?rest_route=\/wp\/v2\/posts\/28722","targetHints":{"allow":["GET"]}}],"collection":[{"href":"https:\/\/www.turistamagazine.com\/v2\/index.php?rest_route=\/wp\/v2\/posts"}],"about":[{"href":"https:\/\/www.turistamagazine.com\/v2\/index.php?rest_route=\/wp\/v2\/types\/post"}],"author":[{"embeddable":true,"href":"https:\/\/www.turistamagazine.com\/v2\/index.php?rest_route=\/wp\/v2\/users\/1"}],"replies":[{"embeddable":true,"href":"https:\/\/www.turistamagazine.com\/v2\/index.php?rest_route=%2Fwp%2Fv2%2Fcomments&post=28722"}],"version-history":[{"count":1,"href":"https:\/\/www.turistamagazine.com\/v2\/index.php?rest_route=\/wp\/v2\/posts\/28722\/revisions"}],"predecessor-version":[{"id":28724,"href":"https:\/\/www.turistamagazine.com\/v2\/index.php?rest_route=\/wp\/v2\/posts\/28722\/revisions\/28724"}],"wp:featuredmedia":[{"embeddable":true,"href":"https:\/\/www.turistamagazine.com\/v2\/index.php?rest_route=\/wp\/v2\/media\/28723"}],"wp:attachment":[{"href":"https:\/\/www.turistamagazine.com\/v2\/index.php?rest_route=%2Fwp%2Fv2%2Fmedia&parent=28722"}],"wp:term":[{"taxonomy":"category","embeddable":true,"href":"https:\/\/www.turistamagazine.com\/v2\/index.php?rest_route=%2Fwp%2Fv2%2Fcategories&post=28722"},{"taxonomy":"post_tag","embeddable":true,"href":"https:\/\/www.turistamagazine.com\/v2\/index.php?rest_route=%2Fwp%2Fv2%2Ftags&post=28722"}],"curies":[{"name":"wp","href":"https:\/\/api.w.org\/{rel}","templated":true}]}}