{"id":28644,"date":"2017-04-14T10:33:39","date_gmt":"2017-04-14T15:33:39","guid":{"rendered":"http:\/\/www.turistamagazine.com\/v2\/?p=28644"},"modified":"2017-04-14T10:33:39","modified_gmt":"2017-04-14T15:33:39","slug":"el-papa-francisco-lavo-los-pies-a-presos-condenados-a-cadena-perpetua","status":"publish","type":"post","link":"https:\/\/www.turistamagazine.com\/v2\/?p=28644","title":{"rendered":"EL PAPA FRANCISCO LAV\u00d3 LOS PIES A PRESOS CONDENADOS A CADENA PERPETUA"},"content":{"rendered":"<p style=\"text-align: justify;\">14\/04\/2017\/Ciudad del Vaticano.-. Como hiciera Jes\u00fas durante la \u00daltima Cena, el papa Francisco lav\u00f3 hoy los pies a doce reclusos en una c\u00e1rcel pr\u00f3xima a Roma y les anim\u00f3 a ayudar a sus compa\u00f1eros de celda si as\u00ed lo necesitan porque, apunt\u00f3, eso tambi\u00e9n es<span style=\"color: #000080;\"><em><strong> \u00abamar\u00bb<\/strong><\/em><\/span>.<\/p>\n<p style=\"text-align: justify;\">El pont\u00edfice se traslad\u00f3 este Jueves Santo a la c\u00e1rcel de Paliano, en provincia de Frosinone (centro), \u00fanica penitenciar\u00eda de Italia reservada a los colaboradores de la Justicia y que, en la actualidad, cuenta con 70 reclusos.<\/p>\n<p style=\"text-align: justify;\">Ante ellos Francisco explic\u00f3 que el lavado de pies no es <em><strong><span style=\"color: #000080;\">\u00abfolclore\u00bb<\/span><\/strong><\/em> sino una tarea que los esclavos realizaban antiguamente cuando llegaba alguien a casa para limpiar el polvo de sus zapatos, pero que Jes\u00fas lo hizo con la voluntad de <em><strong><span style=\"color: #000080;\">\u00absembrar amor\u00bb.<\/span><\/strong><\/em><\/p>\n<p style=\"text-align: justify;\"><em><strong><span style=\"color: #000080;\">\u00ab\u00c9l, que era el jefe, que era Dios, lav\u00f3 los pies a sus disc\u00edpulos (&#8230;) Esto lo hac\u00edan los esclavos. Jes\u00fas dio la vuelta a\u00a0<\/span><\/strong><\/em><em><strong><span style=\"color: #000080;\">esto y lo hizo \u00c9l. Hab\u00eda venido al mundo para servir, para servirnos, para hacerse esclavo por nosotros, para dar la vida por nosotros, para amarnos hasta el final\u00bb,<\/span><\/strong><\/em> se\u00f1al\u00f3 el papa.<\/p>\n<p style=\"text-align: justify;\">Francisco record\u00f3 que el papa, como representante de Cristo, est\u00e1 llamado a ser el primero en <em><strong><span style=\"color: #000080;\">\u00abservir\u00bb, \u00aba sembrar el amor\u00bb<\/span><\/strong><\/em> en el mundo.<\/p>\n<div id=\"attachment_28646\" style=\"width: 212px\" class=\"wp-caption alignright\"><img decoding=\"async\" aria-describedby=\"caption-attachment-28646\" class=\"wp-image-28646 size-medium\" src=\"https:\/\/www.turistamagazine.com\/v2\/wp-content\/uploads\/2017\/04\/Papa-202x300.jpg\" alt=\"\" width=\"202\" height=\"300\" \/><p id=\"caption-attachment-28646\" class=\"wp-caption-text\">El \u00a0Papa francisco lav\u00f3 los pies a presos condenados a cadena perpetua<\/p><\/div>\n<p style=\"text-align: justify;\">\u00abEl jefe de la Iglesia es Jes\u00fas. El papa es la figura de Jes\u00fas y querr\u00eda hacer lo mismo que \u00e9l ha hecho. En esta ceremonia, el p\u00e1rroco lava los pies a los fieles. El m\u00e1s grande trabajo de esclavo para sembrar amor entre nosotros\u00bb, explic\u00f3.<\/p>\n<p style=\"text-align: justify;\">El papa anim\u00f3 a los reclusos a que cumplan con ese <em><strong><span style=\"color: #000080;\">\u00abs\u00edmbolo\u00bb<\/span><\/strong><\/em> y que ayuden a sus compa\u00f1eros de la c\u00e1rcel si necesitan alg\u00fan tipo de asistencia.<\/p>\n<p style=\"text-align: justify;\"><span style=\"color: #000080;\"><strong><em>\u00abYo no os digo que vay\u00e1is los unos a los otros a lavaros los pies, ser\u00eda una locura. S\u00ed os dir\u00e9 que si pod\u00e9is hacer una ayuda, un servicio, a vuestros compa\u00f1eros en la c\u00e1rcel, hac\u00e9dselo. Porque eso es amor, es como lavar los pies. Ser siervo de otros\u00bb<\/em><\/strong>,<\/span> inst\u00f3.<\/p>\n<p style=\"text-align: justify;\">Tras su homil\u00eda, el papa procedi\u00f3 a lavar los pies a doce de los detenidos, entre ellos tres mujeres, un musulm\u00e1n que se convertir\u00e1 al Catolicismo en junio, cuando sean bautizados, un argentino y un alban\u00e9s, mientras que el resto fueron italianos.<\/p>\n<p style=\"text-align: justify;\">Entre ellos, hab\u00eda dos reclusos condenados a cadena perpetua y el resto cuentan con penas que cumplir\u00e1n entre 2019 y 2073, seg\u00fan datos de la oficina de prensa de la Santa Sede.<\/p>\n<p style=\"text-align: justify;\">\n<p style=\"text-align: justify;\">Andina\/ EFE\/RES<\/p>\n<p>&nbsp;<\/p>\n","protected":false},"excerpt":{"rendered":"<p>14\/04\/2017\/Ciudad del Vaticano.-. Como hiciera Jes\u00fas durante la \u00daltima Cena, el papa Francisco lav\u00f3 hoy los pies a doce reclusos en una c\u00e1rcel pr\u00f3xima a Roma y les anim\u00f3 a ayudar a sus compa\u00f1eros de celda si as\u00ed lo necesitan porque, apunt\u00f3, eso tambi\u00e9n es \u00abamar\u00bb. El pont\u00edfice se traslad\u00f3 este Jueves Santo a la c\u00e1rcel de Paliano, en provincia de Frosinone (centro), \u00fanica penitenciar\u00eda de Italia reservada a los colaboradores de la Justicia y que, en la actualidad, cuenta con 70 reclusos. Ante ellos Francisco explic\u00f3 que el lavado de pies no es \u00abfolclore\u00bb sino una tarea que los&#8230;<\/p>\n","protected":false},"author":1,"featured_media":0,"comment_status":"open","ping_status":"open","sticky":false,"template":"","format":"standard","meta":{"footnotes":""},"categories":[4,84],"tags":[909,171,6132,749,5078],"class_list":["post-28644","post","type-post","status-publish","format-standard","hentry","category-breaking-news","category-internacionales","tag-ciudad-del-vaticano","tag-papa-francisco","tag-portal-de-noticias-turistamagazine","tag-turistamagazine","tag-ver-todos"],"_links":{"self":[{"href":"https:\/\/www.turistamagazine.com\/v2\/index.php?rest_route=\/wp\/v2\/posts\/28644","targetHints":{"allow":["GET"]}}],"collection":[{"href":"https:\/\/www.turistamagazine.com\/v2\/index.php?rest_route=\/wp\/v2\/posts"}],"about":[{"href":"https:\/\/www.turistamagazine.com\/v2\/index.php?rest_route=\/wp\/v2\/types\/post"}],"author":[{"embeddable":true,"href":"https:\/\/www.turistamagazine.com\/v2\/index.php?rest_route=\/wp\/v2\/users\/1"}],"replies":[{"embeddable":true,"href":"https:\/\/www.turistamagazine.com\/v2\/index.php?rest_route=%2Fwp%2Fv2%2Fcomments&post=28644"}],"version-history":[{"count":2,"href":"https:\/\/www.turistamagazine.com\/v2\/index.php?rest_route=\/wp\/v2\/posts\/28644\/revisions"}],"predecessor-version":[{"id":28648,"href":"https:\/\/www.turistamagazine.com\/v2\/index.php?rest_route=\/wp\/v2\/posts\/28644\/revisions\/28648"}],"wp:attachment":[{"href":"https:\/\/www.turistamagazine.com\/v2\/index.php?rest_route=%2Fwp%2Fv2%2Fmedia&parent=28644"}],"wp:term":[{"taxonomy":"category","embeddable":true,"href":"https:\/\/www.turistamagazine.com\/v2\/index.php?rest_route=%2Fwp%2Fv2%2Fcategories&post=28644"},{"taxonomy":"post_tag","embeddable":true,"href":"https:\/\/www.turistamagazine.com\/v2\/index.php?rest_route=%2Fwp%2Fv2%2Ftags&post=28644"}],"curies":[{"name":"wp","href":"https:\/\/api.w.org\/{rel}","templated":true}]}}