{"id":28560,"date":"2017-04-11T09:35:06","date_gmt":"2017-04-11T14:35:06","guid":{"rendered":"http:\/\/www.turistamagazine.com\/v2\/?p=28560"},"modified":"2017-04-11T09:35:06","modified_gmt":"2017-04-11T14:35:06","slug":"buro-de-lima-y-callao-pide-administracion-temporal-del-centro-de-convenciones-de-lima","status":"publish","type":"post","link":"https:\/\/www.turistamagazine.com\/v2\/?p=28560","title":{"rendered":"BUR\u00d3 DE LIMA Y CALLAO PIDE ADMINISTRACI\u00d3N TEMPORAL DEL CENTRO DE CONVENCIONES DE LIMA"},"content":{"rendered":"<p style=\"text-align: justify;\">\u00a011\/ 04\/2017Lima.- El Bur\u00f3 de Lima y Callao solicit\u00f3 al gobierno la administraci\u00f3n temporal del Centro de Convenciones de Lima hasta que se resuelva los siete arbitrajes con la empresa constructora OAS, responsable de edificaci\u00f3n del recinto de reuniones.<\/p>\n<p style=\"text-align: justify;\">Su presidente, Carlos Canales Anchorena manifest\u00f3 que las empresas asociadas a la mencionada instituci\u00f3n privada asumir\u00e1n los costos de administraci\u00f3n y equipamiento del recinto de reuniones.<\/p>\n<p style=\"text-align: justify;\"><strong><em>\u201cHemos hecho este planteamiento al Ministerio de Vivienda y nuestra propuesta debe tener una duraci\u00f3n de tres a\u00f1os, tiempo que demorar\u00eda en solucionar el tema de los arbitrajes\u201d,<\/em><\/strong> sostuvo.<\/p>\n<p style=\"text-align: justify;\">El titular de Bur\u00f3 de Lima y Callao reconoci\u00f3 que es costoso tomar las riendas administrativas del centro de convenciones de Lima, pero <strong><em>\u201ces m\u00e1s costoso en no hacer absolutamente nada\u201d.<\/em><\/strong><\/p>\n<p style=\"text-align: justify;\"><strong><em>\u201cEn la actualidad, hemos perdido 17 eventos de primer nivel que habr\u00edan significados divisas de unos US$100.00 millones de d\u00f3lares\u201d,<\/em><\/strong> precis\u00f3.<\/p>\n<p style=\"text-align: justify;\">Canales Anchorena afirm\u00f3 que el funcionamiento del centro de convenciones es importante ya que sus reuniones dejar\u00e1n un gran legado cuyo significado es el mejoramiento del conocimiento del tejido social, fortaleciendo al tejido empresarial y a la sociedad.<\/p>\n<p style=\"text-align: justify;\">Al respecto, manifest\u00f3 categ\u00f3ricamente que el gobierno, en los \u00faltimos cinco a\u00f1os, ha sido\u00a0 el mayor promotor de este tipo de eventos y que tambi\u00e9n incorpora a la actividad tur\u00edstica de nuestro pa\u00eds.<\/p>\n<p>&nbsp;<\/p>\n","protected":false},"excerpt":{"rendered":"<p>\u00a011\/ 04\/2017Lima.- El Bur\u00f3 de Lima y Callao solicit\u00f3 al gobierno la administraci\u00f3n temporal del Centro de Convenciones de Lima hasta que se resuelva los siete arbitrajes con la empresa constructora OAS, responsable de edificaci\u00f3n del recinto de reuniones. Su presidente, Carlos Canales Anchorena manifest\u00f3 que las empresas asociadas a la mencionada instituci\u00f3n privada asumir\u00e1n los costos de administraci\u00f3n y equipamiento del recinto de reuniones. \u201cHemos hecho este planteamiento al Ministerio de Vivienda y nuestra propuesta debe tener una duraci\u00f3n de tres a\u00f1os, tiempo que demorar\u00eda en solucionar el tema de los arbitrajes\u201d, sostuvo. El titular de Bur\u00f3 de Lima&#8230;<\/p>\n","protected":false},"author":1,"featured_media":28561,"comment_status":"open","ping_status":"open","sticky":false,"template":"","format":"standard","meta":{"footnotes":""},"categories":[4,82],"tags":[647,169,321,6132,330,749,5078],"class_list":["post-28560","post","type-post","status-publish","format-standard","has-post-thumbnail","hentry","category-breaking-news","category-nacionales","tag-buro-de-convenciones-de-lima","tag-carlos-canales","tag-lima","tag-portal-de-noticias-turistamagazine","tag-turismo-en-el-peru","tag-turistamagazine","tag-ver-todos"],"_links":{"self":[{"href":"https:\/\/www.turistamagazine.com\/v2\/index.php?rest_route=\/wp\/v2\/posts\/28560","targetHints":{"allow":["GET"]}}],"collection":[{"href":"https:\/\/www.turistamagazine.com\/v2\/index.php?rest_route=\/wp\/v2\/posts"}],"about":[{"href":"https:\/\/www.turistamagazine.com\/v2\/index.php?rest_route=\/wp\/v2\/types\/post"}],"author":[{"embeddable":true,"href":"https:\/\/www.turistamagazine.com\/v2\/index.php?rest_route=\/wp\/v2\/users\/1"}],"replies":[{"embeddable":true,"href":"https:\/\/www.turistamagazine.com\/v2\/index.php?rest_route=%2Fwp%2Fv2%2Fcomments&post=28560"}],"version-history":[{"count":1,"href":"https:\/\/www.turistamagazine.com\/v2\/index.php?rest_route=\/wp\/v2\/posts\/28560\/revisions"}],"predecessor-version":[{"id":28562,"href":"https:\/\/www.turistamagazine.com\/v2\/index.php?rest_route=\/wp\/v2\/posts\/28560\/revisions\/28562"}],"wp:featuredmedia":[{"embeddable":true,"href":"https:\/\/www.turistamagazine.com\/v2\/index.php?rest_route=\/wp\/v2\/media\/28561"}],"wp:attachment":[{"href":"https:\/\/www.turistamagazine.com\/v2\/index.php?rest_route=%2Fwp%2Fv2%2Fmedia&parent=28560"}],"wp:term":[{"taxonomy":"category","embeddable":true,"href":"https:\/\/www.turistamagazine.com\/v2\/index.php?rest_route=%2Fwp%2Fv2%2Fcategories&post=28560"},{"taxonomy":"post_tag","embeddable":true,"href":"https:\/\/www.turistamagazine.com\/v2\/index.php?rest_route=%2Fwp%2Fv2%2Ftags&post=28560"}],"curies":[{"name":"wp","href":"https:\/\/api.w.org\/{rel}","templated":true}]}}