{"id":28507,"date":"2017-04-07T09:26:32","date_gmt":"2017-04-07T14:26:32","guid":{"rendered":"http:\/\/www.turistamagazine.com\/v2\/?p=28507"},"modified":"2017-04-07T09:26:32","modified_gmt":"2017-04-07T14:26:32","slug":"air-europa-abrira-nuevo-vuelo-directo-entre-madrid-y-rio-de-janeiro","status":"publish","type":"post","link":"https:\/\/www.turistamagazine.com\/v2\/?p=28507","title":{"rendered":"AIR EUROPA ABRIR\u00c1 NUEVO VUELO DIRECTO ENTRE MADRID Y R\u00cdO DE JANEIRO"},"content":{"rendered":"<p>07\/04\/ 2017\/ Espa\u00f1a.- La aerol\u00ednea espa\u00f1ola Air Europa eval\u00faa ampliar su red de vuelos en Brasil con uno directo desde Madrid a R\u00edo de Janeiro, que se sumar\u00eda a los ya en funcionamiento por la compa\u00f1\u00eda con destino Sao Paulo y Salvador de Bah\u00eda, informaron fuentes oficiales.<\/p>\n<p>El nuevo trayecto, para el cual no hay fecha oficial de lanzamiento, se realizar\u00eda \u00abcinco veces por semana con vuelos directos partiendo de Madrid para R\u00edo de Janeiro\u00bb, seg\u00fan se\u00f1al\u00f3 en un comunicado el estatal Instituto Brasile\u00f1o de Turismo (Embratur).<\/p>\n<p><span style=\"color: #000080;\"><strong><em>\u00abActualmente, la compa\u00f1\u00eda espa\u00f1ola opera para Guarulhos (Sao Paulo) y Salvador. El aumento de la conexi\u00f3n es fundamental para el crecimiento del flujo de turistas extranjeros y de negocios para Brasil\u00bb, manifest\u00f3 el presidente de Embratur, Vinicius Lummertz, citado en la nota.<\/em><\/strong><\/span><\/p>\n<p>Lummertz se reuni\u00f3 este jueves con dirigentes de la aerol\u00ednea espa\u00f1ola en el marco de la exposici\u00f3n internacional de viajes y turismo World Travel Market (WTM) Latin America, que concluy\u00f3 hoy en Sao Paulo, la mayor ciudad de Brasil.<\/p>\n<p style=\"text-align: justify;\">Entre los directivos de Air Europa que participaron en el encuentro estuvieron el director general en Brasil y de expansi\u00f3n por Latinoam\u00e9rica, Enrique Mart\u00edn-Ambrosio, y el gerente general en Brasil, Luis Antonio Sobrinho.<\/p>\n<p style=\"text-align: justify;\">De acuerdo con el director comercial de R\u00edo Convention &amp; Visitors Bureau, presente tambi\u00e9n en la reuni\u00f3n, la entrada de la nueva ruta a\u00e9rea directa \u00abpuede traer beneficios por valor de seis millones de reales (cerca de dos millones de d\u00f3lares)\u00bb para la ciudad de R\u00edo de Janeiro.<\/p>\n<p style=\"text-align: justify;\"><strong><em><span style=\"color: #000080;\">\u00abLa fecha del estreno del vuelo todav\u00eda no fue divulgada porque todav\u00eda depende de la autorizaci\u00f3n de los \u00f3rganos aeroportuarios competentes de ambos pa\u00edses\u00bb<\/span>,<\/em><\/strong> agreg\u00f3 la informaci\u00f3n.<\/p>\n<p style=\"text-align: justify;\">La aerol\u00ednea espa\u00f1ola tiene adem\u00e1s un acuerdo de c\u00f3digo compartido en m\u00e1s de cien vuelos semanales operados por Avianca Brasil al operar vuelos de ida y vuelta entre Sao Paulo y las ciudades de Recife, Curitiba, Florian\u00f3polis, Fortaleza, Porto Alegre, Brasilia, Salvador de Bah\u00eda y R\u00edo de Janeiro.<\/p>\n","protected":false},"excerpt":{"rendered":"<p>07\/04\/ 2017\/ Espa\u00f1a.- La aerol\u00ednea espa\u00f1ola Air Europa eval\u00faa ampliar su red de vuelos en Brasil con uno directo desde Madrid a R\u00edo de Janeiro, que se sumar\u00eda a los ya en funcionamiento por la compa\u00f1\u00eda con destino Sao Paulo y Salvador de Bah\u00eda, informaron fuentes oficiales. El nuevo trayecto, para el cual no hay fecha oficial de lanzamiento, se realizar\u00eda \u00abcinco veces por semana con vuelos directos partiendo de Madrid para R\u00edo de Janeiro\u00bb, seg\u00fan se\u00f1al\u00f3 en un comunicado el estatal Instituto Brasile\u00f1o de Turismo (Embratur). \u00abActualmente, la compa\u00f1\u00eda espa\u00f1ola opera para Guarulhos (Sao Paulo) y Salvador. El aumento&#8230;<\/p>\n","protected":false},"author":1,"featured_media":0,"comment_status":"open","ping_status":"open","sticky":false,"template":"","format":"standard","meta":{"footnotes":""},"categories":[4,84],"tags":[153,115,99,178,6805,1027,6132,749],"class_list":["post-28507","post","type-post","status-publish","format-standard","hentry","category-breaking-news","category-internacionales","tag-air-europa","tag-brasil","tag-elenita-villar","tag-espana","tag-feinpretudi","tag-latinoamerica","tag-portal-de-noticias-turistamagazine","tag-turistamagazine"],"_links":{"self":[{"href":"https:\/\/www.turistamagazine.com\/v2\/index.php?rest_route=\/wp\/v2\/posts\/28507","targetHints":{"allow":["GET"]}}],"collection":[{"href":"https:\/\/www.turistamagazine.com\/v2\/index.php?rest_route=\/wp\/v2\/posts"}],"about":[{"href":"https:\/\/www.turistamagazine.com\/v2\/index.php?rest_route=\/wp\/v2\/types\/post"}],"author":[{"embeddable":true,"href":"https:\/\/www.turistamagazine.com\/v2\/index.php?rest_route=\/wp\/v2\/users\/1"}],"replies":[{"embeddable":true,"href":"https:\/\/www.turistamagazine.com\/v2\/index.php?rest_route=%2Fwp%2Fv2%2Fcomments&post=28507"}],"version-history":[{"count":1,"href":"https:\/\/www.turistamagazine.com\/v2\/index.php?rest_route=\/wp\/v2\/posts\/28507\/revisions"}],"predecessor-version":[{"id":28508,"href":"https:\/\/www.turistamagazine.com\/v2\/index.php?rest_route=\/wp\/v2\/posts\/28507\/revisions\/28508"}],"wp:attachment":[{"href":"https:\/\/www.turistamagazine.com\/v2\/index.php?rest_route=%2Fwp%2Fv2%2Fmedia&parent=28507"}],"wp:term":[{"taxonomy":"category","embeddable":true,"href":"https:\/\/www.turistamagazine.com\/v2\/index.php?rest_route=%2Fwp%2Fv2%2Fcategories&post=28507"},{"taxonomy":"post_tag","embeddable":true,"href":"https:\/\/www.turistamagazine.com\/v2\/index.php?rest_route=%2Fwp%2Fv2%2Ftags&post=28507"}],"curies":[{"name":"wp","href":"https:\/\/api.w.org\/{rel}","templated":true}]}}