{"id":28170,"date":"2017-03-20T16:04:30","date_gmt":"2017-03-20T21:04:30","guid":{"rendered":"http:\/\/www.turistamagazine.com\/v2\/?p=28170"},"modified":"2017-03-20T19:03:58","modified_gmt":"2017-03-21T00:03:58","slug":"lugares-turisticos-de-lambayeque-se-rehabilitaran-trabajando-juntos-gobierno-central-y-autoridades-locales","status":"publish","type":"post","link":"https:\/\/www.turistamagazine.com\/v2\/?p=28170","title":{"rendered":"LUGARES TUR\u00cdSTICOS DE LAMBAYEQUE SE REHABILITAR\u00c1N RAPIDAMENTE LO ASEGURA  MINISTRO FERREYROS"},"content":{"rendered":"<p>20\/03\/2017\/ Chiclayo.- El ministro de Comercio Exterior y Turismo, Eduardo Ferreyros, se\u00f1al\u00f3 hoy que gracias al trabajo conjunto del gobierno central y las autoridades de Lambayeque, se rehabilitar\u00e1n en el m\u00e1s breve plazo posible los lugares tur\u00edsticos de la regi\u00f3n.<\/p>\n<p><span style=\"color: #000080;\"><strong><em>As\u00ed lo indic\u00f3 al hacer una inspecci\u00f3n por los museos Tumbas Reales, T\u00facume y Sic\u00e1n;\u00a0 el Santuario Hist\u00f3rico Bosque de P\u00f3mac, las huacas Las Ventanas y El Oro, adem\u00e1s Huaca Larga, Huaca 1 y Huaca 26 de T\u00facume , as\u00ed como los talleres del Centro de Innovaci\u00f3n Tecnol\u00f3gica Tur\u00edstico Artesanal Sip\u00e1n (CITE Sip\u00e1n).<\/em><\/strong><\/span><\/p>\n<p>El titular del Mincetur indic\u00f3 que aunque diversos lugares han sido afectados por las lluvias y los huaicos, es una oportunidad para buscar repotenciar, en breve, el circuito tur\u00edstico en esta zona del pa\u00eds.<\/p>\n<p>En ese sentido, sostuvo que a trav\u00e9s del Viceministerio de Turismo se trabajar\u00e1 arduamente para lograr habilitar esta zona y que arriben visitantes deseosos de conocer Lambayeque.<\/p>\n<p><strong><em><span style=\"color: #000080;\">\u201cEl primer camino es lograr habilitar las\u00a0 carreteras y el apoyo a los damnificados. A continuaci\u00f3n se seguir\u00e1 con la recuperaci\u00f3n de las zonas afectadas\u201d<\/span>,<\/em><\/strong> destac\u00f3.<\/p>\n<p>Respecto a los lugares tur\u00edsticos coment\u00f3 que se viene analizando, con las autoridades regionales y locales, cu\u00e1l ser\u00e1 el mecanismo para su recuperaci\u00f3n.<\/p>\n<p><strong><em><span style=\"color: #000080;\">\u201cAlgunos complejos arqueol\u00f3gicos y zonas tur\u00edsticas han sufrido deterioro. Tambi\u00e9n, \u00e1reas como CITE Sip\u00e1n, cuyos talleres se encuentran afectados\u201d<\/span>,<\/em><\/strong> revel\u00f3.<\/p>\n<p>El ministro Ferreyros realiz\u00f3 estas declaraciones luego de un recorrido realizado por distintas locaciones, junto al gobernador regional de Lambayeque, Humberto Acu\u00f1a Peralta, el director del Museo Tumbas Reales de Sip\u00e1n, Walter Alva, el director del Museo Nacional Sic\u00e1n, Carlos Elera, el alcalde de P\u00edtipo, Alberto Valladoli, la gerente regional de Comercio Exterior y Turismo, Rosario Julca, entre otras autoridades.<\/p>\n<p>Posteriormente, el titular del Mincetur se reuni\u00f3 con el Jefe de la S\u00e9ptima Brigada de Infanter\u00eda del Ej\u00e9rcito, Gral. EP Jos\u00e9 Rospigliosi, quien le dio el estado situacional de la regi\u00f3n. En esta cita tambi\u00e9n particip\u00f3 el gobernador Humberto Acu\u00f1a.<\/p>\n<p>&nbsp;<\/p>\n","protected":false},"excerpt":{"rendered":"<p>20\/03\/2017\/ Chiclayo.- El ministro de Comercio Exterior y Turismo, Eduardo Ferreyros, se\u00f1al\u00f3 hoy que gracias al trabajo conjunto del gobierno central y las autoridades de Lambayeque, se rehabilitar\u00e1n en el m\u00e1s breve plazo posible los lugares tur\u00edsticos de la regi\u00f3n. As\u00ed lo indic\u00f3 al hacer una inspecci\u00f3n por los museos Tumbas Reales, T\u00facume y Sic\u00e1n;\u00a0 el Santuario Hist\u00f3rico Bosque de P\u00f3mac, las huacas Las Ventanas y El Oro, adem\u00e1s Huaca Larga, Huaca 1 y Huaca 26 de T\u00facume , as\u00ed como los talleres del Centro de Innovaci\u00f3n Tecnol\u00f3gica Tur\u00edstico Artesanal Sip\u00e1n (CITE Sip\u00e1n). El titular del Mincetur indic\u00f3 que aunque&#8230;<\/p>\n","protected":false},"author":1,"featured_media":0,"comment_status":"open","ping_status":"open","sticky":false,"template":"","format":"standard","meta":{"footnotes":""},"categories":[4,82],"tags":[7171,191,321,423,340,6132,117,330,749,5078],"class_list":["post-28170","post","type-post","status-publish","format-standard","hentry","category-breaking-news","category-nacionales","tag-humberto-acuna-peralta","tag-lambayeque","tag-lima","tag-museo-tumbas-reales","tag-peru","tag-portal-de-noticias-turistamagazine","tag-promocion-turistica","tag-turismo-en-el-peru","tag-turistamagazine","tag-ver-todos"],"_links":{"self":[{"href":"https:\/\/www.turistamagazine.com\/v2\/index.php?rest_route=\/wp\/v2\/posts\/28170","targetHints":{"allow":["GET"]}}],"collection":[{"href":"https:\/\/www.turistamagazine.com\/v2\/index.php?rest_route=\/wp\/v2\/posts"}],"about":[{"href":"https:\/\/www.turistamagazine.com\/v2\/index.php?rest_route=\/wp\/v2\/types\/post"}],"author":[{"embeddable":true,"href":"https:\/\/www.turistamagazine.com\/v2\/index.php?rest_route=\/wp\/v2\/users\/1"}],"replies":[{"embeddable":true,"href":"https:\/\/www.turistamagazine.com\/v2\/index.php?rest_route=%2Fwp%2Fv2%2Fcomments&post=28170"}],"version-history":[{"count":4,"href":"https:\/\/www.turistamagazine.com\/v2\/index.php?rest_route=\/wp\/v2\/posts\/28170\/revisions"}],"predecessor-version":[{"id":28175,"href":"https:\/\/www.turistamagazine.com\/v2\/index.php?rest_route=\/wp\/v2\/posts\/28170\/revisions\/28175"}],"wp:attachment":[{"href":"https:\/\/www.turistamagazine.com\/v2\/index.php?rest_route=%2Fwp%2Fv2%2Fmedia&parent=28170"}],"wp:term":[{"taxonomy":"category","embeddable":true,"href":"https:\/\/www.turistamagazine.com\/v2\/index.php?rest_route=%2Fwp%2Fv2%2Fcategories&post=28170"},{"taxonomy":"post_tag","embeddable":true,"href":"https:\/\/www.turistamagazine.com\/v2\/index.php?rest_route=%2Fwp%2Fv2%2Ftags&post=28170"}],"curies":[{"name":"wp","href":"https:\/\/api.w.org\/{rel}","templated":true}]}}