{"id":28024,"date":"2017-03-14T15:49:27","date_gmt":"2017-03-14T20:49:27","guid":{"rendered":"http:\/\/www.turistamagazine.com\/v2\/?p=28024"},"modified":"2017-03-14T16:03:10","modified_gmt":"2017-03-14T21:03:10","slug":"wtm-latin-america-lanza-logo-conmemorativo-de-cinco-anos-de-evento","status":"publish","type":"post","link":"https:\/\/www.turistamagazine.com\/v2\/?p=28024","title":{"rendered":"WTM LATIN AMERICA LANZA LOGO CONMEMORATIVO DE CINCO A\u00d1OS DE EVENTO"},"content":{"rendered":"<p style=\"text-align: justify;\">14\/03\/2017\/ Brasil.- Para conmemorar su quinto aniversario, WTM Latin Am\u00e9rica lanza un nuevo logo que refuerza la importancia de la edici\u00f3n 2017 y de las actividades programadas para este a\u00f1o. La creaci\u00f3n del logo reafirma la fuerza del evento en el sector y su trayectoria de crecimiento y consolidaci\u00f3n a lo largo de ese per\u00edodo. \u201cWTM Latin Am\u00e9rica se enorgullece al llegar a su 5\u00aa edici\u00f3n y quiere compartir ese logro con todos. Estamos entusiasmados y preparando un gran evento para celebrar\u201d, comenta el director de WTM Latin America, Lawrence Reinisch. <strong><em>\u201c<span style=\"color: #000080;\">Este logo fue concebido para reforzar el mensaje de que llegamos al quinto a\u00f1o con varias lecciones aprendidas y con el reconocimiento del mercado por propiciar un gran encuentro de negocios y networking para el mercado de turismo y por traer el mundo a Am\u00e9rica Latina y promover<\/span> <span style=\"color: #000080;\">Am\u00e9rica Latina ante el mundo.\u201d<\/span><\/em><\/strong> El s\u00edmbolo fue creado por la agencia DX8 Publicidade, que desarroll\u00f3 el logo conmemorativo con el desaf\u00edo de no alterar la esencia de la marca. <strong><em>\u201c<span style=\"color: #000080;\">Atender a un cliente de este porte exige una gran responsabilidad y un reflejo de esto es que para 2017 se prev\u00e9 un aumento del 30% en la producci\u00f3n\u201d<\/span><\/em><\/strong>, declara el socio fundador de DX8 Publicidade, Denis Jereissati.<\/p>\n<p style=\"text-align: justify;\">La WTM Latin Am\u00e9rica, en su quinto a\u00f1o, atrae casi 9.000 de los ejecutivos m\u00e1s conceptuados de la industria de turismo de Latinoam\u00e9rica. El evento en 2016 gener\u00f3 m\u00e1s de US$ 370 millones en nuevos negocios, que fueron realizados entre expositores y compradores.\u00a0La WTM Latin America es parte del portafolio de eventos de World Travel Market, que tambi\u00e9n incluye World Travel Market London, World Travel Market Africa, Arabian Travel Market, WTM Connect Asia e International Golf Travel<\/p>\n","protected":false},"excerpt":{"rendered":"<p>14\/03\/2017\/ Brasil.- Para conmemorar su quinto aniversario, WTM Latin Am\u00e9rica lanza un nuevo logo que refuerza la importancia de la edici\u00f3n 2017 y de las actividades programadas para este a\u00f1o. La creaci\u00f3n del logo reafirma la fuerza del evento en el sector y su trayectoria de crecimiento y consolidaci\u00f3n a lo largo de ese per\u00edodo. \u201cWTM Latin Am\u00e9rica se enorgullece al llegar a su 5\u00aa edici\u00f3n y quiere compartir ese logro con todos. Estamos entusiasmados y preparando un gran evento para celebrar\u201d, comenta el director de WTM Latin America, Lawrence Reinisch. \u201cEste logo fue concebido para reforzar el mensaje de&#8230;<\/p>\n","protected":false},"author":1,"featured_media":0,"comment_status":"open","ping_status":"open","sticky":false,"template":"","format":"standard","meta":{"footnotes":""},"categories":[4,84],"tags":[115,99,6805,6132,749,6014,7146],"class_list":["post-28024","post","type-post","status-publish","format-standard","hentry","category-breaking-news","category-internacionales","tag-brasil","tag-elenita-villar","tag-feinpretudi","tag-portal-de-noticias-turistamagazine","tag-turistamagazine","tag-turistamagazinedestinos","tag-wtm-latin-america-2017"],"_links":{"self":[{"href":"https:\/\/www.turistamagazine.com\/v2\/index.php?rest_route=\/wp\/v2\/posts\/28024","targetHints":{"allow":["GET"]}}],"collection":[{"href":"https:\/\/www.turistamagazine.com\/v2\/index.php?rest_route=\/wp\/v2\/posts"}],"about":[{"href":"https:\/\/www.turistamagazine.com\/v2\/index.php?rest_route=\/wp\/v2\/types\/post"}],"author":[{"embeddable":true,"href":"https:\/\/www.turistamagazine.com\/v2\/index.php?rest_route=\/wp\/v2\/users\/1"}],"replies":[{"embeddable":true,"href":"https:\/\/www.turistamagazine.com\/v2\/index.php?rest_route=%2Fwp%2Fv2%2Fcomments&post=28024"}],"version-history":[{"count":1,"href":"https:\/\/www.turistamagazine.com\/v2\/index.php?rest_route=\/wp\/v2\/posts\/28024\/revisions"}],"predecessor-version":[{"id":28026,"href":"https:\/\/www.turistamagazine.com\/v2\/index.php?rest_route=\/wp\/v2\/posts\/28024\/revisions\/28026"}],"wp:attachment":[{"href":"https:\/\/www.turistamagazine.com\/v2\/index.php?rest_route=%2Fwp%2Fv2%2Fmedia&parent=28024"}],"wp:term":[{"taxonomy":"category","embeddable":true,"href":"https:\/\/www.turistamagazine.com\/v2\/index.php?rest_route=%2Fwp%2Fv2%2Fcategories&post=28024"},{"taxonomy":"post_tag","embeddable":true,"href":"https:\/\/www.turistamagazine.com\/v2\/index.php?rest_route=%2Fwp%2Fv2%2Ftags&post=28024"}],"curies":[{"name":"wp","href":"https:\/\/api.w.org\/{rel}","templated":true}]}}