{"id":27986,"date":"2017-03-10T09:19:13","date_gmt":"2017-03-10T14:19:13","guid":{"rendered":"http:\/\/www.turistamagazine.com\/v2\/?p=27986"},"modified":"2017-03-11T17:39:18","modified_gmt":"2017-03-11T22:39:18","slug":"mamita-que-calor-no-al-cole","status":"publish","type":"post","link":"https:\/\/www.turistamagazine.com\/v2\/?p=27986","title":{"rendered":"MAMITA QUE CALOR\u2026 NO AL COLE"},"content":{"rendered":"<p style=\"text-align: justify;\"><span style=\"color: #000080;\"><strong>FRAN-CA-MENTE.-<\/strong><\/span> El Lunes 13 de marzo, deben empezar las clases a nivel nacional, con excepci\u00f3n de algunas regiones\u00a0 que est\u00e1n m\u00e1s afectadas por este supuesto \u00bfNi\u00f1o? Que estamos soportando los peruanos.<\/p>\n<p style=\"text-align: justify;\">Los padres de familia est\u00e1n muy preocupados por estas altas temperaturas que estamos soportando, y piden a gritos, que el inicio de clases se aplace hasta Abril, que no ser\u00eda nada raro, puesto que a\u00f1os atr\u00e1s \u00a1Huyyyyyy! Dir\u00e1n mis alumnos,\u00a0 tradicional era que<strong><em> <span style=\"color: #000080;\">\u201ccual bandadas de palomas que regresa al vergel\u201d volv\u00edamos a colegio felices (en nuestro caso) el 1\u00b0 de Abril<\/span><\/em><\/strong><span style=\"color: #000080;\">,<\/span> mes en que \u00a0en esta \u00e9poca seg\u00fan SENAMHI bajar\u00e1 un poco la temperatura\u2026 Y ser\u00eda m\u00e1s saludable para los ni\u00f1os.<\/p>\n<p style=\"text-align: justify;\">Es cierto que se han tomado algunas medidas, para que los alumnos no est\u00e9n expuestos al sol en los patios de los colegios por m\u00e1s de 15 minutos, para la formaci\u00f3n y el entonar nuestro glorioso Himno Nacional, sin embargo menudo problema \u00a0son \u00a0los uniformes, y las loncheras con su famoso \u201chuevos duro\u201d o cualquier alimento que le ponga que sea nutritivo de acuerdo a cada madre, no soportan \u00a0los calores actuales y se descompondr\u00e1n r\u00e1pidamente, con todo el inconveniente que ello conlleva\u2026<\/p>\n<p style=\"text-align: justify;\"><em><strong><span style=\"color: #000080;\">Estamos seguros, que los alumnos\u00a0 no aprender\u00e1n ni m\u00e1s ni menos de lo aprenden ahora, y si no, recuerden las famosa huelgas del SUTEP en reclamo por mejores sueldos, no eran por horas ni por un d\u00eda\u2026<\/span><\/strong><\/em><\/p>\n<p style=\"text-align: justify;\">No obstante, creemos que los chicos tambi\u00e9n tienen derechos <span style=\"color: #000080;\">\u00bf<strong><em>Por \u00a0qu\u00e9 no hacen una encuesta a nivel nacional de que piensan ellos\u2026 Se llevaran m\u00e1s de una sorpresa\u2026 Claro no faltar\u00e1n quienes no quieren volver ala escuela\u2026 Ya no creen ni \u00a0en bandadas de palomas\u2026 <\/em>FRAN-CA-MENTE\u2026<\/strong><\/span><\/p>\n","protected":false},"excerpt":{"rendered":"<p>FRAN-CA-MENTE.- El Lunes 13 de marzo, deben empezar las clases a nivel nacional, con excepci\u00f3n de algunas regiones\u00a0 que est\u00e1n m\u00e1s afectadas por este supuesto \u00bfNi\u00f1o? Que estamos soportando los peruanos. Los padres de familia est\u00e1n muy preocupados por estas altas temperaturas que estamos soportando, y piden a gritos, que el inicio de clases se aplace hasta Abril, que no ser\u00eda nada raro, puesto que a\u00f1os atr\u00e1s \u00a1Huyyyyyy! Dir\u00e1n mis alumnos,\u00a0 tradicional era que \u201ccual bandadas de palomas que regresa al vergel\u201d volv\u00edamos a colegio felices (en nuestro caso) el 1\u00b0 de Abril, mes en que \u00a0en esta \u00e9poca seg\u00fan&#8230;<\/p>\n","protected":false},"author":1,"featured_media":27998,"comment_status":"open","ping_status":"open","sticky":false,"template":"","format":"standard","meta":{"footnotes":""},"categories":[346],"tags":[99,7141,321,340,6132,749],"class_list":["post-27986","post","type-post","status-publish","format-standard","has-post-thumbnail","hentry","category-francamente","tag-elenita-villar","tag-francamente-no-al-cole","tag-lima","tag-peru","tag-portal-de-noticias-turistamagazine","tag-turistamagazine"],"_links":{"self":[{"href":"https:\/\/www.turistamagazine.com\/v2\/index.php?rest_route=\/wp\/v2\/posts\/27986","targetHints":{"allow":["GET"]}}],"collection":[{"href":"https:\/\/www.turistamagazine.com\/v2\/index.php?rest_route=\/wp\/v2\/posts"}],"about":[{"href":"https:\/\/www.turistamagazine.com\/v2\/index.php?rest_route=\/wp\/v2\/types\/post"}],"author":[{"embeddable":true,"href":"https:\/\/www.turistamagazine.com\/v2\/index.php?rest_route=\/wp\/v2\/users\/1"}],"replies":[{"embeddable":true,"href":"https:\/\/www.turistamagazine.com\/v2\/index.php?rest_route=%2Fwp%2Fv2%2Fcomments&post=27986"}],"version-history":[{"count":3,"href":"https:\/\/www.turistamagazine.com\/v2\/index.php?rest_route=\/wp\/v2\/posts\/27986\/revisions"}],"predecessor-version":[{"id":27999,"href":"https:\/\/www.turistamagazine.com\/v2\/index.php?rest_route=\/wp\/v2\/posts\/27986\/revisions\/27999"}],"wp:featuredmedia":[{"embeddable":true,"href":"https:\/\/www.turistamagazine.com\/v2\/index.php?rest_route=\/wp\/v2\/media\/27998"}],"wp:attachment":[{"href":"https:\/\/www.turistamagazine.com\/v2\/index.php?rest_route=%2Fwp%2Fv2%2Fmedia&parent=27986"}],"wp:term":[{"taxonomy":"category","embeddable":true,"href":"https:\/\/www.turistamagazine.com\/v2\/index.php?rest_route=%2Fwp%2Fv2%2Fcategories&post=27986"},{"taxonomy":"post_tag","embeddable":true,"href":"https:\/\/www.turistamagazine.com\/v2\/index.php?rest_route=%2Fwp%2Fv2%2Ftags&post=27986"}],"curies":[{"name":"wp","href":"https:\/\/api.w.org\/{rel}","templated":true}]}}