{"id":27672,"date":"2017-02-18T08:45:55","date_gmt":"2017-02-18T13:45:55","guid":{"rendered":"http:\/\/www.turistamagazine.com\/v2\/?p=27672"},"modified":"2017-02-18T08:45:55","modified_gmt":"2017-02-18T13:45:55","slug":"ica-cuenta-ya-con-el-nuevo-circuito-norte-de-la-reserva-nacional-de-paracas","status":"publish","type":"post","link":"https:\/\/www.turistamagazine.com\/v2\/?p=27672","title":{"rendered":"ICA CUENTA  YA CON EL NUEVO CIRCUITO NORTE DE LA RESERVA NACIONAL DE PARACAS"},"content":{"rendered":"<p style=\"text-align: center;\"><span style=\"color: #000080;\"><em>El ministro de Comercio Exterior y Turismo, Eduardo Ferreyros, revel\u00f3 que se construyeron doce locaciones para facilitar y hacer m\u00e1s c\u00f3moda la estancia de turistas<\/em><\/span><\/p>\n<p style=\"text-align: center;\"><span style=\"color: #000080;\"><em>Se trata de puestos de control, miradores a lo largo del circuito con zonas de parqueo para autos y buses, \u00e1rea de descanso con techo sol y sombra, servicios higi\u00e9nicos, entre otros.<\/em><\/span><\/p>\n<p style=\"text-align: center;\"><span style=\"color: #000080;\"><em>La ministra del Ambiente, Elsa Galarza, destac\u00f3 que la Reserva Nacional de Paracas es la segunda \u00e1rea protegida m\u00e1s visitada del pa\u00eds, y ello se debe a su excelente estado de conservaci\u00f3n.<\/em><\/span><\/p>\n<p style=\"text-align: justify;\">18\/02\/2017 Ica.- La Reserva Nacional de Paracas se prepara para recibir a m\u00e1s turistas, gracias a la inauguraci\u00f3n de una serie de obras que ha ejecutado el Ministerio de Comercio Exterior y Turismo (Mincetur), a lo largo de 15 kil\u00f3metros del circuito norte de esta importante zona tur\u00edstica.<\/p>\n<p style=\"text-align: justify;\">El titular del Mincetur, Eduardo Ferreyros, explic\u00f3 que se trata de diversos espacios que facilitar\u00e1n y har\u00e1n m\u00e1s c\u00f3moda la estancia de los turistas que visiten el lugar.<\/p>\n<p style=\"text-align: justify;\">As\u00ed se construyeron puestos de control, miradores con \u00e1rea de descanso con techo sol y sombra, estacionamientos. Adem\u00e1s, se instalaron pisos con motivos Nazca y Paracas, infograf\u00edas y servicios higi\u00e9nicos.<\/p>\n<p style=\"text-align: justify;\">\u00abSon doce los locaciones que se han construido a trav\u00e9s de Plan Copesco Nacional, entidad adscrita al Ministerio de Comercio Exterior y Turismo. La inversi\u00f3n asciende a S\/ 18\u00b4060,019 y busca que los visitantes disfruten las bondades naturales que ofrece la Reserva, como son las impresionantes vistas y su diversidad marina\u201d, indic\u00f3.<\/p>\n<p style=\"text-align: justify;\">A su turno, la ministra del Ambiente, Elsa Galarza, refiri\u00f3 que la Reserva Nacional de Paracas es la segunda \u00e1rea protegida m\u00e1s visitada del pa\u00eds, y ello se debe a su excelente estado de conservaci\u00f3n. \u201cContar con una Reserva Nacional que no solamente alberga hermosas playas, sino tambi\u00e9n paisajes \u00fanicos de desierto, un humedal de importancia internacional y un h\u00e1bitat con cientos de especies marinas y costeras, es la receta perfecta para ser un destino tur\u00edstico de calidad internacional\u201d, asever\u00f3.<\/p>\n<p style=\"text-align: justify;\">Agreg\u00f3 que el Per\u00fa cuenta con potencial para desarrollar un crecimiento sostenible a trav\u00e9s del uso adecuado y responsable de sus recursos naturales. Asimismo, alent\u00f3 a la poblaci\u00f3n a ser vigilantes de la conservaci\u00f3n de la Reserva Nacional de Paracas, que est\u00e1 incluida en la lista de humedales de importancia internacional de la Convenci\u00f3n de Ramsar.<\/p>\n<p style=\"text-align: justify;\">Cabe destacar que este conjunto de obras iniciaron en febrero del 2016 y con ellas se espera incrementar el flujo de turistas a 414,386. Como se recuerda, solo de enero a setiembre del 2016 arribaron 259,906 visitantes.<\/p>\n<p style=\"text-align: justify;\"><strong>\u00a0<\/strong><\/p>\n<p>&nbsp;<\/p>\n","protected":false},"excerpt":{"rendered":"<p>El ministro de Comercio Exterior y Turismo, Eduardo Ferreyros, revel\u00f3 que se construyeron doce locaciones para facilitar y hacer m\u00e1s c\u00f3moda la estancia de turistas Se trata de puestos de control, miradores a lo largo del circuito con zonas de parqueo para autos y buses, \u00e1rea de descanso con techo sol y sombra, servicios higi\u00e9nicos, entre otros. La ministra del Ambiente, Elsa Galarza, destac\u00f3 que la Reserva Nacional de Paracas es la segunda \u00e1rea protegida m\u00e1s visitada del pa\u00eds, y ello se debe a su excelente estado de conservaci\u00f3n. 18\/02\/2017 Ica.- La Reserva Nacional de Paracas se prepara para recibir&#8230;<\/p>\n","protected":false},"author":1,"featured_media":0,"comment_status":"open","ping_status":"open","sticky":false,"template":"","format":"standard","meta":{"footnotes":""},"categories":[4,82],"tags":[99,6805,350,6132,117,6671,330,749,5078],"class_list":["post-27672","post","type-post","status-publish","format-standard","hentry","category-breaking-news","category-nacionales","tag-elenita-villar","tag-feinpretudi","tag-mincetur","tag-portal-de-noticias-turistamagazine","tag-promocion-turistica","tag-reserva-nacional-de-paracas","tag-turismo-en-el-peru","tag-turistamagazine","tag-ver-todos"],"_links":{"self":[{"href":"https:\/\/www.turistamagazine.com\/v2\/index.php?rest_route=\/wp\/v2\/posts\/27672","targetHints":{"allow":["GET"]}}],"collection":[{"href":"https:\/\/www.turistamagazine.com\/v2\/index.php?rest_route=\/wp\/v2\/posts"}],"about":[{"href":"https:\/\/www.turistamagazine.com\/v2\/index.php?rest_route=\/wp\/v2\/types\/post"}],"author":[{"embeddable":true,"href":"https:\/\/www.turistamagazine.com\/v2\/index.php?rest_route=\/wp\/v2\/users\/1"}],"replies":[{"embeddable":true,"href":"https:\/\/www.turistamagazine.com\/v2\/index.php?rest_route=%2Fwp%2Fv2%2Fcomments&post=27672"}],"version-history":[{"count":1,"href":"https:\/\/www.turistamagazine.com\/v2\/index.php?rest_route=\/wp\/v2\/posts\/27672\/revisions"}],"predecessor-version":[{"id":27673,"href":"https:\/\/www.turistamagazine.com\/v2\/index.php?rest_route=\/wp\/v2\/posts\/27672\/revisions\/27673"}],"wp:attachment":[{"href":"https:\/\/www.turistamagazine.com\/v2\/index.php?rest_route=%2Fwp%2Fv2%2Fmedia&parent=27672"}],"wp:term":[{"taxonomy":"category","embeddable":true,"href":"https:\/\/www.turistamagazine.com\/v2\/index.php?rest_route=%2Fwp%2Fv2%2Fcategories&post=27672"},{"taxonomy":"post_tag","embeddable":true,"href":"https:\/\/www.turistamagazine.com\/v2\/index.php?rest_route=%2Fwp%2Fv2%2Ftags&post=27672"}],"curies":[{"name":"wp","href":"https:\/\/api.w.org\/{rel}","templated":true}]}}