{"id":27227,"date":"2017-01-25T08:12:17","date_gmt":"2017-01-25T13:12:17","guid":{"rendered":"http:\/\/www.turistamagazine.com\/v2\/?p=27227"},"modified":"2017-01-25T08:12:17","modified_gmt":"2017-01-25T13:12:17","slug":"canatur-inicia-la-feria-peru-regiones-2017-exponiendo-la-oferta-turistica-de-la-sierra-norte-y-sierra-central","status":"publish","type":"post","link":"https:\/\/www.turistamagazine.com\/v2\/?p=27227","title":{"rendered":"CANATUR INICIA LA FERIA PER\u00da REGIONES 2017 EXPONIENDO LA OFERTA TUR\u00cdSTICA DE LA SIERRA NORTE Y SIERRA CENTRAL"},"content":{"rendered":"<p>25\/01\/2017\/Lima.- El pr\u00f3ximo 7 de febrero ocho regiones del Per\u00fa: Ancash, Ayacucho, Cajamarca, Hu\u00e1nuco, Huancavelica, Jun\u00edn, Lima y Pasco, presentar\u00e1n al p\u00fablico sus ofertas y productos tur\u00edsticos en la feria Per\u00fa Regiones: Sierra Norte y Sierra Central que organiza la C\u00e1mara Nacional de Turismo (Canatur).<\/p>\n<p style=\"text-align: justify;\">\u00a0El presidente de Canatur, Fredy Gamarra El\u00edas, refiri\u00f3 que Per\u00fa Regiones: Sierra Norte y Sierra Central dar\u00e1 inicio a la edici\u00f3n Per\u00fa Regiones 2017, la m\u00e1s importante plataforma que sirve para mostrar en Lima los productos y servicios tur\u00edsticos que nos ofrecen nuestras regiones y atraer as\u00ed a un mayor n\u00famero de turistas nacionales durante el 2017.<\/p>\n<p style=\"text-align: justify;\">\u00a0Precis\u00f3 que esta es la primera fecha de un total de cuatro que la C\u00e1mara Nacional de Turismo ha programado para el presente a\u00f1o en el marco de Per\u00fa Regiones, como parte de sus actividades orientadas a promocionar el turismo interno e incentivar su crecimiento por encima del 10%.<\/p>\n<p style=\"text-align: justify;\">\u00a0<span style=\"color: #000080;\"><strong><em>\u201cEl turismo interno es todav\u00eda muy bajo en nuestro pa\u00eds y ah\u00ed tenemos el reto de intensificar la promoci\u00f3n y venta de los diversos destinos tur\u00edsticos a fin de motivar a los peruanos a viajar aprovechando los feriados largos que se han dispuesto para el 2017<\/em><\/strong>\u201d<\/span>, coment\u00f3.<\/p>\n<p style=\"text-align: justify;\">\u00a0Destac\u00f3 que las regiones Ancash, Ayacucho, Cajamarca, Hu\u00e1nuco, Huancavelica, Jun\u00edn, Lima y Pasco tienen una diversidad de productos y atractivos tur\u00edsticos, paisajes naturales, fiestas costumbristas, festividades religiosas como la Semana Santa y variada gastronom\u00eda.<\/p>\n<p style=\"text-align: justify;\">\u00a0La feria Per\u00fa Regiones: Sierra Norte y Sierra Central estar\u00e1 abierta al p\u00fablico de 09:00am a 07:00pm.<\/p>\n<p style=\"text-align: justify;\">\u00a0En cifras:<\/p>\n<p style=\"text-align: justify;\">\u00a0<strong><em><span style=\"color: #000080;\">Per\u00fa Regiones tiene grandes expectativas en la convocatoria de empresas expositoras y visitantes para este a\u00f1o en sus cuatro fechas programadas. Se espera superar las cifras alcanzadas durante el 2016, periodo en el que se convoc\u00f3 a 133 expositores y se super\u00f3 los 1, 800 visitantes. Asimismo, las negociaciones fueron del orden de S\/. 1\u2019 675, 800 para los diversos destinos nacionales<\/span>.<\/em><\/strong><\/p>\n<p style=\"text-align: justify;\"><strong><em>\u00a0<\/em><\/strong><\/p>\n","protected":false},"excerpt":{"rendered":"<p>25\/01\/2017\/Lima.- El pr\u00f3ximo 7 de febrero ocho regiones del Per\u00fa: Ancash, Ayacucho, Cajamarca, Hu\u00e1nuco, Huancavelica, Jun\u00edn, Lima y Pasco, presentar\u00e1n al p\u00fablico sus ofertas y productos tur\u00edsticos en la feria Per\u00fa Regiones: Sierra Norte y Sierra Central que organiza la C\u00e1mara Nacional de Turismo (Canatur). \u00a0El presidente de Canatur, Fredy Gamarra El\u00edas, refiri\u00f3 que Per\u00fa Regiones: Sierra Norte y Sierra Central dar\u00e1 inicio a la edici\u00f3n Per\u00fa Regiones 2017, la m\u00e1s importante plataforma que sirve para mostrar en Lima los productos y servicios tur\u00edsticos que nos ofrecen nuestras regiones y atraer as\u00ed a un mayor n\u00famero de turistas nacionales durante&#8230;<\/p>\n","protected":false},"author":1,"featured_media":27228,"comment_status":"open","ping_status":"open","sticky":false,"template":"","format":"standard","meta":{"footnotes":""},"categories":[4,82],"tags":[167,99,6805,7008,6132,117,749],"class_list":["post-27227","post","type-post","status-publish","format-standard","has-post-thumbnail","hentry","category-breaking-news","category-nacionales","tag-canatur","tag-elenita-villar","tag-feinpretudi","tag-peru-regiones-sierra-norte-y-sierra-central","tag-portal-de-noticias-turistamagazine","tag-promocion-turistica","tag-turistamagazine"],"_links":{"self":[{"href":"https:\/\/www.turistamagazine.com\/v2\/index.php?rest_route=\/wp\/v2\/posts\/27227","targetHints":{"allow":["GET"]}}],"collection":[{"href":"https:\/\/www.turistamagazine.com\/v2\/index.php?rest_route=\/wp\/v2\/posts"}],"about":[{"href":"https:\/\/www.turistamagazine.com\/v2\/index.php?rest_route=\/wp\/v2\/types\/post"}],"author":[{"embeddable":true,"href":"https:\/\/www.turistamagazine.com\/v2\/index.php?rest_route=\/wp\/v2\/users\/1"}],"replies":[{"embeddable":true,"href":"https:\/\/www.turistamagazine.com\/v2\/index.php?rest_route=%2Fwp%2Fv2%2Fcomments&post=27227"}],"version-history":[{"count":1,"href":"https:\/\/www.turistamagazine.com\/v2\/index.php?rest_route=\/wp\/v2\/posts\/27227\/revisions"}],"predecessor-version":[{"id":27229,"href":"https:\/\/www.turistamagazine.com\/v2\/index.php?rest_route=\/wp\/v2\/posts\/27227\/revisions\/27229"}],"wp:featuredmedia":[{"embeddable":true,"href":"https:\/\/www.turistamagazine.com\/v2\/index.php?rest_route=\/wp\/v2\/media\/27228"}],"wp:attachment":[{"href":"https:\/\/www.turistamagazine.com\/v2\/index.php?rest_route=%2Fwp%2Fv2%2Fmedia&parent=27227"}],"wp:term":[{"taxonomy":"category","embeddable":true,"href":"https:\/\/www.turistamagazine.com\/v2\/index.php?rest_route=%2Fwp%2Fv2%2Fcategories&post=27227"},{"taxonomy":"post_tag","embeddable":true,"href":"https:\/\/www.turistamagazine.com\/v2\/index.php?rest_route=%2Fwp%2Fv2%2Ftags&post=27227"}],"curies":[{"name":"wp","href":"https:\/\/api.w.org\/{rel}","templated":true}]}}