{"id":27036,"date":"2017-01-18T14:55:18","date_gmt":"2017-01-18T19:55:18","guid":{"rendered":"http:\/\/www.turistamagazine.com\/v2\/?p=27036"},"modified":"2017-01-18T14:55:18","modified_gmt":"2017-01-18T19:55:18","slug":"2017-nuestro-ano","status":"publish","type":"post","link":"https:\/\/www.turistamagazine.com\/v2\/?p=27036","title":{"rendered":"\u00ab2017 NUESTRO A\u00d1O\u00bb"},"content":{"rendered":"<p style=\"text-align: justify;\">Nuevamente estaremos en contacto directo con Uds. despu\u00e9s de casi tres largas y forzosas, cuasi vacaciones, incluido descanso m\u00e9dico \u00a0cambio de direcci\u00f3n, \u00a0y problemas t\u00e9cnicos que no pudimos solucionar personalmente puesto que no somos tecnol\u00f3gicos. <em><strong><span style=\"color: #003366;\">Una larga jornada que ya acab\u00f3, y comenzamos este 2017, con m\u00e1s entusiasmo que nunca con nuevos proyectos y ganas de brindarles lo mejor de nosotros mismos, en este a\u00f1o de terminaci\u00f3n impar que para nosotros es cabal\u00edstico y de muy buena energ\u00eda.<\/span><\/strong><\/em><\/p>\n<p style=\"text-align: justify;\">Con mucha alegr\u00eda y satisfacci\u00f3n empezamos nuestro recorrido, por el d\u00e9cimo a\u00f1o consecutivo en la nube digital de su Portal de Noticias TuristamagazineDestinos, que gracias a la fidelidad de todos mis amigos \u00a0lectores como Uds. que nos est\u00e1 leyendo en este momento y como no, con la participaci\u00f3n\u00a0 generosas de sus colaboradores internacionales y nacionales podemos mantenerlos al d\u00eda no s\u00f3lo con noticias de actualidad sino adem\u00e1s con an\u00e1lisis, y tendencias dela actividad tur\u00edstica, actividad econ\u00f3mica que de acuerdo a estad\u00edsticas de la OMT genera miles de millones de D\u00f3lares, Euros, Libras Esterlinas\u00a0 Yenes, Pesos, Rublos, Balboas, Reales\u00a0 o Soles peruanos, como los reciban \u00a0en su pa\u00eds\u2026<\/p>\n<p style=\"text-align: justify;\">Mr. Taleb Rifai en una emotiva carta de despedida puesto que es su \u00faltimo a\u00f1o como Secretario General de la OMT expres\u00f3\u00a0 <span style=\"color: #003366;\"><strong><em>\u201cel turismo se ha convertido en uno de los sectores socioecon\u00f3micos m\u00e1s importantes y con mayor repercusi\u00f3n de nuestro tiempo. He sido testigo de una influencia que ha ido cobrando importancia en la vida de millones de personas en todo el mundo, en la conservaci\u00f3n de los valores de la Humanidad y ha servido para promover el entendimiento entre personas de toda clase y condici\u00f3n\u201d.<\/em><\/strong><\/span><\/p>\n<p style=\"text-align: justify;\"><span style=\"color: #003366;\"><strong><em>\u201cEl compromiso de la comunidad internacional se ha redoblado, y\u00a0 muchos pa\u00edses se han dado cuenta del potencial del sector tur\u00edstico para convertirse en un pilar del desarrollo. Este compromiso ha quedado reflejado en la inclusi\u00f3n del turismo en los 17 Objetivos universales de Desarrollo Sostenible adoptados por 193 naciones en 2015\u201d<\/em><\/strong><\/span><\/p>\n<p style=\"text-align: justify;\">Dos l\u00edderes mundiales Mr. Taleb Rifai y el Secretario General de la ONU Antonio Guterres est\u00e1n convencidos como nosotros mismos que la seguridad como consecuencia de la paz es indispensable para el desarrollo arm\u00f3nico de los pa\u00edses, regiones,\u00a0 pueblos y comunidades expresa el Dr. Guterrez<\/p>\n<p style=\"text-align: justify;\"><span style=\"color: #003366;\"><strong><em>\u201cLas civilizaciones son golpeadas por una fuerza mortal. Mujeres, ni\u00f1os y hombres son muertos y heridos, expulsados de sus hogares, despose\u00eddos y desamparados\u201d, \u201cNadie gana con estas guerras; todos pierden\u201d<\/em><\/strong>,<strong><em> Hagamos de 2017 un a\u00f1o en el que todos \u2013 ciudadanos, gobiernos, l\u00edderes \u2013 nos esforcemos por superar nuestras diferencias\u201d<\/em><\/strong><\/span><\/p>\n<p style=\"text-align: justify;\"><span style=\"color: #003366;\"><strong><em>2017 como el \u201cA\u00f1o Internacional del Turismo Sostenible para el Desarrollo\u201d.<\/em><\/strong><\/span><\/p>\n<p style=\"text-align: justify;\"><strong><span style=\"color: #003366;\"><em>Nosotros agregamos \u201c2017\u201d a\u00f1o de Esperanza Vida Nueva a\u00f1o de paz\u2026<\/em><\/span><\/strong><\/p>\n<p style=\"text-align: right;\"><strong>Elena Villar<\/strong><\/p>\n<p style=\"text-align: right;\"><strong>Directora<\/strong><\/p>\n<p style=\"text-align: right;\"><strong>Presidente de FEINPRETUDI<\/strong><\/p>\n<p style=\"text-align: right;\"><img decoding=\"async\" class=\"alignright wp-image-25975 size-thumbnail\" src=\"https:\/\/www.turistamagazine.com\/v2\/wp-content\/uploads\/2016\/11\/02-150x150.jpg\" width=\"150\" height=\"150\" \/><\/p>\n","protected":false},"excerpt":{"rendered":"<p>Nuevamente estaremos en contacto directo con Uds. despu\u00e9s de casi tres largas y forzosas, cuasi vacaciones, incluido descanso m\u00e9dico \u00a0cambio de direcci\u00f3n, \u00a0y problemas t\u00e9cnicos que no pudimos solucionar personalmente puesto que no somos tecnol\u00f3gicos. Una larga jornada que ya acab\u00f3, y comenzamos este 2017, con m\u00e1s entusiasmo que nunca con nuevos proyectos y ganas de brindarles lo mejor de nosotros mismos, en este a\u00f1o de terminaci\u00f3n impar que para nosotros es cabal\u00edstico y de muy buena energ\u00eda. Con mucha alegr\u00eda y satisfacci\u00f3n empezamos nuestro recorrido, por el d\u00e9cimo a\u00f1o consecutivo en la nube digital de su Portal de Noticias&#8230;<\/p>\n","protected":false},"author":1,"featured_media":0,"comment_status":"open","ping_status":"open","sticky":false,"template":"","format":"standard","meta":{"footnotes":""},"categories":[5487],"tags":[6993,99,6805,6132,129,749,5078],"class_list":["post-27036","post","type-post","status-publish","format-standard","hentry","category-economia-turistica","tag-2017-ano-de-paz","tag-elenita-villar","tag-feinpretudi","tag-portal-de-noticias-turistamagazine","tag-secretario-general-de-la-omt","tag-turistamagazine","tag-ver-todos"],"_links":{"self":[{"href":"https:\/\/www.turistamagazine.com\/v2\/index.php?rest_route=\/wp\/v2\/posts\/27036","targetHints":{"allow":["GET"]}}],"collection":[{"href":"https:\/\/www.turistamagazine.com\/v2\/index.php?rest_route=\/wp\/v2\/posts"}],"about":[{"href":"https:\/\/www.turistamagazine.com\/v2\/index.php?rest_route=\/wp\/v2\/types\/post"}],"author":[{"embeddable":true,"href":"https:\/\/www.turistamagazine.com\/v2\/index.php?rest_route=\/wp\/v2\/users\/1"}],"replies":[{"embeddable":true,"href":"https:\/\/www.turistamagazine.com\/v2\/index.php?rest_route=%2Fwp%2Fv2%2Fcomments&post=27036"}],"version-history":[{"count":1,"href":"https:\/\/www.turistamagazine.com\/v2\/index.php?rest_route=\/wp\/v2\/posts\/27036\/revisions"}],"predecessor-version":[{"id":27037,"href":"https:\/\/www.turistamagazine.com\/v2\/index.php?rest_route=\/wp\/v2\/posts\/27036\/revisions\/27037"}],"wp:attachment":[{"href":"https:\/\/www.turistamagazine.com\/v2\/index.php?rest_route=%2Fwp%2Fv2%2Fmedia&parent=27036"}],"wp:term":[{"taxonomy":"category","embeddable":true,"href":"https:\/\/www.turistamagazine.com\/v2\/index.php?rest_route=%2Fwp%2Fv2%2Fcategories&post=27036"},{"taxonomy":"post_tag","embeddable":true,"href":"https:\/\/www.turistamagazine.com\/v2\/index.php?rest_route=%2Fwp%2Fv2%2Ftags&post=27036"}],"curies":[{"name":"wp","href":"https:\/\/api.w.org\/{rel}","templated":true}]}}