{"id":26490,"date":"2016-12-09T07:54:22","date_gmt":"2016-12-09T12:54:22","guid":{"rendered":"http:\/\/www.turistamagazine.com\/v2\/?p=26490"},"modified":"2016-12-09T07:55:59","modified_gmt":"2016-12-09T12:55:59","slug":"fisica-cuantica","status":"publish","type":"post","link":"https:\/\/www.turistamagazine.com\/v2\/?p=26490","title":{"rendered":"\u201cFISICA CUANTICA\u201d"},"content":{"rendered":"<p style=\"text-align: justify;\"><strong><span style=\"color: #333399;\">FRAN-CA-MENTE.-<\/span><\/strong> Solo el nombre, ya nos produce \u00a0escalofr\u00edo y nos da pereza pensar en ello\u2026 Siempre desde el colegio los cursos de Matem\u00e1ticas, Qu\u00edmica y F\u00edsica, \u00a0fue <strong><em><span style=\"color: #333399;\">\u201cchino<\/span><\/em><\/strong>\u201d para nosotros, evidentemente siempre preferimos las letras\u2026\u00a0 Y s\u00f3lo aprendimos a fuerza de repetirlo <span style=\"color: #333399;\"><strong><em>\u201cque dos naranjas + dos naranjas, eran 4 naranjas, pero si nos preguntaban el ejercicio, utilizando manzanas ya era una terrible confusi\u00f3n<\/em><\/strong><\/span>\u2026 Por favor piensen que s\u00f3lo ten\u00edamos 5 a\u00f1os y est\u00e1bamos en lo que ahora llaman <span style=\"color: #333399;\"><strong><em>\u201cnido\u201d\u2026<\/em><\/strong> \u00a0<strong><em>\u00a1Huy! dir\u00e1n nuestros alumnos, \u00bfProfesora todav\u00eda se acuerda?&#8230;<\/em><\/strong><\/span><\/p>\n<p style=\"text-align: justify;\">\u00a0Es la raz\u00f3n por la que mostramos nuestro justo reconocimiento a \u00a0Antonella Masini \u00a0que dice <span style=\"color: #333399;\"><strong><em>\u00abCreo que la f\u00edsica es el puente que conecta nuestro mundo con la ciencia ficci\u00f3n\u00bb.<\/em><\/strong><\/span><\/p>\n<p style=\"text-align: justify;\">Antonella Masini, \u00a0como todos sabemos ha ganado una beca de US$ 250 mil y un laboratorio de ciencias valorizado en US$ 100 mil para el colegio \u00a0ganador el Cambridge College, que est\u00e1 considerado uno de los mejores colegios de nuestro pa\u00eds \u2026 Y esta distinguida alumna lo ha demostrado con su presentaci\u00f3n y explicaci\u00f3n en forma divertida y simple el fascinante concepto de la f\u00edsica avanzada conocido como el <span style=\"color: #333399;\"><strong><em>\u00abentrelazamiento cu\u00e1ntico\u00bb\u2026<\/em><\/strong><\/span><\/p>\n<p style=\"text-align: justify;\">Antonella, explica que su inspiraci\u00f3n para aprender f\u00edsica fue <em><strong><span style=\"color: #333399;\">\u201cHarry Potter\u00bb,<\/span><\/strong><\/em> y cuando alguien le preguntaba qu\u00e9 quer\u00eda ser de grande, respond\u00eda sin dudarlo: <strong><em><span style=\"color: #333399;\">\u201cuna hechicera\u201d.<\/span><\/em><\/strong><\/p>\n<p style=\"text-align: justify;\">Ayer a \u00a0la reconocida periodistas Milagros Leiva en su programa de TV, <em><strong><span style=\"color: #333399;\">\u201cTodo se sabe\u201d,<\/span><\/strong><\/em> se le notaba claramente que no entend\u00eda los conceptos que esta chica de 18 a\u00f1os, con gran naturalidad\u00a0 le explicaba, y confes\u00f3 \u00a0que ella de f\u00edsica s\u00f3lo recordaba Las Leyes de Newton\u2026<span style=\"color: #333399;\"> <strong><em>No te preocupes Milagros, que somos millones de seres humanos que s\u00f3lo recordamos las mismas, y a medias\u2026<\/em><\/strong><\/span><\/p>\n<p style=\"text-align: justify;\"><span style=\"color: #333399;\"><strong><em>\u201cCahapeau mademoseille Antonella\u201d y como dice el ministro \u00a0de educaci\u00f3n Jaime Saavedra, \u201cA \u00a0la educaci\u00f3n se le \u00a0respeta\u201d\u2026 FRAN-CA-MENTE\u2026<\/em><\/strong><\/span><\/p>\n","protected":false},"excerpt":{"rendered":"<p>FRAN-CA-MENTE.- Solo el nombre, ya nos produce \u00a0escalofr\u00edo y nos da pereza pensar en ello\u2026 Siempre desde el colegio los cursos de Matem\u00e1ticas, Qu\u00edmica y F\u00edsica, \u00a0fue \u201cchino\u201d para nosotros, evidentemente siempre preferimos las letras\u2026\u00a0 Y s\u00f3lo aprendimos a fuerza de repetirlo \u201cque dos naranjas + dos naranjas, eran 4 naranjas, pero si nos preguntaban el ejercicio, utilizando manzanas ya era una terrible confusi\u00f3n\u2026 Por favor piensen que s\u00f3lo ten\u00edamos 5 a\u00f1os y est\u00e1bamos en lo que ahora llaman \u201cnido\u201d\u2026 \u00a0\u00a1Huy! dir\u00e1n nuestros alumnos, \u00bfProfesora todav\u00eda se acuerda?&#8230; \u00a0Es la raz\u00f3n por la que mostramos nuestro justo reconocimiento a \u00a0Antonella&#8230;<\/p>\n","protected":false},"author":1,"featured_media":0,"comment_status":"open","ping_status":"open","sticky":false,"template":"","format":"standard","meta":{"footnotes":""},"categories":[346],"tags":[6921,99,6805,6920,340,6132,749,5078],"class_list":["post-26490","post","type-post","status-publish","format-standard","hentry","category-francamente","tag-antonella-masini","tag-elenita-villar","tag-feinpretudi","tag-francamente-09122016","tag-peru","tag-portal-de-noticias-turistamagazine","tag-turistamagazine","tag-ver-todos"],"_links":{"self":[{"href":"https:\/\/www.turistamagazine.com\/v2\/index.php?rest_route=\/wp\/v2\/posts\/26490","targetHints":{"allow":["GET"]}}],"collection":[{"href":"https:\/\/www.turistamagazine.com\/v2\/index.php?rest_route=\/wp\/v2\/posts"}],"about":[{"href":"https:\/\/www.turistamagazine.com\/v2\/index.php?rest_route=\/wp\/v2\/types\/post"}],"author":[{"embeddable":true,"href":"https:\/\/www.turistamagazine.com\/v2\/index.php?rest_route=\/wp\/v2\/users\/1"}],"replies":[{"embeddable":true,"href":"https:\/\/www.turistamagazine.com\/v2\/index.php?rest_route=%2Fwp%2Fv2%2Fcomments&post=26490"}],"version-history":[{"count":1,"href":"https:\/\/www.turistamagazine.com\/v2\/index.php?rest_route=\/wp\/v2\/posts\/26490\/revisions"}],"predecessor-version":[{"id":26491,"href":"https:\/\/www.turistamagazine.com\/v2\/index.php?rest_route=\/wp\/v2\/posts\/26490\/revisions\/26491"}],"wp:attachment":[{"href":"https:\/\/www.turistamagazine.com\/v2\/index.php?rest_route=%2Fwp%2Fv2%2Fmedia&parent=26490"}],"wp:term":[{"taxonomy":"category","embeddable":true,"href":"https:\/\/www.turistamagazine.com\/v2\/index.php?rest_route=%2Fwp%2Fv2%2Fcategories&post=26490"},{"taxonomy":"post_tag","embeddable":true,"href":"https:\/\/www.turistamagazine.com\/v2\/index.php?rest_route=%2Fwp%2Fv2%2Ftags&post=26490"}],"curies":[{"name":"wp","href":"https:\/\/api.w.org\/{rel}","templated":true}]}}