{"id":26462,"date":"2016-12-08T16:31:22","date_gmt":"2016-12-08T21:31:22","guid":{"rendered":"http:\/\/www.turistamagazine.com\/v2\/?p=26462"},"modified":"2016-12-08T16:31:22","modified_gmt":"2016-12-08T21:31:22","slug":"hay-festival-arequipa-es-la-actividad-cultural-mas-importante-del-pais","status":"publish","type":"post","link":"https:\/\/www.turistamagazine.com\/v2\/?p=26462","title":{"rendered":"HAY FESTIVAL AREQUIPA ES LA ACTIVIDAD CULTURAL M\u00c1S IMPORTANTE DEL PA\u00cdS"},"content":{"rendered":"<p style=\"text-align: justify;\">8\/12\/2016\/Arequipa. La gobernadora regional de Arequipa, Yamila Osorio, consider\u00f3 que el Hay Festival que se celebra desde hoy hasta el domingo 11 en la Ciudad Blanca ha ganado relevancia en los dos a\u00f1os que se viene celebrando.<\/p>\n<p style=\"text-align: justify;\"><span style=\"color: #333399;\">\u00ab<\/span><strong><em><span style=\"color: #333399;\">Hay Festival de Arequipa se ha vuelto la actividad cultural m\u00e1s importante del pa\u00eds\u00bb<\/span>,<\/em><\/strong> declar\u00f3 durante sus palabras en la inauguraci\u00f3n del festival.<\/p>\n<p style=\"text-align: justify;\">Mencion\u00f3 que la reacci\u00f3n del p\u00fablico el a\u00f1o pasado ha ayudado al \u00e9xito.<\/p>\n<p style=\"text-align: justify;\"><span style=\"color: #000080;\"><strong><em>\u00abLos arequipe\u00f1os nos sentimos muy honrados de acoger tantas actividades culturales durante estos cuatro d\u00edas\u00bb<\/em><\/strong>,<\/span> a\u00f1adi\u00f3 la funcionaria.<\/p>\n<p style=\"text-align: justify;\">Record\u00f3 que son autores de 15 pa\u00edses los que participan de esta edici\u00f3n. Osorio hizo votos para que la gente conozca m\u00e1s de sus autores favoritos y de otros nuevos. Concluy\u00f3 que el Hay Festival ayuda a la internacionalizaci\u00f3n del nombre de Arequipa.<\/p>\n<p style=\"text-align: justify;\">La inauguraci\u00f3n fue en la Biblioteca Regional Vargas Llosa.<\/p>\n<p>. ANDINA\/Roc\u00edo M\u00e9ndez<\/p>\n","protected":false},"excerpt":{"rendered":"<p>8\/12\/2016\/Arequipa. La gobernadora regional de Arequipa, Yamila Osorio, consider\u00f3 que el Hay Festival que se celebra desde hoy hasta el domingo 11 en la Ciudad Blanca ha ganado relevancia en los dos a\u00f1os que se viene celebrando. \u00abHay Festival de Arequipa se ha vuelto la actividad cultural m\u00e1s importante del pa\u00eds\u00bb, declar\u00f3 durante sus palabras en la inauguraci\u00f3n del festival. Mencion\u00f3 que la reacci\u00f3n del p\u00fablico el a\u00f1o pasado ha ayudado al \u00e9xito. \u00abLos arequipe\u00f1os nos sentimos muy honrados de acoger tantas actividades culturales durante estos cuatro d\u00edas\u00bb, a\u00f1adi\u00f3 la funcionaria. Record\u00f3 que son autores de 15 pa\u00edses los que&#8230;<\/p>\n","protected":false},"author":1,"featured_media":0,"comment_status":"open","ping_status":"open","sticky":false,"template":"","format":"standard","meta":{"footnotes":""},"categories":[4,82],"tags":[268,99,6805,1033,6132,749],"class_list":["post-26462","post","type-post","status-publish","format-standard","hentry","category-breaking-news","category-nacionales","tag-arequipa","tag-elenita-villar","tag-feinpretudi","tag-mario-vargas-llosa","tag-portal-de-noticias-turistamagazine","tag-turistamagazine"],"_links":{"self":[{"href":"https:\/\/www.turistamagazine.com\/v2\/index.php?rest_route=\/wp\/v2\/posts\/26462","targetHints":{"allow":["GET"]}}],"collection":[{"href":"https:\/\/www.turistamagazine.com\/v2\/index.php?rest_route=\/wp\/v2\/posts"}],"about":[{"href":"https:\/\/www.turistamagazine.com\/v2\/index.php?rest_route=\/wp\/v2\/types\/post"}],"author":[{"embeddable":true,"href":"https:\/\/www.turistamagazine.com\/v2\/index.php?rest_route=\/wp\/v2\/users\/1"}],"replies":[{"embeddable":true,"href":"https:\/\/www.turistamagazine.com\/v2\/index.php?rest_route=%2Fwp%2Fv2%2Fcomments&post=26462"}],"version-history":[{"count":1,"href":"https:\/\/www.turistamagazine.com\/v2\/index.php?rest_route=\/wp\/v2\/posts\/26462\/revisions"}],"predecessor-version":[{"id":26464,"href":"https:\/\/www.turistamagazine.com\/v2\/index.php?rest_route=\/wp\/v2\/posts\/26462\/revisions\/26464"}],"wp:attachment":[{"href":"https:\/\/www.turistamagazine.com\/v2\/index.php?rest_route=%2Fwp%2Fv2%2Fmedia&parent=26462"}],"wp:term":[{"taxonomy":"category","embeddable":true,"href":"https:\/\/www.turistamagazine.com\/v2\/index.php?rest_route=%2Fwp%2Fv2%2Fcategories&post=26462"},{"taxonomy":"post_tag","embeddable":true,"href":"https:\/\/www.turistamagazine.com\/v2\/index.php?rest_route=%2Fwp%2Fv2%2Ftags&post=26462"}],"curies":[{"name":"wp","href":"https:\/\/api.w.org\/{rel}","templated":true}]}}