{"id":26346,"date":"2016-12-01T16:54:55","date_gmt":"2016-12-01T21:54:55","guid":{"rendered":"http:\/\/www.turistamagazine.com\/v2\/?p=26346"},"modified":"2016-12-01T16:54:55","modified_gmt":"2016-12-01T21:54:55","slug":"8-de-diciembre-1987-2016-clasico-en-el-cielo","status":"publish","type":"post","link":"https:\/\/www.turistamagazine.com\/v2\/?p=26346","title":{"rendered":"8 DE DICIEMBRE 1987 \u2013 2016  CL\u00c1SICO EN EL CIELO"},"content":{"rendered":"<p>Por Elena Villar*<\/p>\n<p>Existen fechas que nos marcan tanto en la vida que por m\u00e1s que pasen los a\u00f1os, pareciera que el dolor y la tristeza\u00a0 se hace m\u00e1s profunda, especialmente cuando sucesos, de igual magnitud, nos traen a la mente esa sensaci\u00f3n\u00a0 que nos ocurre con mucha frecuencia un \u00abdeja veu\u201d.<\/p>\n<p style=\"text-align: justify;\">Es la sensaci\u00f3n que sentimos al ent\u00e9rarnos como todos, de la noticia que avi\u00f3n de la aerol\u00ednea boliviana Lamia Corporation con 77 personas a bordo, entre ellas el equipo de f\u00fatbol <strong><em>Chapecoense de Brasil<\/em><\/strong>, se estrell\u00f3 cuando se aproximaba al aeropuerto Jos\u00e9 Mar\u00eda C\u00f3rdova de la ciudad colombiana de Medell\u00edn. 71 personas perdieron \u00a0la vida en la tragedia, seg\u00fan fuentes oficiales, gracias a Dios hubo 6 sobreviviente y eso en un accidente a\u00e9reo, es un milagro.<\/p>\n<p style=\"text-align: justify;\">Palabras de dolor \u00a0por todas parte ante esta impactante conmoci\u00f3n a\u00e9rea \u00abChapecoense es una familia en Brasil, por c\u00f3mo est\u00e1bamos haciendo las cosas, \u00e9ramos el segundo equipo de todos\u00bb. \u00abLos jugadores eran la mayor alegr\u00eda de Chapec\u00f3\u00bb. \u00abJam\u00e1s esper\u00e1bamos esto\u00bb, dijo en una entrevista O\u2019 globo Iv\u00e1n Tozzo, vicepresidente del Chapecoense<\/p>\n<p style=\"text-align: justify;\">Las\u00a0 causas reales, no se sabr\u00e1n nunca, por m\u00e1s que ya se encontraron las dos cajas negras, que de negras no tienen nada (son\u00a0 de color naranja) y se tejen miles de historias, y se seguir\u00e1n tejiendo, en tanto y en cuanto los cad\u00e1veres de los siniestrados no aparezcan como sucede con el recordado equipo Aliancista, no obstante en este caso ya se recuperan \u00a0todos los cad\u00e1veres\u2026<\/p>\n<p style=\"text-align: justify;\">En nuestro pa\u00eds se \u00a0siguen tejiendo mitos y leyendas con la ca\u00edda del \u00a0Fokker F-27 hace 28 a\u00f1os atr\u00e1s. Ya casi 29 en unos pocos d\u00edas, con un equipo promisorio que seg\u00fan los especialistas en f\u00fatbol dicen que\u00a0 fue una generaci\u00f3n magn\u00edfica de futbolistas se perdi\u00f3 absurdamente.<\/p>\n<p style=\"text-align: justify;\">Cundo ocurre una desgracia que donde mueren j\u00f3venes deportistas plenos de salud, esperanza en labrarse un futuro, tienen la vida por delante, en los cuales su familia su amigos, el pa\u00eds en ya que el f\u00fatbol es un deporte\u00a0 que aglutina multitudes en el mundo, nos deja una sensaci\u00f3n de desesperanza o perdida de algunos valores, que para los familiares m\u00e1s cercanos es dif\u00edcil de superar, y s\u00f3lo la fortaleza y fe en Dios es capaz de hacernos superar situaciones l\u00edmites que muchas personas no son capaces de superar solas, y necesitan ayuda especializada para lograrlo.<\/p>\n<p style=\"text-align: justify;\">El equipo Chapecoense casi campe\u00f3n de la final de la Copa Sudamericana contra el Atl\u00e9tico Nacional, que ha sido finalmente suspendido por la Conmebol. El club colombiano ha pedido que se conceda el t\u00edtulo de la Copa Sudamericana 2016 al Chapecoense, como un homenaje p\u00f3stumo a las v\u00edctimas.<\/p>\n<p style=\"text-align: justify;\">No sabemos mucho de Ff\u00fatbol pero si\u00a0 pensamos que ser\u00eda coherente esta decisi\u00f3n del\u00a0 club colombiano, ya que<\/p>\n<p style=\"text-align: center;\"><span style=\"color: #000080;\"><strong><em>\u201cEl escudo, el partido, la copa.<\/em><\/strong><\/span><\/p>\n<p style=\"text-align: center;\"><span style=\"color: #000080;\"><strong><em>\u00a0Todo eso pasa a un segundo plano<\/em><\/strong><\/span><\/p>\n<p style=\"text-align: center;\"><span style=\"color: #000080;\"><strong><em>\u00a0cuando se habla de la vida\u201d<\/em><\/strong><\/span><\/p>\n<p style=\"text-align: justify;\"><span style=\"color: #000080;\"><strong><em>Ya son dos los equipos completos de f\u00fatbol, perdidos de la misma forma , pues bien ya se puede jugar un cl\u00e1sico en el cielo\u2026<\/em><\/strong><\/span><\/p>\n<p style=\"text-align: justify;\"><strong><em>*Mg. En turismo y Hoteler\u00eda<\/em><\/strong><\/p>\n<p style=\"text-align: justify;\"><strong><em>Asesora de Tesis<\/em><\/strong><\/p>\n<p style=\"text-align: justify;\">F\/<a class=\"_ZR irc_hol i3724\" tabindex=\"0\" href=\"http:\/\/www.lanacion.com.ar\/1960592-el-accidente-de-chapecoense-el-video-de-los-hinchas-en-el-estadio-homenajeando-a-los-jugadores-muertos\" target=\"_blank\" rel=\"noopener\" data-noload=\"\" data-ved=\"0ahUKEwj7nJa2_dPQAhXKLyYKHdksAYcQjB0IBg\"><span class=\"irc_ho\" dir=\"ltr\">La Naci\u00f3n<\/span><\/a><\/p>\n","protected":false},"excerpt":{"rendered":"<p>Por Elena Villar* Existen fechas que nos marcan tanto en la vida que por m\u00e1s que pasen los a\u00f1os, pareciera que el dolor y la tristeza\u00a0 se hace m\u00e1s profunda, especialmente cuando sucesos, de igual magnitud, nos traen a la mente esa sensaci\u00f3n\u00a0 que nos ocurre con mucha frecuencia un \u00abdeja veu\u201d. Es la sensaci\u00f3n que sentimos al ent\u00e9rarnos como todos, de la noticia que avi\u00f3n de la aerol\u00ednea boliviana Lamia Corporation con 77 personas a bordo, entre ellas el equipo de f\u00fatbol Chapecoense de Brasil, se estrell\u00f3 cuando se aproximaba al aeropuerto Jos\u00e9 Mar\u00eda C\u00f3rdova de la ciudad colombiana&#8230;<\/p>\n","protected":false},"author":1,"featured_media":0,"comment_status":"open","ping_status":"open","sticky":false,"template":"","format":"standard","meta":{"footnotes":""},"categories":[90],"tags":[6898,99,6805,6132,749],"class_list":["post-26346","post","type-post","status-publish","format-standard","hentry","category-pensando-en-voz-alta","tag-chapecoense-de-brasil","tag-elenita-villar","tag-feinpretudi","tag-portal-de-noticias-turistamagazine","tag-turistamagazine"],"_links":{"self":[{"href":"https:\/\/www.turistamagazine.com\/v2\/index.php?rest_route=\/wp\/v2\/posts\/26346","targetHints":{"allow":["GET"]}}],"collection":[{"href":"https:\/\/www.turistamagazine.com\/v2\/index.php?rest_route=\/wp\/v2\/posts"}],"about":[{"href":"https:\/\/www.turistamagazine.com\/v2\/index.php?rest_route=\/wp\/v2\/types\/post"}],"author":[{"embeddable":true,"href":"https:\/\/www.turistamagazine.com\/v2\/index.php?rest_route=\/wp\/v2\/users\/1"}],"replies":[{"embeddable":true,"href":"https:\/\/www.turistamagazine.com\/v2\/index.php?rest_route=%2Fwp%2Fv2%2Fcomments&post=26346"}],"version-history":[{"count":1,"href":"https:\/\/www.turistamagazine.com\/v2\/index.php?rest_route=\/wp\/v2\/posts\/26346\/revisions"}],"predecessor-version":[{"id":26348,"href":"https:\/\/www.turistamagazine.com\/v2\/index.php?rest_route=\/wp\/v2\/posts\/26346\/revisions\/26348"}],"wp:attachment":[{"href":"https:\/\/www.turistamagazine.com\/v2\/index.php?rest_route=%2Fwp%2Fv2%2Fmedia&parent=26346"}],"wp:term":[{"taxonomy":"category","embeddable":true,"href":"https:\/\/www.turistamagazine.com\/v2\/index.php?rest_route=%2Fwp%2Fv2%2Fcategories&post=26346"},{"taxonomy":"post_tag","embeddable":true,"href":"https:\/\/www.turistamagazine.com\/v2\/index.php?rest_route=%2Fwp%2Fv2%2Ftags&post=26346"}],"curies":[{"name":"wp","href":"https:\/\/api.w.org\/{rel}","templated":true}]}}