{"id":25540,"date":"2016-10-20T12:31:40","date_gmt":"2016-10-20T17:31:40","guid":{"rendered":"http:\/\/www.turistamagazine.com\/v2\/?p=25540"},"modified":"2016-10-20T12:52:43","modified_gmt":"2016-10-20T17:52:43","slug":"pepe-tejera-la-leyenda-y-garcia-marquez","status":"publish","type":"post","link":"https:\/\/www.turistamagazine.com\/v2\/?p=25540","title":{"rendered":"PEPE TEJERA, LA LEYENDA Y GARCIA MARQUEZ"},"content":{"rendered":"<p>Por.\u00a0 Antonio-Pedro Tejera Reyes.<\/p>\n<p style=\"text-align: justify;\">Conoc\u00ed a Pepe Tejera, desde su nacimiento. Era un miembro de mi familia que padec\u00eda la dolorosa circunstancia de tener un padre emigrante en Venezuela, mas por motivos pol\u00edticos que por otra cosa, ya que como empresario hab\u00eda tenido se\u00f1alados \u00e9xitos en su vida, en la isla de Tenerife. Pepe Tejera \u2013 su padre \u2013 tuvo muchos a\u00f1os una dulcer\u00eda en la calle San Francisco frente mismo a la iglesia, en Santa Cruz de Tenerife.<\/p>\n<p style=\"text-align: justify;\">\u00a0El destino trajo a\u00a0 Jos\u00e9 Tejera \u2013 Pepito para los familiares, Pepe, su nombre art\u00edstico \u2013 a la ciudad de Matur\u00edn en ese lejano Oriente Venezolano, a cuya peque\u00f1a ciudad lleg\u00f3 con su familia y su ilusiones, donde vivi\u00f3 lo que fueron largos a\u00f1os, alrededor de la\u00a0 humildad que se respiraba en el pa\u00eds en aquellas fechas, con calles polvorientas, sin\u00a0 adoquines ni asfalto, casas de bahareque, (viviendas compuesto de ca\u00f1as o palos entretejidos y unidos con una mezcla de tierra h\u00fameda y paja). y una poblaci\u00f3n adormecida en lo que era \u201cun pueblo triste que se anonada en la llanura\u201d como cantara el poeta\u2026<\/p>\n<div id=\"attachment_25541\" style=\"width: 404px\" class=\"wp-caption aligncenter\"><a href=\"https:\/\/www.turistamagazine.com\/v2\/?attachment_id=25541\" rel=\"attachment wp-att-25541\"><img decoding=\"async\" aria-describedby=\"caption-attachment-25541\" class=\"size-full wp-image-25541\" src=\"https:\/\/www.turistamagazine.com\/v2\/wp-content\/uploads\/2016\/10\/remoteImage-1.jpg\" alt=\"Durante la inmortal presentaci\u00f3n de \u201cEl coronel no tiene quien le escriba\u201d, junto a Aura Rivas, la obra cumbre en la cual Pepe Tejera, dej\u00f3 patente su extraordinaria calidad como interprete dram\u00e1tico, junto al famoso grupo RAJATABLA, orgullo y prestigio de la Venezuela cultural. \" width=\"394\" height=\"463\" \/><\/a><p id=\"caption-attachment-25541\" class=\"wp-caption-text\">Durante la inmortal presentaci\u00f3n de \u201cEl coronel no tiene quien le escriba\u201d, junto a Aura<br \/>Rivas, la obra cumbre en la cual Pepe Tejera, dej\u00f3 patente su extraordinaria calidad como interprete dram\u00e1tico, junto al famoso grupo RAJATABLA, orgullo y prestigio de la Venezuela cultural. F\/\u00c1lbum\u00a0privado<\/p><\/div>\n<p style=\"text-align: justify;\">Creci\u00f3. Se hizo un soberano artista que conmovi\u00f3 al mundo entero con su interpretaci\u00f3n\u00a0 del c\u00e9lebre \u201ccoronel\u201d creado por Garc\u00eda M\u00e1rquez. Los cr\u00edticos teatrales no le regatearon\u00a0 elogios a sus extraordinarias interpretaciones. Era de justicia.<\/p>\n<p style=\"text-align: justify;\">\u00a0M\u00e1s de 300 representaciones en 28 pa\u00edses (El Universal, 18-05-2014) certifican su fama.<\/p>\n<p style=\"text-align: justify;\">Una noche de Mayo, en los a\u00f1os ochenta del pasado siglo, volvimos a ver a nuestro Pepe Tejera frente a frente. Su sobrina, Mar\u00eda Elenita, hab\u00eda gestionado ese encuentro en el Hogar Canario-Venezolano, en El Para\u00edso, Caracas. Las referencias que mi llorado amigo el ilustre escritor, Jos\u00e9 Antonio Rial, me hab\u00eda dado sobre la calidad humana y art\u00edstica del personaje, eran tan ciertas como la luz del sol. Durante varias horas, en la soledad de un rinc\u00f3n de aquel Club Para\u00edso que tantas historias guarda de la Caracas de los techos rojos, tuvimos oportunidad de recordar los momentos m\u00e1s l\u00facidos de nuestra infancia en Santa Cruz de Tenerife, barrios de Salamanca y del Toscal, su Parque Municipal y hasta la vieja Plaza de Espa\u00f1a, que hoy \u201cel progreso\u201d y la ignorancia han hecho desaparecer\u2026al igual que las avenidas de nuestra recordada Matur\u00edn\u2026<\/p>\n<p style=\"text-align: justify;\">Pepe Tejera, desbordaba una m\u00edstica inteligencia que le hizo poder interpretar ese inolvidable personaje de Garc\u00eda M\u00e1rquez de \u201cel coronel\u201d\u2026 sin nadie que pudiese\u00a0 imitarle en la interpretaci\u00f3n de su papel. Fue un constante \u00e9xito donde quiera que lo representara. Despu\u00e9s de esta larga y profunda entrevista que sostuvimos con \u00e9l, entendimos a la perfecci\u00f3n el porqu\u00e9 de su \u00e9xito. Estaba interpretando su propia vida.<\/p>\n<div id=\"attachment_25542\" style=\"width: 405px\" class=\"wp-caption aligncenter\"><a href=\"https:\/\/www.turistamagazine.com\/v2\/?attachment_id=25542\" rel=\"attachment wp-att-25542\"><img decoding=\"async\" aria-describedby=\"caption-attachment-25542\" class=\"size-full wp-image-25542\" src=\"https:\/\/www.turistamagazine.com\/v2\/wp-content\/uploads\/2016\/10\/el-coronel-no-tiene-quien-le-escriba.jpg\" alt=\"Pepe Tejera, en su descanso de \u201cel coronel\u201d, tal como le describir\u00eda Garc\u00eda M\u00e1rquez, en su inmortal obra, \u201cEl Coronel no tiene quien le escriba\u201d\u201d.\" width=\"395\" height=\"400\" \/><\/a><p id=\"caption-attachment-25542\" class=\"wp-caption-text\">Pepe Tejera, en su descanso de \u201cel coronel\u201d, tal como le describir\u00eda Garc\u00eda M\u00e1rquez, en su inmortal obra, \u201cEl Coronel no \/tiene quien le escriba\u201d.F\/\u00c1lbum\u00a0privado<\/p><\/div>\n<p style=\"text-align: justify;\">No le hac\u00eda falta imitar nada, era su personalidad saliendo a flote ante un escenario\u00a0 p\u00fablico\u2026 Sumidos en la constancia de los recuerdos y ante la realidad del presente, nos ofrecimos unos momentos, que ahora en la inmensidad del tiempo, tenemos que agradecer haberlos vividos y disfrutado, junto a un personaje que se nos ha transformado en leyenda, ante la evoluci\u00f3n de un mundo donde se sigue &#8211; y se seguir\u00e1 &#8211; luchando por\u00a0 la paz, la comprensi\u00f3n, y la honestidad de nuestros principios, algo muy lejos desgraciadamente de una realidad que nos atropella y nos arrolla, llena de injusticias, malos tratos y todo lo malo que seres ambiciosos y sin escr\u00fapulos expanden por el mundo como ense\u00f1anzas, llegando hasta a sus propios hijos, destrozando comunidades y familias enteras.<\/p>\n<p style=\"text-align: justify;\">Pepe Tejera, era un dechado de filosof\u00eda profunda. Analizado en la distancia, sus pensamientos y su obra,\u00a0 es de justicia reconocerle la raz\u00f3n y su forma de comportarse ante un mundo que en algunas circunstancia se le present\u00f3 hostil, pero que le abri\u00f3 las puertas para que con su protagonismo llegara a la cumbre como actor teatral del m\u00e1s puro estilo dram\u00e1tico. Interpretaba su vida. As\u00ed lo sentimos cuando en una memorable noche de \u201cun mes de Mayo, en la Caracas de los techos rojos\u201d, pudimos interpretar juntos, nuestros pensamientos y nuestra actitud ente la vida, en un solitario rinc\u00f3n del viejo Club Para\u00edso\u2026<\/p>\n<p style=\"text-align: justify;\">\n<p>&nbsp;<\/p>\n<p>&nbsp;<\/p>\n","protected":false},"excerpt":{"rendered":"<p>Por.\u00a0 Antonio-Pedro Tejera Reyes. Conoc\u00ed a Pepe Tejera, desde su nacimiento. Era un miembro de mi familia que padec\u00eda la dolorosa circunstancia de tener un padre emigrante en Venezuela, mas por motivos pol\u00edticos que por otra cosa, ya que como empresario hab\u00eda tenido se\u00f1alados \u00e9xitos en su vida, en la isla de Tenerife. Pepe Tejera \u2013 su padre \u2013 tuvo muchos a\u00f1os una dulcer\u00eda en la calle San Francisco frente mismo a la iglesia, en Santa Cruz de Tenerife. \u00a0El destino trajo a\u00a0 Jos\u00e9 Tejera \u2013 Pepito para los familiares, Pepe, su nombre art\u00edstico \u2013 a la ciudad de Matur\u00edn&#8230;<\/p>\n","protected":false},"author":1,"featured_media":0,"comment_status":"open","ping_status":"open","sticky":false,"template":"","format":"standard","meta":{"footnotes":""},"categories":[90],"tags":[284,99,6805,1119,6838,6132,749,5078],"class_list":["post-25540","post","type-post","status-publish","format-standard","hentry","category-pensando-en-voz-alta","tag-antonio-pedro-tejera-reyes","tag-elenita-villar","tag-feinpretudi","tag-gabriel-garcia-marquez","tag-obras-de-teatro","tag-portal-de-noticias-turistamagazine","tag-turistamagazine","tag-ver-todos"],"_links":{"self":[{"href":"https:\/\/www.turistamagazine.com\/v2\/index.php?rest_route=\/wp\/v2\/posts\/25540","targetHints":{"allow":["GET"]}}],"collection":[{"href":"https:\/\/www.turistamagazine.com\/v2\/index.php?rest_route=\/wp\/v2\/posts"}],"about":[{"href":"https:\/\/www.turistamagazine.com\/v2\/index.php?rest_route=\/wp\/v2\/types\/post"}],"author":[{"embeddable":true,"href":"https:\/\/www.turistamagazine.com\/v2\/index.php?rest_route=\/wp\/v2\/users\/1"}],"replies":[{"embeddable":true,"href":"https:\/\/www.turistamagazine.com\/v2\/index.php?rest_route=%2Fwp%2Fv2%2Fcomments&post=25540"}],"version-history":[{"count":4,"href":"https:\/\/www.turistamagazine.com\/v2\/index.php?rest_route=\/wp\/v2\/posts\/25540\/revisions"}],"predecessor-version":[{"id":25553,"href":"https:\/\/www.turistamagazine.com\/v2\/index.php?rest_route=\/wp\/v2\/posts\/25540\/revisions\/25553"}],"wp:attachment":[{"href":"https:\/\/www.turistamagazine.com\/v2\/index.php?rest_route=%2Fwp%2Fv2%2Fmedia&parent=25540"}],"wp:term":[{"taxonomy":"category","embeddable":true,"href":"https:\/\/www.turistamagazine.com\/v2\/index.php?rest_route=%2Fwp%2Fv2%2Fcategories&post=25540"},{"taxonomy":"post_tag","embeddable":true,"href":"https:\/\/www.turistamagazine.com\/v2\/index.php?rest_route=%2Fwp%2Fv2%2Ftags&post=25540"}],"curies":[{"name":"wp","href":"https:\/\/api.w.org\/{rel}","templated":true}]}}