{"id":25511,"date":"2016-10-18T08:09:02","date_gmt":"2016-10-18T13:09:02","guid":{"rendered":"http:\/\/www.turistamagazine.com\/v2\/?p=25511"},"modified":"2016-10-18T10:28:12","modified_gmt":"2016-10-18T15:28:12","slug":"nos-escriben-19","status":"publish","type":"post","link":"https:\/\/www.turistamagazine.com\/v2\/?p=25511","title":{"rendered":"NOS ESCRIBEN"},"content":{"rendered":"<p><strong><span style=\"color: #003366;\">CENTRO INTERNACIONAL DE ESTUDIOS TUR\u00cdSTICOS\u00a0 DE CANARIAS<\/span><\/strong><\/p>\n<p><strong><span style=\"color: #003366;\">Asociaci\u00f3n privada registro del Gobierno de Canarias,\u00a0 Consejer\u00eda de Presidencia, Justicia e Igualdad, Num. 18217.<\/span><\/strong><\/p>\n<p><strong><span style=\"color: #003366;\">INSTITUTO SUPERIOR DE ESTUDIOS TURISTICOS INTERNACIONALES<\/span><\/strong><\/p>\n<p><strong><span style=\"color: #003366;\">Villa de la Orotava, Calle Calvario, 17. (TENERIFE) ISLAS CANARIAS.<\/span><\/strong><\/p>\n<p>&#8212;&#8212;&#8212;&#8212;&#8212;&#8212;&#8212;&#8212;&#8212;&#8212;&#8212;&#8212;&#8212;&#8212;&#8212;&#8212;&#8212;&#8212;&#8212;&#8212;&#8212;&#8212;&#8212;&#8212;&#8212;&#8212;&#8211;<\/p>\n<p>Villa de la Orotava, 10 de Octubre de 2016.<\/p>\n<p><span style=\"color: #003366;\"><strong>Mtra. Elena Villar.<\/strong><\/span><\/p>\n<p><span style=\"color: #003366;\"><strong>Presidenta de la FEDERACI\u00d3N INTERNACIONAL DE LA\u00a0 <\/strong><\/span><\/p>\n<p><span style=\"color: #003366;\"><strong>PRENSA TURISTICA DIGITAL. <\/strong><\/span><\/p>\n<p><span style=\"color: #003366;\"><strong>Presente. <\/strong><\/span><\/p>\n<p><strong>\u00a0<\/strong>De nuestra consideraci\u00f3n:<\/p>\n<p>Nos es grato dirigirnos a esa presidencia con motivo del acto inaugural de esta selecta organizaci\u00f3n que recoger\u00e1 en su seno el moderno movimiento de los medios de difusi\u00f3n digitales, sin lugar a dudas la f\u00f3rmula efectiva de la comunicaci\u00f3n del mundo moderno.<\/p>\n<p>El turismo se ha convertido en estos momentos en el factor determinante del progreso de todos los pa\u00edses del mundo, por lo que es el motivo principal de la atenci\u00f3n de sus sectores pol\u00edticos, empresariales y sociales, que han visto en el la soluci\u00f3n de sus problemas de desarrollo econ\u00f3mico y cultural, apoyando su evoluci\u00f3n con todo el esfuerzo posible para que sus pueblos se conviertan en destinos preferentes de esas imponentes corrientes humanas que sobrepasan todos los d\u00edas las m\u00e1s incre\u00edbles cifras,\u00a0 auspiciando, a su vez, que se desarrolle una actividad en la sociedad que genera la comprensi\u00f3n, la competividad en el trato humano y, naturalmente, la cultura de la paz.<\/p>\n<p>Estos valores fundamentales para el desarrollo de los pueblos del mundo, tienen que contar con el apoyo de unos medios de comunicaci\u00f3n modernos, inteligentes, bien organizados y con unas metas bien claras que sean las portavoces de esos valores que se\u00f1alamos y que est\u00e1n presentes en todos los lugares del mundo. La moderna f\u00f3rmula de la difusi\u00f3n por medio de las publicaciones digitales, es una realidad que se impone de una forma rotunda.<\/p>\n<p>Es por esta raz\u00f3n, que el nacimiento de esta federaci\u00f3n, que pretende orientar y agrupar a esos medios, desde un punto de vista mundial, es un objetivo loable que, all\u00ed, en ese hermoso\u00a0 pa\u00eds que tanto tiene que decir como destino tur\u00edstico, va a suponer un valor a\u00f1adido en su promoci\u00f3n tur\u00edstica y de un inestimable valor.<\/p>\n<p>Nos queda finalmente desear que todo el esfuerzo que ha significado, y significa, la gesti\u00f3n de esta organizaci\u00f3n, encuentre al apoyo deseado en todos los sectores relacionados con la actividad productiva, pues el turismo llega a todos los hogares del mundo como una bendici\u00f3n que el progreso nos ofrece para generar una calidad de vida consecuente con nuestro trabajo, para todo lo cual la difusi\u00f3n de esta realidad tiene que apoyarse sin l\u00edmites, en los medios de difusi\u00f3n hoy llevados por el modernismo a su incontrovertible, imparable, e irrenunciable versi\u00f3n digital.<\/p>\n<p>Paz, Felicidad y larga vida, como dice el brindis de los Skal Club, para esta nueva\u00a0 organizaci\u00f3n que acaba de nacer.<\/p>\n<p><strong><span style=\"color: #003366;\">Antonio-Pedro Tejera Reyes.<\/span><\/strong><\/p>\n<p><strong><span style=\"color: #003366;\">\u00a0Presidente del CIESTCA.<\/span><\/strong><\/p>\n<p><strong><span style=\"color: #003366;\">\u00a0Del Grupo de Expertos de la Organizaci\u00f3n Mundial del Turismo, de las\u00a0 Naciones\u00a0 Unidas.<\/span><\/strong><\/p>\n<hr \/>\n<p><strong><span style=\"color: #003366;\">Estimada Elena<\/span><\/strong><\/p>\n<p><strong><span style=\"color: #003366;\">Te felicito y estar\u00e9 acompa\u00f1\u00e1ndote desde New York.<\/span><\/strong><\/p>\n<p>Me gustar\u00eda visitaros el pr\u00f3ximo a\u00f1o, convivir tus \u00e9xitos y conocer un poco m\u00e1s de ese bello pa\u00eds. \u00bfQu\u00e9 fecha seria la apropiada?\u00a0 A fin de preparar mi Agenda, \u00bfCrees que una semana seria lo apropiado?<\/p>\n<p>Gracias por tu comentario sobre el SOS por Venezuela, pa\u00eds en el cual resid\u00ed por 5 a\u00f1os (D\u00e9cada de los 50) de donde guardo gratos recuerdos y conoc\u00ed profundamente. Casi todas mis amistades han fallecido, pero sus hijos y nietos, que est\u00e1n en el exilio, sufren como nosotros, el \u00abholocausto\u00bb que esos malos hijos y socios, est\u00e1n causando a tan noble y bravo pueblo. Ojala que el mundo civilizado tenga compasi\u00f3n de su sufrimiento y act\u00fae.<\/p>\n<p>Un abrazo y felicitaciones nuevamente por el reconocimiento a tus luchas y valores!<\/p>\n<p><strong><span style=\"color: #003366;\">Alexandro J. Gallard<\/span><\/strong><\/p>\n<p><strong><span style=\"color: #003366;\">Director DEL ARCHIVO<\/span><\/strong><\/p>\n<p><strong><span style=\"color: #003366;\">New York<\/span><\/strong><\/p>\n<hr \/>\n<p><strong><span style=\"color: #003366;\">Estimada se\u00f1ora Elena Villar:<\/span><\/strong><\/p>\n<p>Tengo el agrado de dirigirme a usted por encargo del Viceministro de Turismo, Sr. Rogers Valencia para hacerle llegar el documento de la referencia, mediante el cual le solicita se sirva dispensar su asistencia a la ceremonia del d\u00eda de hoy, debido a compromisos asumidos con antelaci\u00f3n.<\/p>\n<p>Agradeciendo su comprensi\u00f3n, quedo de usted.<\/p>\n<p>Muy atentamente,<\/p>\n<p><strong><span style=\"color: #003366;\">Mary Luz Yana Flores<\/span><\/strong><\/p>\n<p><strong><span style=\"color: #003366;\">Secretaria<\/span><\/strong><\/p>\n<p><strong><span style=\"color: #003366;\">Despacho del Viceministerio de Turismo<\/span><\/strong><\/p>\n<p><strong><span style=\"color: #003366;\">Ministerio de Comercio Exterior y Turismo<\/span><\/strong><\/p>\n<p><strong><span style=\"color: #003366;\">\u00a01 Documentos adjuntos<\/span><\/strong><\/p>\n<p>&#8212;&#8212;&#8212;&#8212;&#8212;&#8212;&#8212;&#8212;&#8212;&#8212;&#8212;&#8212;&#8212;&#8212;&#8212;&#8212;&#8212;&#8212;&#8212;&#8212;&#8212;&#8212;&#8212;&#8212;&#8212;&#8212;&#8212;&#8212;&#8212;<\/p>\n<p><strong><span style=\"color: #003366;\">CT\/1601\/2016\/APAVIT<\/span><\/strong><\/p>\n<p><strong><span style=\"color: #003366;\">Se\u00f1ora:<\/span><\/strong><\/p>\n<p><strong><span style=\"color: #003366;\">Elena Villar<\/span><\/strong><\/p>\n<p><strong><span style=\"color: #003366;\">Presidenta<\/span><\/strong><\/p>\n<p><strong><span style=\"color: #003366;\">Federaci\u00f3n Internacional de Periodistas de Prensa Tur\u00edstica Digital \u2013 FEINPRETUDI<\/span><\/strong><\/p>\n<p><strong><span style=\"color: #003366;\">Presente.-<\/span><\/strong><\/p>\n<p>Estimada Elena:<\/p>\n<p>En nombre de la Asociaci\u00f3n Peruana de Agencias de Viajes y Turismo (APAVIT), del Consejo de Directivos y Asociados que tengo el honor de presidir, queremos hacerle llegar nuestras m\u00e1s sinceras felicitaciones, por su designaci\u00f3n como Presidenta en la primera Junta Directiva de la Federaci\u00f3n Internacional de Periodistas de Prensa Tur\u00edstica Digital.<\/p>\n<p>Asimismo por su intermedio, hacemos llegar nuestras felicitaciones a todo el Consejo Directivo que la acompa\u00f1a, expres\u00e1ndoles nuestros deseos de \u00e9xitos en vuestra gesti\u00f3n.<\/p>\n<p>Aprovecho la ocasi\u00f3n para manifestarle que\u00a0 APAVIT PERU, tiene la mejor predisposici\u00f3n para las coordinaciones que crea conveniente, en una agenda de trabajo que nos permita una verdadera colaboraci\u00f3n en el desarrollo del Turismo y las necesidades de los agentes de viajes del Per\u00fa.<\/p>\n<p><strong><span style=\"color: #003366;\">Ricardo Acosta<\/span><\/strong><\/p>\n<p><strong><span style=\"color: #003366;\">Presidente<\/span><\/strong><\/p>\n<p><strong><span style=\"color: #003366;\">APAVIT<\/span><\/strong><\/p>\n<p><strong><span style=\"color: #003366;\">Sigue PDF oficial<\/span><\/strong><\/p>\n<p>&#8212;&#8212;&#8212;&#8212;&#8212;&#8212;&#8212;&#8212;&#8212;&#8212;&#8212;&#8212;&#8212;&#8212;&#8212;&#8212;&#8212;&#8212;&#8212;&#8212;&#8212;&#8212;&#8212;&#8212;&#8212;&#8212;&#8212;&#8212;-<\/p>\n<p><strong><span style=\"color: #003366;\">Estimada Elena<\/span><\/strong><\/p>\n<p>Primero saludos y congratulaciones por la elecci\u00f3n es un orgullo para el periodismo del Per\u00fa<\/p>\n<p>Te autorizamos para el uso de nuestro logo y ser\u00e1 gusto acompa\u00f1arte en dicho evento<\/p>\n<p>Muchos saludos<\/p>\n<p><strong><span style=\"color: #003366;\">Carlos Canales<\/span><\/strong><\/p>\n<p><strong><span style=\"color: #003366;\">Presidente del Bur\u00f3 Lima Covention y Visitantes<\/span><\/strong><\/p>\n<hr \/>\n<p>Felicitaciones ! A la FEDERACI\u00d3N INTERNACIONAL DE PRENSA TUR\u00cdSTICA DIGITAL-FEINPRETUDI-a sus socios fundadores, y a los miembros de a sus \u00f3rganos de gobierno . larga vida institucional y que sus objetivos se cumplan.<\/p>\n<p><strong><span style=\"color: #000080;\">Enrique Mas\u00edas Cruzado<\/span><\/strong><\/p>\n<p><strong><span style=\"color: #000080;\"> -Presidente de Prensatur Per\u00fa<\/span><\/strong><\/p>\n<p><strong><span style=\"color: #003366;\">Querida Elenita,<\/span><\/strong><\/p>\n<p>Qu\u00e9 bueno, \u00a1felicitaciones por la fundaci\u00f3n de FEINPRETUDI !!<\/p>\n<p>Si bien sabes que me encantar\u00eda ir a la ceremonia, lamentablemente no lo podr\u00e9 hacer en forma personal, pero te estar\u00e9 acompa\u00f1ando desde la distancia.<\/p>\n<p>De m\u00e1s est\u00e1 decirte que te deseo todo el \u00e9xito que te mereces ante este nuevo desaf\u00edo. Mi reconocimiento por tu trabajo y tu esp\u00edritu emprendedor.<\/p>\n<p><strong><span style=\"color: #003366;\">Un gran abrazo,<\/span><\/strong><\/p>\n<p><strong><span style=\"color: #003366;\">Mar\u00eda Shaw<\/span><\/strong><\/p>\n<p><strong><span style=\"color: #003366;\">F\u00d3RUM IBEROAMERICANO DE PERIODISTAS DE TURISMO<\/span><\/strong><\/p>\n<p><strong><span style=\"color: #003366;\">Secretaria General<\/span><\/strong><\/p>\n<p><strong><span style=\"color: #003366;\">Montevideo, Uruguay<\/span><\/strong><\/p>\n<hr \/>\n<p><strong><a href=\"https:\/\/www.turistamagazine.com\/v2\/?attachment_id=17367\" rel=\"attachment wp-att-17367\"><img decoding=\"async\" class=\"alignleft wp-image-17367 size-thumbnail\" src=\"https:\/\/www.turistamagazine.com\/v2\/wp-content\/uploads\/2015\/10\/Forum-150x150.jpg\" alt=\"Forum\" width=\"150\" height=\"150\" \/><\/a>Mg. Elena Villar<\/strong><\/p>\n<p><strong>Presidente<\/strong><\/p>\n<p><strong>Federaci\u00f3n Internacional de Prensa Tur\u00edstica Digital<\/strong><\/p>\n<p><strong>FEINPRETUDI<\/strong><\/p>\n<p><strong>Lima, Per\u00fa<\/strong><\/p>\n<p>Estimada\u00a0Presidente:<\/p>\n<p>Es un gusto saludarle en nombre de las Asociaciones integrantes del Consejo Directivo del <strong>F\u00f3rum Iberoamericano de Periodistas de Turismo<\/strong>, y hacerle llegar nuestras felicitaciones por haber creado la <strong>Federaci\u00f3n Internacional de Prensa Tur\u00edstica Digital (FEINPRETUDI<\/strong>) y haber sido electa Presidente\u00a0de la primera Junta Directiva de esa instituci\u00f3n.<\/p>\n<p>Nos congratulamos doblemente por su cargo como Directora Delegada de PRENSATUR ante el F\u00f3rum Iberoamericano de Periodistas de Turismo.<\/p>\n<p>Es con sumo agrado que vemos que FEINPRETUDI naci\u00f3 con la misi\u00f3n de empoderar a la prensa tur\u00edstica en general y a la prensa tur\u00edstica digital en particular.<\/p>\n<p>Rogamos hacer extensivo el saludo a todos los integrantes de la nueva Directiva.<\/p>\n<p>\u00a1Les deseamos una muy exitosa gesti\u00f3n!<\/p>\n<p>Atentos saludos,<\/p>\n<p>&nbsp;<\/p>\n<p>Roque Baudean\u00a0\u00a0\u00a0\u00a0\u00a0\u00a0\u00a0\u00a0\u00a0\u00a0\u00a0\u00a0\u00a0\u00a0\u00a0\u00a0\u00a0\u00a0\u00a0\u00a0\u00a0\u00a0\u00a0\u00a0\u00a0\u00a0\u00a0\u00a0 \u00a0\u00a0\u00a0\u00a0\u00a0Mar\u00eda Shaw<\/p>\n<p>Presidente \u00a0\u00a0\u00a0\u00a0\u00a0\u00a0\u00a0\u00a0\u00a0\u00a0\u00a0\u00a0\u00a0\u00a0\u00a0\u00a0\u00a0\u00a0\u00a0\u00a0\u00a0\u00a0\u00a0\u00a0\u00a0\u00a0\u00a0\u00a0\u00a0\u00a0\u00a0\u00a0\u00a0\u00a0\u00a0\u00a0\u00a0\u00a0\u00a0\u00a0\u00a0\u00a0Secretaria General<\/p>\n<p><strong>FORUM\u00a0 IBEROAMERICANO\u00a0 DE\u00a0 PERIODISTAS\u00a0 DE\u00a0 TURISMO<\/strong><\/p>\n<p>Sede: Montevideo, Uruguay &#8211; (598) 2401 4181- (598) 94 416366 &#8211; <a href=\"mailto:cipetur@montevideo.com.uy\">cipetur@montevideo.com.uy<\/a> &#8211; <a href=\"http:\/\/www.cipetur.com\">www.cipetur.com<\/a><\/p>\n<p>&#8212;&#8212;&#8212;&#8212;&#8212;&#8212;&#8212;&#8212;&#8212;&#8212;&#8212;&#8212;&#8212;&#8212;&#8212;&#8212;&#8212;&#8212;&#8212;&#8212;&#8212;&#8212;&#8212;&#8212;&#8212;&#8212;<\/p>\n<p><strong><span style=\"color: #003366;\">Estimada Sra. Villar,<\/span><\/strong><\/p>\n<p>Reciba los saludos del Sr. Fredy Gamarra El\u00edas, Presidente de la C\u00e1mara Nacional de Turismo \u2013 CANATUR.<\/p>\n<p>Con sumo agrado recibimos la noticia de su designaci\u00f3n como Presidenta de la Primera Junta Directiva Fundadora de FEINPRETUDI; su loable trayectoria y experiencia period\u00edstica la hacen merecedora de tan digna distinci\u00f3n.<\/p>\n<p>Nuestros mejores deseos de \u00e9xito y desde ya cuente con el apoyo de la Presidencia de CANATUR y su autorizaci\u00f3n para el uso del logo de nuestra Instituci\u00f3n en las tarjetas de invitaci\u00f3n de esta primera junta directiva.<\/p>\n<p>Atentamente,<\/p>\n<p><strong><span style=\"color: #003366;\">Hilda Figueroa Robles<\/span><\/strong><\/p>\n<p><strong><span style=\"color: #003366;\">Asistente de Presidencia<\/span><\/strong><\/p>\n<p>&#8212;&#8212;&#8212;&#8212;&#8212;&#8212;&#8212;&#8212;&#8212;&#8212;&#8212;&#8212;&#8212;&#8212;&#8212;&#8212;&#8212;&#8212;&#8212;&#8212;&#8212;&#8212;&#8212;&#8212;&#8212;&#8212;&#8212;&#8212;&#8211;<\/p>\n<p><strong><span style=\"color: #003366;\">Estimada<\/span><\/strong><\/p>\n<p><strong><span style=\"color: #003366;\">Se\u00f1ora Elena Villar<\/span><\/strong><\/p>\n<p><strong><span style=\"color: #003366;\">Presidenta<\/span><\/strong><\/p>\n<p><strong><span style=\"color: #003366;\">Feinpretudi<\/span><\/strong><\/p>\n<p>Muchas gracias por la invitaci\u00f3n all\u00ed estar\u00e9 de todas maneras<\/p>\n<p>Que sigan los \u00e9xitos<\/p>\n<p>Saludos cordiales<\/p>\n<p><span style=\"color: #003366;\"><strong>Abel Gonzalez Caceres<\/strong><\/span><\/p>\n<p><span style=\"color: #003366;\"><strong>Limavision<\/strong><\/span><\/p>\n<p>&#8212;&#8212;&#8212;&#8212;&#8212;&#8212;&#8212;&#8212;&#8212;&#8212;&#8212;&#8212;&#8212;&#8212;&#8212;&#8212;&#8212;&#8212;&#8212;&#8212;&#8212;&#8212;&#8212;<\/p>\n<p><strong><span style=\"color: #003366;\">\u00a1Felicitaciones, Elenita!<\/span><\/strong><\/p>\n<p>Veo que no paras y siempre vas hacia adelante.<\/p>\n<p>Tenemos que reconocer que has tenido un buen maestro.<\/p>\n<p>El 12 de octubre, D\u00eda de Espa\u00f1a, estar\u00e9 en Cuzco,&#8230;si Dios lo permite.<\/p>\n<p>De todas maneras, \u00a1\u00c9xitos, muchos \u00e9xitos!<\/p>\n<p>Desde mi \u00abfort\u00edn salut\u00edfero\u00bb de Las Salinas, te mando un abrazo.<\/p>\n<p><strong><span style=\"color: #003366;\">Jos\u00e9 Javier P\u00e9rez Rodr\u00edguez,<\/span><\/strong><\/p>\n<p><strong><span style=\"color: #003366;\">Rector Em\u00e9rito de la Universidad del Pac\u00edfico y<\/span><\/strong><\/p>\n<p><strong><span style=\"color: #003366;\">Presidente Honorario del Colegio de las Am\u00e9ricas-COLAM<\/span><\/strong><\/p>\n<p><strong><span style=\"color: #003366;\">Ciudadano de Chilca.\u00a0<\/span><\/strong><\/p>\n<p>&#8212;&#8212;&#8212;&#8212;&#8212;&#8212;&#8212;&#8212;&#8212;&#8212;&#8212;&#8212;&#8212;&#8212;&#8212;&#8212;&#8212;&#8212;&#8212;&#8212;&#8212;&#8212;&#8212;&#8212;-<\/p>\n<p><strong><span style=\"color: #003366;\">Querida Elena:<\/span><\/strong><\/p>\n<p>Me parece que necesitamos tener m\u00e1s instituciones tur\u00edsticas ahora que el turismo sigue ampliando su radio de acci\u00f3n. Han pasado los a\u00f1os de la revista \u00abTURISTA\u00bb en blanco y negro donde difund\u00edas esta importante actividad con Hern\u00e1n. Ahora el medio es el internet que combina todas las necesidades de una revista digital. Las noticias al d\u00eda, los descubrimientos de lugares adonde llegar, las actividades en este campo, las entidades dedicadas a la recepci\u00f3n de viajeros y sus viajes en el interior del Per\u00fa, as\u00ed como en el exterior. Creo que la federaci\u00f3n que has fundado te permitir\u00e1 extender tu vuelo period\u00edstico. Los editoriales bien pensados alcanzar\u00e1n mayor inter\u00e9s all\u00e1 para que el cuidado de la presentaci\u00f3n de noticias, comentarios y entrevistas, adquieren una visi\u00f3n con la fotograf\u00eda..<\/p>\n<p>Buena labor, sue\u00f1os en bandera, caminos anchurosos.<\/p>\n<p><strong><span style=\"color: #003366;\">Suerte en todo.<\/span><\/strong><\/p>\n<p><strong><span style=\"color: #003366;\">Cari\u00f1osamente<\/span><\/strong><\/p>\n<p><strong><span style=\"color: #003366;\">Alfonsina Barrionuevo<\/span><\/strong><\/p>\n<p>&#8212;&#8212;&#8212;&#8212;&#8212;&#8212;&#8212;&#8212;&#8212;&#8212;&#8212;&#8212;&#8212;&#8212;&#8212;&#8212;&#8212;&#8212;&#8212;&#8212;&#8212;&#8212;&#8212;-<\/p>\n<p>&nbsp;<\/p>\n<p><strong><span style=\"color: #003366;\">\u00a0Hola mi querida Elenita,<\/span><\/strong><\/p>\n<p>Felicitaciones de todo coraz\u00f3n, muchas gracias por tenerme presente.<\/p>\n<p>Un c\u00e1lido abrazo,<\/p>\n<p>Con cari\u00f1o<\/p>\n<p><strong><span style=\"color: #003366;\">MBA M\u00f3nica Mazzini Burgos<\/span><\/strong><\/p>\n<p><strong><span style=\"color: #003366;\">Coaching Operacional Hotelero<\/span><\/strong><\/p>\n<p><strong><span style=\"color: #003366;\">M\u00f3vil\u00a0 0051 989 581084<\/span><\/strong><\/p>\n<p>&#8212;&#8212;&#8212;&#8212;&#8212;&#8212;&#8212;&#8212;&#8212;&#8212;&#8212;&#8212;&#8212;&#8212;&#8212;&#8212;&#8212;&#8212;&#8212;&#8212;&#8212;&#8212;<\/p>\n<p>&nbsp;<\/p>\n<p><strong><span style=\"color: #003366;\">Estimada Elena<\/span><\/strong><\/p>\n<p>Me es muy grato saludarte, a la vez que agradecer tu amable invitaci\u00f3n. Aprovechando asimismo para enviarte mis m\u00e1s sinceras felicitaciones.<\/p>\n<p>Me encontrar\u00e9 fuera del pa\u00eds por lo que lamentablemente no podr\u00e9 acompa\u00f1arte.<\/p>\n<p>Todos los \u00e9xitos para ti.<\/p>\n<p><strong><span style=\"color: #003366;\">Saludos cordiales,<\/span><\/strong><\/p>\n<p><strong><span style=\"color: #003366;\">\u00a0Rachida Mustafa<\/span><\/strong><\/p>\n<p>&#8212;&#8212;&#8212;&#8212;&#8212;&#8212;&#8212;&#8212;&#8212;&#8212;&#8212;&#8212;&#8212;&#8212;&#8212;&#8212;&#8212;&#8212;&#8212;&#8212;&#8212;-<\/p>\n<p><strong><span style=\"color: #003366;\">Felicitaciones se\u00f1ora Presidenta.<\/span><\/strong><\/p>\n<p>Mil\u00a0 gracias por tu invitaci\u00f3n Elenita.<\/p>\n<p>Estaremos en la Juramentaci\u00f3n.<\/p>\n<p><strong><span style=\"color: #003366;\">Un fuerte abrazo,<\/span><\/strong><\/p>\n<p><strong><span style=\"color: #003366;\">Iv\u00e1n y Evelyn de Venancio<\/span><\/strong><\/p>\n<p>&#8212;&#8212;&#8212;&#8212;&#8212;&#8212;&#8212;&#8212;&#8212;&#8212;&#8212;&#8212;&#8212;&#8212;&#8212;&#8212;&#8212;&#8212;&#8212;&#8212;&#8212;&#8212;&#8212;&#8212;-<\/p>\n<p>&nbsp;<\/p>\n<p><strong><span style=\"color: #003366;\">Felicitaciones mi querida Elena, y Juan Carlos<\/span><\/strong><\/p>\n<p>Todo estuvo de primera y os deseo todo lo mejor,<\/p>\n<p>Fue un placer estar en la juramentaci\u00f3n \u00a1\u00a1\u00a1<\/p>\n<p>Abrazos<\/p>\n<p><span style=\"color: #003366;\"><strong>Carlos L\u00f3pez Gallegos<\/strong><\/span><\/p>\n<p><span style=\"color: #003366;\"><strong>Presidente del SKAL CLUB de Lima<\/strong><\/span><\/p>\n<p>&nbsp;<\/p>\n","protected":false},"excerpt":{"rendered":"<p>CENTRO INTERNACIONAL DE ESTUDIOS TUR\u00cdSTICOS\u00a0 DE CANARIAS Asociaci\u00f3n privada registro del Gobierno de Canarias,\u00a0 Consejer\u00eda de Presidencia, Justicia e Igualdad, Num. 18217. INSTITUTO SUPERIOR DE ESTUDIOS TURISTICOS INTERNACIONALES Villa de la Orotava, Calle Calvario, 17. (TENERIFE) ISLAS CANARIAS. &#8212;&#8212;&#8212;&#8212;&#8212;&#8212;&#8212;&#8212;&#8212;&#8212;&#8212;&#8212;&#8212;&#8212;&#8212;&#8212;&#8212;&#8212;&#8212;&#8212;&#8212;&#8212;&#8212;&#8212;&#8212;&#8212;&#8211; Villa de la Orotava, 10 de Octubre de 2016. Mtra. Elena Villar. Presidenta de la FEDERACI\u00d3N INTERNACIONAL DE LA\u00a0 PRENSA TURISTICA DIGITAL. Presente. \u00a0De nuestra consideraci\u00f3n: Nos es grato dirigirnos a esa presidencia con motivo del acto inaugural de esta selecta organizaci\u00f3n que recoger\u00e1 en su seno el moderno movimiento de los medios de difusi\u00f3n digitales, sin lugar a dudas la&#8230;<\/p>\n","protected":false},"author":1,"featured_media":0,"comment_status":"open","ping_status":"open","sticky":false,"template":"","format":"standard","meta":{"footnotes":""},"categories":[97],"tags":[99,6805,340,6132,749,5078],"class_list":["post-25511","post","type-post","status-publish","format-standard","hentry","category-nos-escriben","tag-elenita-villar","tag-feinpretudi","tag-peru","tag-portal-de-noticias-turistamagazine","tag-turistamagazine","tag-ver-todos"],"_links":{"self":[{"href":"https:\/\/www.turistamagazine.com\/v2\/index.php?rest_route=\/wp\/v2\/posts\/25511","targetHints":{"allow":["GET"]}}],"collection":[{"href":"https:\/\/www.turistamagazine.com\/v2\/index.php?rest_route=\/wp\/v2\/posts"}],"about":[{"href":"https:\/\/www.turistamagazine.com\/v2\/index.php?rest_route=\/wp\/v2\/types\/post"}],"author":[{"embeddable":true,"href":"https:\/\/www.turistamagazine.com\/v2\/index.php?rest_route=\/wp\/v2\/users\/1"}],"replies":[{"embeddable":true,"href":"https:\/\/www.turistamagazine.com\/v2\/index.php?rest_route=%2Fwp%2Fv2%2Fcomments&post=25511"}],"version-history":[{"count":3,"href":"https:\/\/www.turistamagazine.com\/v2\/index.php?rest_route=\/wp\/v2\/posts\/25511\/revisions"}],"predecessor-version":[{"id":25525,"href":"https:\/\/www.turistamagazine.com\/v2\/index.php?rest_route=\/wp\/v2\/posts\/25511\/revisions\/25525"}],"wp:attachment":[{"href":"https:\/\/www.turistamagazine.com\/v2\/index.php?rest_route=%2Fwp%2Fv2%2Fmedia&parent=25511"}],"wp:term":[{"taxonomy":"category","embeddable":true,"href":"https:\/\/www.turistamagazine.com\/v2\/index.php?rest_route=%2Fwp%2Fv2%2Fcategories&post=25511"},{"taxonomy":"post_tag","embeddable":true,"href":"https:\/\/www.turistamagazine.com\/v2\/index.php?rest_route=%2Fwp%2Fv2%2Ftags&post=25511"}],"curies":[{"name":"wp","href":"https:\/\/api.w.org\/{rel}","templated":true}]}}