{"id":25306,"date":"2016-10-06T17:05:21","date_gmt":"2016-10-06T22:05:21","guid":{"rendered":"http:\/\/www.turistamagazine.com\/v2\/?p=25306"},"modified":"2016-10-06T17:05:21","modified_gmt":"2016-10-06T22:05:21","slug":"adolfo-perret-en-el-slow-food-peru-en-italia","status":"publish","type":"post","link":"https:\/\/www.turistamagazine.com\/v2\/?p=25306","title":{"rendered":"ADOLFO PERRET EN EL SLOW FOOD PER\u00da EN ITALIA"},"content":{"rendered":"<p style=\"text-align: justify;\">06\/10\/2106\/ Tur\u00edn.- \u00a0El reconocido Chef peruano estuvo presente en el evento Terra Madre &#8211; Sal\u00f3n del Gusto 2016 con un gran grupo de personas de los diferentes Coviviums de Lima y de varias de las regiones del Per\u00fa. Participaron agricultores, cocineros, investigadores y gestores de Promperu con el tema <strong><em><span style=\"color: #000080;\">\u201cAl turista lo nuestro\u201d,<\/span><\/em><\/strong> Las conferencias, f\u00f3rums, clases de cocina en La Alianza del Cocinero y degustaci\u00f3n de productos que se llevaron para esta ocasi\u00f3n fueron muy apreciados por los miles de asistentes como muestra viva de la biodiversidad peruana.<\/p>\n<p style=\"text-align: justify;\">\u00a0A esta d\u00e9cima edici\u00f3n que se llev\u00f3 a cabo durante la \u00faltima semana de setiembre asistieron 180,000 personas durante los 5 d\u00edas que dur\u00f3 la gran feria que se realiza cada dos a\u00f1os y que promueve la cocina local tradicional de cada uno de los 160 pa\u00edses que la conforman. La inauguraci\u00f3n cont\u00f3 con la presencia del Presidente de la Rep\u00fablica Italiana, Sr. Sergio Mattarella quien, luego de la extraordinaria presentaci\u00f3n efectuada por Carlo Petrini, Presidente del Slow Food en defensa de los peque\u00f1os productores de insumos alimenticios, manifest\u00f3 el compromiso de su gobierno de revisar las pol\u00edticas actuales a favor de la defensa de los mismos, ya que de lo contrario, como indic\u00f3 Carlos Petrini, en un plazo muy corto tendremos que alimentarnos de chips y componentes tecnol\u00f3gicos si no se detiene la huida de los j\u00f3venes miembros de las familias agricultoras y pescadoras.<\/p>\n<div id=\"attachment_25308\" style=\"width: 360px\" class=\"wp-caption aligncenter\"><a href=\"https:\/\/www.turistamagazine.com\/v2\/?attachment_id=25308\" rel=\"attachment wp-att-25308\"><img decoding=\"async\" aria-describedby=\"caption-attachment-25308\" class=\"wp-image-25308\" src=\"https:\/\/www.turistamagazine.com\/v2\/wp-content\/uploads\/2016\/10\/Adolfo-Perret-junto-a-Carlo-Petrini-Presidente-del-Slow-Food-.jpg\" alt=\"Adolfo Perret junto a Carlo Petrini presidente del SLOWFOOD\" width=\"350\" height=\"467\" srcset=\"https:\/\/www.turistamagazine.com\/v2\/wp-content\/uploads\/2016\/10\/Adolfo-Perret-junto-a-Carlo-Petrini-Presidente-del-Slow-Food-.jpg 960w, https:\/\/www.turistamagazine.com\/v2\/wp-content\/uploads\/2016\/10\/Adolfo-Perret-junto-a-Carlo-Petrini-Presidente-del-Slow-Food--225x300.jpg 225w, https:\/\/www.turistamagazine.com\/v2\/wp-content\/uploads\/2016\/10\/Adolfo-Perret-junto-a-Carlo-Petrini-Presidente-del-Slow-Food--768x1024.jpg 768w, https:\/\/www.turistamagazine.com\/v2\/wp-content\/uploads\/2016\/10\/Adolfo-Perret-junto-a-Carlo-Petrini-Presidente-del-Slow-Food--315x420.jpg 315w\" sizes=\"(max-width: 350px) 100vw, 350px\" \/><\/a><p id=\"caption-attachment-25308\" class=\"wp-caption-text\">Adolfo Perret junto a Carlo Petrini presidente del SLOWFOOD<\/p><\/div>\n<p style=\"text-align: justify;\">El Chef Adolfo Perret present\u00f3 una clase degustaci\u00f3n con platos elaborados a base de <strong><em><span style=\"color: #000080;\">\u201ctarwi o chocho\u201d<\/span><\/em><\/strong>, leguminosa que tambi\u00e9n es conocida en Europa como <span style=\"color: #000080;\"><strong><em>\u201caltramuz o lupino\u201d<\/em><\/strong>.<\/span> Asimismo fue uno de los expositores de las conferencias de Slow Beans con el t\u00edtulo : <strong><em><span style=\"color: #000080;\">\u201cEl Tarwi, el grano del futuro\u201d<\/span> <\/em><\/strong>, estas conferencias se dieron en el marco del presente A\u00f1o Internacional de las Legumbres . Per\u00fa tiene una participaci\u00f3n cada vez m\u00e1s activa en esta s\u00f3lida organizaci\u00f3n internacional que est\u00e1 organizada por continentes siendo nuestro pa\u00eds miembro del Slow Food America Latina.<\/p>\n<p style=\"text-align: justify;\">Como \u00a0fin de fiesta, la autora del libro de cocina peruana en italiano <strong><em><span style=\"color: #003366;\">\u00abIl Fiore della Cannella\u00bb<\/span><\/em><\/strong> organiz\u00f3 un <span style=\"color: #003366;\"><strong><em>\u00abpisco night\u00bb<\/em><\/strong><\/span> conjuntamente con Stefano Bonetto, propietario del m\u00edtico \u201cCaf\u00e9 Par\u00eds\u201d en Tur\u00edn que tuvo una exitosa acogida de parte de los asistentes turinenses.<\/p>\n<div id=\"attachment_25309\" style=\"width: 510px\" class=\"wp-caption aligncenter\"><a href=\"https:\/\/www.turistamagazine.com\/v2\/?attachment_id=25309\" rel=\"attachment wp-att-25309\"><img decoding=\"async\" aria-describedby=\"caption-attachment-25309\" class=\"wp-image-25309\" src=\"https:\/\/www.turistamagazine.com\/v2\/wp-content\/uploads\/2016\/10\/Adolfo-Perret-y-Gaby-Fiorini-.jpg\" alt=\" AdolfoPerret y Gaby Fiorini\" width=\"500\" height=\"375\" srcset=\"https:\/\/www.turistamagazine.com\/v2\/wp-content\/uploads\/2016\/10\/Adolfo-Perret-y-Gaby-Fiorini-.jpg 1280w, https:\/\/www.turistamagazine.com\/v2\/wp-content\/uploads\/2016\/10\/Adolfo-Perret-y-Gaby-Fiorini--300x225.jpg 300w, https:\/\/www.turistamagazine.com\/v2\/wp-content\/uploads\/2016\/10\/Adolfo-Perret-y-Gaby-Fiorini--768x576.jpg 768w, https:\/\/www.turistamagazine.com\/v2\/wp-content\/uploads\/2016\/10\/Adolfo-Perret-y-Gaby-Fiorini--1024x768.jpg 1024w, https:\/\/www.turistamagazine.com\/v2\/wp-content\/uploads\/2016\/10\/Adolfo-Perret-y-Gaby-Fiorini--560x420.jpg 560w\" sizes=\"(max-width: 500px) 100vw, 500px\" \/><\/a><p id=\"caption-attachment-25309\" class=\"wp-caption-text\">AdolfoPerret y Gaby Fiorini<\/p><\/div>\n","protected":false},"excerpt":{"rendered":"<p>06\/10\/2106\/ Tur\u00edn.- \u00a0El reconocido Chef peruano estuvo presente en el evento Terra Madre &#8211; Sal\u00f3n del Gusto 2016 con un gran grupo de personas de los diferentes Coviviums de Lima y de varias de las regiones del Per\u00fa. Participaron agricultores, cocineros, investigadores y gestores de Promperu con el tema \u201cAl turista lo nuestro\u201d, Las conferencias, f\u00f3rums, clases de cocina en La Alianza del Cocinero y degustaci\u00f3n de productos que se llevaron para esta ocasi\u00f3n fueron muy apreciados por los miles de asistentes como muestra viva de la biodiversidad peruana. \u00a0A esta d\u00e9cima edici\u00f3n que se llev\u00f3 a cabo durante la&#8230;<\/p>\n","protected":false},"author":1,"featured_media":0,"comment_status":"open","ping_status":"open","sticky":false,"template":"","format":"standard","meta":{"footnotes":""},"categories":[88],"tags":[5670,985,797,6132,749],"class_list":["post-25306","post","type-post","status-publish","format-standard","hentry","category-gastronomia","tag-adolfo-perret-bermudes","tag-gastronomia-peruana","tag-italia","tag-portal-de-noticias-turistamagazine","tag-turistamagazine"],"_links":{"self":[{"href":"https:\/\/www.turistamagazine.com\/v2\/index.php?rest_route=\/wp\/v2\/posts\/25306","targetHints":{"allow":["GET"]}}],"collection":[{"href":"https:\/\/www.turistamagazine.com\/v2\/index.php?rest_route=\/wp\/v2\/posts"}],"about":[{"href":"https:\/\/www.turistamagazine.com\/v2\/index.php?rest_route=\/wp\/v2\/types\/post"}],"author":[{"embeddable":true,"href":"https:\/\/www.turistamagazine.com\/v2\/index.php?rest_route=\/wp\/v2\/users\/1"}],"replies":[{"embeddable":true,"href":"https:\/\/www.turistamagazine.com\/v2\/index.php?rest_route=%2Fwp%2Fv2%2Fcomments&post=25306"}],"version-history":[{"count":1,"href":"https:\/\/www.turistamagazine.com\/v2\/index.php?rest_route=\/wp\/v2\/posts\/25306\/revisions"}],"predecessor-version":[{"id":25310,"href":"https:\/\/www.turistamagazine.com\/v2\/index.php?rest_route=\/wp\/v2\/posts\/25306\/revisions\/25310"}],"wp:attachment":[{"href":"https:\/\/www.turistamagazine.com\/v2\/index.php?rest_route=%2Fwp%2Fv2%2Fmedia&parent=25306"}],"wp:term":[{"taxonomy":"category","embeddable":true,"href":"https:\/\/www.turistamagazine.com\/v2\/index.php?rest_route=%2Fwp%2Fv2%2Fcategories&post=25306"},{"taxonomy":"post_tag","embeddable":true,"href":"https:\/\/www.turistamagazine.com\/v2\/index.php?rest_route=%2Fwp%2Fv2%2Ftags&post=25306"}],"curies":[{"name":"wp","href":"https:\/\/api.w.org\/{rel}","templated":true}]}}