{"id":2520,"date":"2014-03-11T19:16:58","date_gmt":"2014-03-12T00:16:58","guid":{"rendered":"http:\/\/www.turistamagazine.com\/v2\/?p=2520"},"modified":"2014-03-11T20:57:55","modified_gmt":"2014-03-12T01:57:55","slug":"otra-ves-andres","status":"publish","type":"post","link":"https:\/\/www.turistamagazine.com\/v2\/?p=2520","title":{"rendered":"OTRA VEZ ANDR\u00c9S\u2026"},"content":{"rendered":"<p style=\"text-align: justify;\"><strong><span style=\"color: #000080;\">FRAN-CA-MENTE.-<\/span><\/strong> Es inconcebible, por decir lo menos, que con toda la experiencia pol\u00edtica que tiene Lourdes Flores Nano, la popular <strong><em><span style=\"color: #000080;\">\u201cLul\u00fa\u201d<\/span><\/em><\/strong> se equivoque otra vez, ser\u00eda la cuarta si nos remontamos unos a\u00f1itos atr\u00e1s.<\/p>\n<p style=\"text-align: justify;\">Realmente lamentable lo que ha pasado con Pablo Secada, <strong><em><span style=\"color: #000080;\">\u201csu delf\u00edn\u201d,<\/span><\/em><\/strong> que ha tenido que renunciar a su candidatura, por problemas personales hechos p\u00fablicos\u2026<\/p>\n<p style=\"text-align: justify;\">Lo sentimos porque todo \u00a0hac\u00eda presagiar a trav\u00e9s de sus presentaciones en la TV, que era un profesional \u00a0inteligente y con muchas ganas de trabajar por el pa\u00eds.<\/p>\n<p style=\"text-align: justify;\">M\u00e1s la realidad de sus fantasmas lo han evidenciado como una persona violenta e \u00a0inexperta pol\u00edticamente.<\/p>\n<p style=\"text-align: justify;\">Para ejemplo de muchos j\u00f3venes que deseen \u00a0lanzarse \u00a0a este cotarro pol\u00edtico \u00a0peruano, deben \u00a0tener siempre presente la frase de Alan Garc\u00eda <span style=\"color: #000080;\"><em><strong>\u201cEn pol\u00edtica no se puede ser ingenuo\u201d<\/strong><\/em><\/span>\u2026<span style=\"color: #000080;\"><strong>.FRAN-CA-MENTE<\/strong><\/span><\/p>\n","protected":false},"excerpt":{"rendered":"<p>FRAN-CA-MENTE.- Es inconcebible, por decir lo menos, que con toda la experiencia pol\u00edtica que tiene Lourdes Flores Nano, la popular \u201cLul\u00fa\u201d se equivoque otra vez, ser\u00eda la cuarta si nos remontamos unos a\u00f1itos atr\u00e1s. Realmente lamentable lo que ha pasado con Pablo Secada, \u201csu delf\u00edn\u201d, que ha tenido que renunciar a su candidatura, por problemas personales hechos p\u00fablicos\u2026 Lo sentimos porque todo \u00a0hac\u00eda presagiar a trav\u00e9s de sus presentaciones en la TV, que era un profesional \u00a0inteligente y con muchas ganas de trabajar por el pa\u00eds. M\u00e1s la realidad de sus fantasmas lo han evidenciado como una persona violenta e&#8230;<\/p>\n","protected":false},"author":1,"featured_media":0,"comment_status":"open","ping_status":"open","sticky":false,"template":"","format":"standard","meta":{"footnotes":""},"categories":[346],"tags":[859,858,857],"class_list":["post-2520","post","type-post","status-publish","format-standard","hentry","category-francamente","tag-alana-garcia","tag-lourdes-flores","tag-pablo-secada"],"_links":{"self":[{"href":"https:\/\/www.turistamagazine.com\/v2\/index.php?rest_route=\/wp\/v2\/posts\/2520","targetHints":{"allow":["GET"]}}],"collection":[{"href":"https:\/\/www.turistamagazine.com\/v2\/index.php?rest_route=\/wp\/v2\/posts"}],"about":[{"href":"https:\/\/www.turistamagazine.com\/v2\/index.php?rest_route=\/wp\/v2\/types\/post"}],"author":[{"embeddable":true,"href":"https:\/\/www.turistamagazine.com\/v2\/index.php?rest_route=\/wp\/v2\/users\/1"}],"replies":[{"embeddable":true,"href":"https:\/\/www.turistamagazine.com\/v2\/index.php?rest_route=%2Fwp%2Fv2%2Fcomments&post=2520"}],"version-history":[{"count":5,"href":"https:\/\/www.turistamagazine.com\/v2\/index.php?rest_route=\/wp\/v2\/posts\/2520\/revisions"}],"predecessor-version":[{"id":2522,"href":"https:\/\/www.turistamagazine.com\/v2\/index.php?rest_route=\/wp\/v2\/posts\/2520\/revisions\/2522"}],"wp:attachment":[{"href":"https:\/\/www.turistamagazine.com\/v2\/index.php?rest_route=%2Fwp%2Fv2%2Fmedia&parent=2520"}],"wp:term":[{"taxonomy":"category","embeddable":true,"href":"https:\/\/www.turistamagazine.com\/v2\/index.php?rest_route=%2Fwp%2Fv2%2Fcategories&post=2520"},{"taxonomy":"post_tag","embeddable":true,"href":"https:\/\/www.turistamagazine.com\/v2\/index.php?rest_route=%2Fwp%2Fv2%2Ftags&post=2520"}],"curies":[{"name":"wp","href":"https:\/\/api.w.org\/{rel}","templated":true}]}}