{"id":24956,"date":"2016-09-14T20:31:06","date_gmt":"2016-09-15T01:31:06","guid":{"rendered":"http:\/\/www.turistamagazine.com\/v2\/?p=24956"},"modified":"2016-09-15T15:14:25","modified_gmt":"2016-09-15T20:14:25","slug":"de-visita-en-peru-disfrutando-de-su-gastronomia","status":"publish","type":"post","link":"https:\/\/www.turistamagazine.com\/v2\/?p=24956","title":{"rendered":"DE VISITA EN PERU DISFRUTANDO DE SU GASTRONOM\u00cdA"},"content":{"rendered":"<p style=\"text-align: justify;\">\u00a0Cusco, Puno, y Lima fueron los principales destinos en un viaje de una semana. Sin dudarlo nuestro pa\u00eds cada d\u00eda y con mucho trabajo se est\u00e1 posicionando como un pa\u00eds donde\u00a0 se puede disfrutar al m\u00e1ximo de todos sus atractivos tur\u00edsticos, naturalmente en primera l\u00ednea Cusco y Machu Picchu, otra regi\u00f3n que tambi\u00e9n est\u00e1 posicion\u00e1ndose \u00a0con gran fuerza es Puno, con su lago Titicaca el m\u00e1s alto del mundo y su turismo comunitario, rural, vivencial , inclusivo, como quieran llamarlo.<\/p>\n<p style=\"text-align: justify;\">Opiniones sinceras, de personas completamente opuestas que llegaban por primera vez al Per\u00fa y con las cuales tuvimos la suerte de interactuar, hace unos meses amigos de New Zeland hicieron el mismo viaje, agregando los destinos de Arequipa y Nazca, y tuvieron la misma opini\u00f3n \u201cfant\u00e1stico\u201d y la gastronom\u00eda deliciosa y variada, para estos amigos de ese pa\u00eds tan lejano fue un viaje inolvidable.<\/p>\n<div id=\"attachment_24957\" style=\"width: 510px\" class=\"wp-caption aligncenter\"><a href=\"https:\/\/www.turistamagazine.com\/v2\/?attachment_id=24957\" rel=\"attachment wp-att-24957\"><img decoding=\"async\" aria-describedby=\"caption-attachment-24957\" class=\"wp-image-24957\" src=\"https:\/\/www.turistamagazine.com\/v2\/wp-content\/uploads\/2016\/09\/SAM_2117-1024x768.jpg\" alt=\"Delicioso Piqueo Tur\u00edstico\/Turistamagazine \" width=\"500\" height=\"375\" srcset=\"https:\/\/www.turistamagazine.com\/v2\/wp-content\/uploads\/2016\/09\/SAM_2117.jpg 1024w, https:\/\/www.turistamagazine.com\/v2\/wp-content\/uploads\/2016\/09\/SAM_2117-300x225.jpg 300w, https:\/\/www.turistamagazine.com\/v2\/wp-content\/uploads\/2016\/09\/SAM_2117-768x576.jpg 768w, https:\/\/www.turistamagazine.com\/v2\/wp-content\/uploads\/2016\/09\/SAM_2117-560x420.jpg 560w\" sizes=\"(max-width: 500px) 100vw, 500px\" \/><\/a><p id=\"caption-attachment-24957\" class=\"wp-caption-text\">Delicioso Piqueo Tur\u00edstico\/Turistamagazine<\/p><\/div>\n<p style=\"text-align: justify;\">\u00a0Recientemente, llegaron a nuestro pa\u00eds dos amigas de islas Canarias \u00a0que residen en Miami la Ing. Mar\u00eda Tejera y la empresaria Mar\u00eda Navarro, que asimismo estaban felices con la visita a Machu Picchu, \u00a0en la ciudad \u00a0les fascin\u00f3 el ambiente de fiesta que se vive en sus\u00a0calles , no estuvieron de acuerdo con la masificaci\u00f3n de las visitas al santuario de Machu Picchu, puesto que la visita fue \u00a0maravillosa, pero en ning\u00fan momento sintieron esa atracci\u00f3n m\u00e1gica, la fuerza de la tierra, ni \u00a0esa energ\u00eda m\u00e1gica tan cantada de Machu Picchu, no la pudieron sentir, precisamente porque hab\u00eda demasiada gente \u2026 Y\u00a0 est\u00e1n de acuerdo con lo que se est\u00e1 planteado hace ya bastante tiempo \u00a0que se aplique un ordenamiento\u00a0\u00a0en las visitas\u00a0\u2026no queda de otra,<\/p>\n<p style=\"text-align: justify;\">\u00a0Por el contrario se quedaron encantadas con \u00a0Puno y su visita a la incre\u00edble \u201cIsla de los Uros\u201d la recepci\u00f3n de sus pobladores, y gastronom\u00eda t\u00edpica.<\/p>\n<div id=\"attachment_24958\" style=\"width: 510px\" class=\"wp-caption aligncenter\"><a href=\"https:\/\/www.turistamagazine.com\/v2\/?attachment_id=24958\" rel=\"attachment wp-att-24958\"><img decoding=\"async\" aria-describedby=\"caption-attachment-24958\" class=\"wp-image-24958\" src=\"https:\/\/www.turistamagazine.com\/v2\/wp-content\/uploads\/2016\/09\/SAM_2118-1024x768.jpg\" alt=\"El recomendado &quot;Arr\u00f3z Apaellado&quot;\/Turistamagazine\" width=\"500\" height=\"375\" \/><\/a><p id=\"caption-attachment-24958\" class=\"wp-caption-text\">El recomendado \u00abArr\u00f3z Apaellado\u00bb\/Turistamagazine<\/p><\/div>\n<p style=\"text-align: justify;\">Ya en Lima pudimos disfrutar con ellas \u00a0de las \u00a0creaciones de nuestro amigo, el reconocido Chef Adolfo Perret en \u00a0el restaurante Punta Sal \u00a0\u00a0de Conquistadores, realmente de acuerdo a sus comentarios fue la mejor comida que disfrutaron en Lima, y ciertamente lo creemos dada la calidad de los insumos y esmero que Adolfo le pone a todas sus creaciones, le comentamos que fue lo que lo que almorzamos, de primer tiempo, pedimos un piqueo Tur\u00edstico, al cual le cambiamos los \u201cteque\u00f1os rellenos de pulpa de Cangrejo\u201d por \u201cpulpo al olivo\u201d, este piqueo est\u00e1 compuesto por una causa rellena con pulpa de cangrejo, palta, mayonesa especial de la casa y otros secretos, naturalmente el \u201ccebiche de corvina\u201d \u201cTiradito de pescado\u00a0 en salsa de aj\u00ed amarillo\u201d no pod\u00eda faltar, todo acompa\u00f1ado de camote especialmente preparado y choclo desgranado, tambi\u00e9n disfrutamos de unas \u201cconchitas la parmesana\u201d que nos encanta\u2026 De segundo tiempo pedimos una \u201cArroz de mariscos apaellado\u201d todo realmente delicioso\u2026 Y de postre nuestra amiga Mar\u00eda Tejera no \u00a0quer\u00eda \u00a0dejar de probar nuestro famoso \u201cSuspiro de lime\u00f1a\u201d que se lo hab\u00edan recomendado\u2026<\/p>\n<div id=\"attachment_24959\" style=\"width: 510px\" class=\"wp-caption aligncenter\"><a href=\"https:\/\/www.turistamagazine.com\/v2\/?attachment_id=24959\" rel=\"attachment wp-att-24959\"><img decoding=\"async\" aria-describedby=\"caption-attachment-24959\" class=\"wp-image-24959\" src=\"https:\/\/www.turistamagazine.com\/v2\/wp-content\/uploads\/2016\/09\/SAM_2120-1024x768.jpg\" alt=\"Mar\u00eda Tejera no quer\u00eda dejar de probar nuestro famoso \u201cSuspiro de lime\u00f1a\u201d \/Turistamagazine\" width=\"500\" height=\"375\" \/><\/a><p id=\"caption-attachment-24959\" class=\"wp-caption-text\">Mar\u00eda Tejera no quer\u00eda dejar de probar nuestro famoso \u201cSuspiro de lime\u00f1a\u201d\/Turistamagazine<\/p><\/div>\n<p style=\"text-align: justify;\">Realmente fue una fiesta de sabores de nuestra deliciosa gastronom\u00eda tan variada, que recomendamos sinceramente\u2026 Y de la cual nos sentimos muy orgullosos\u2026 Fue una satisfacci\u00f3n compartir con estas amigas y escuchar sus elogiosos comentarios y estamos seguros que recomendar\u00e1n viajar a nuestro pa\u00eds\u2026<\/p>\n<p>&nbsp;<\/p>\n<p>E.V.<\/p>\n<p>Fto\/ de Portada:\u00a0Mar\u00eda Tejera Mar\u00eda Navarro\u00a0en el Cusco<\/p>\n","protected":false},"excerpt":{"rendered":"<p>\u00a0Cusco, Puno, y Lima fueron los principales destinos en un viaje de una semana. Sin dudarlo nuestro pa\u00eds cada d\u00eda y con mucho trabajo se est\u00e1 posicionando como un pa\u00eds donde\u00a0 se puede disfrutar al m\u00e1ximo de todos sus atractivos tur\u00edsticos, naturalmente en primera l\u00ednea Cusco y Machu Picchu, otra regi\u00f3n que tambi\u00e9n est\u00e1 posicion\u00e1ndose \u00a0con gran fuerza es Puno, con su lago Titicaca el m\u00e1s alto del mundo y su turismo comunitario, rural, vivencial , inclusivo, como quieran llamarlo. Opiniones sinceras, de personas completamente opuestas que llegaban por primera vez al Per\u00fa y con las cuales tuvimos la suerte&#8230;<\/p>\n","protected":false},"author":1,"featured_media":24968,"comment_status":"open","ping_status":"open","sticky":false,"template":"","format":"standard","meta":{"footnotes":""},"categories":[90],"tags":[],"class_list":["post-24956","post","type-post","status-publish","format-standard","has-post-thumbnail","hentry","category-pensando-en-voz-alta"],"_links":{"self":[{"href":"https:\/\/www.turistamagazine.com\/v2\/index.php?rest_route=\/wp\/v2\/posts\/24956","targetHints":{"allow":["GET"]}}],"collection":[{"href":"https:\/\/www.turistamagazine.com\/v2\/index.php?rest_route=\/wp\/v2\/posts"}],"about":[{"href":"https:\/\/www.turistamagazine.com\/v2\/index.php?rest_route=\/wp\/v2\/types\/post"}],"author":[{"embeddable":true,"href":"https:\/\/www.turistamagazine.com\/v2\/index.php?rest_route=\/wp\/v2\/users\/1"}],"replies":[{"embeddable":true,"href":"https:\/\/www.turistamagazine.com\/v2\/index.php?rest_route=%2Fwp%2Fv2%2Fcomments&post=24956"}],"version-history":[{"count":8,"href":"https:\/\/www.turistamagazine.com\/v2\/index.php?rest_route=\/wp\/v2\/posts\/24956\/revisions"}],"predecessor-version":[{"id":24971,"href":"https:\/\/www.turistamagazine.com\/v2\/index.php?rest_route=\/wp\/v2\/posts\/24956\/revisions\/24971"}],"wp:featuredmedia":[{"embeddable":true,"href":"https:\/\/www.turistamagazine.com\/v2\/index.php?rest_route=\/wp\/v2\/media\/24968"}],"wp:attachment":[{"href":"https:\/\/www.turistamagazine.com\/v2\/index.php?rest_route=%2Fwp%2Fv2%2Fmedia&parent=24956"}],"wp:term":[{"taxonomy":"category","embeddable":true,"href":"https:\/\/www.turistamagazine.com\/v2\/index.php?rest_route=%2Fwp%2Fv2%2Fcategories&post=24956"},{"taxonomy":"post_tag","embeddable":true,"href":"https:\/\/www.turistamagazine.com\/v2\/index.php?rest_route=%2Fwp%2Fv2%2Ftags&post=24956"}],"curies":[{"name":"wp","href":"https:\/\/api.w.org\/{rel}","templated":true}]}}