{"id":24932,"date":"2016-09-13T18:42:46","date_gmt":"2016-09-13T23:42:46","guid":{"rendered":"http:\/\/www.turistamagazine.com\/v2\/?p=24932"},"modified":"2016-09-15T15:17:40","modified_gmt":"2016-09-15T20:17:40","slug":"restaurantes-contra-el-hambre-guerra-a-la-desnutricion-cronica-infantil","status":"publish","type":"post","link":"https:\/\/www.turistamagazine.com\/v2\/?p=24932","title":{"rendered":"RESTAURANTES CONTRA EL HAMBRE: GUERRA A LA DESNUTRICI\u00d3N CR\u00d3NICA INFANTIL"},"content":{"rendered":"<p><strong><em>13\/09\/2016\/ Lima.- <\/em><\/strong>Unidos por la lucha para disminuir los altos \u00edndices de desnutrici\u00f3n cr\u00f3nica infantil y anemia en el pa\u00eds, m\u00e1s de 300 de los establecimientos m\u00e1s destacados del pa\u00eds, se unen en esta campa\u00f1a, siendo ellos los que eligen \u201cPlatos Solidarios\u201d de los cuales un porcentaje \u00a0de sus \u00a0ventas ir\u00e1n en beneficio de nuestros ni\u00f1os que m\u00e1s lo necesitan.<\/p>\n<p><span style=\"color: #000080;\">\u00a0\u00ab<strong><em>Restaurantes contra el Hambre\u00bb,<\/em><\/strong> <\/span>\u00a0es una iniciativa que promueve la Fundaci\u00f3n Acci\u00f3n Contra El Hambre en el Per\u00fa, y cuya quinta edici\u00f3n ir\u00e1 desde el 1 de octubre al 30 de noviembre.<\/p>\n<p>De esta manera lo recaudado tambi\u00e9n ser\u00e1 usado en beneficio de los proyectos que emprende la fundaci\u00f3n en diferentes localidades al interior del Per\u00fa.<\/p>\n<p><span style=\"color: #000080;\"><strong><em>\u201cLa desnutrici\u00f3n cr\u00f3nica infantil afecta a uno de cada siete ni\u00f1os en el pa\u00eds, mientras que la anemia a uno de cada dos ni\u00f1os en las zonas rurales del pa\u00eds. Por ellos y para ellos es que \u201cRestaurantes contra el Hambre\u201d se inici\u00f3 hace 5 a\u00f1os, siendo una forma de apoyo para incentivar el cambio de una realidad preocupante en el pa\u00eds\u201d<\/em><\/strong><\/span> expuso Iv\u00e1n Bazt\u00e1n, director de la fundaci\u00f3n Acci\u00f3n contra el Hambre.<\/p>\n<p style=\"text-align: justify;\">Gracias al trabajo de Acci\u00f3n Contra el Hambre en el Per\u00fa, a la fecha se ha reducido la desnutrici\u00f3n cr\u00f3nica en ni\u00f1os y ni\u00f1as menores de 3 a\u00f1os de 31.5% a 20.9%, en la provincia de Vilcashuam\u00e1n en Ayacucho; y en Ajoyani, Puno se vienen desarrollando proyectos para mejorar la vida de las familias que sufren por las bajas temperaturas propias de las zonas alto andinas.<\/p>\n<p style=\"text-align: justify;\">La campa\u00f1a, que ir\u00e1 del 1 de octubre al 30 de noviembre, fusiona gastronom\u00eda y solidaridad, sumando el apoyo de miles de restaurantes y cafeter\u00edas en Per\u00fa, Espa\u00f1a, Italia, Alemania, Canad\u00e1, Reino Unido, Estados Unidos, Bolivia, Colombia y Guatemala.<\/p>\n<p style=\"text-align: justify;\">Es bueno recordar que cada pa\u00eds maneja sus fondos en las necesidades de sus ni\u00f1os.<\/p>\n<div id=\"attachment_24935\" style=\"width: 510px\" class=\"wp-caption aligncenter\"><a href=\"https:\/\/www.turistamagazine.com\/v2\/?attachment_id=24935\" rel=\"attachment wp-att-24935\"><img decoding=\"async\" aria-describedby=\"caption-attachment-24935\" class=\"wp-image-24935\" src=\"https:\/\/www.turistamagazine.com\/v2\/wp-content\/uploads\/2016\/09\/SAM_2131.jpg\" alt=\"Alexia Cook, nuestra Directora, quien tambien se pone la camiseta de esta campa\u00f1a y Ariana Ferraro de Quinoa\" width=\"500\" height=\"365\" srcset=\"https:\/\/www.turistamagazine.com\/v2\/wp-content\/uploads\/2016\/09\/SAM_2131.jpg 908w, https:\/\/www.turistamagazine.com\/v2\/wp-content\/uploads\/2016\/09\/SAM_2131-300x219.jpg 300w, https:\/\/www.turistamagazine.com\/v2\/wp-content\/uploads\/2016\/09\/SAM_2131-768x561.jpg 768w, https:\/\/www.turistamagazine.com\/v2\/wp-content\/uploads\/2016\/09\/SAM_2131-575x420.jpg 575w, https:\/\/www.turistamagazine.com\/v2\/wp-content\/uploads\/2016\/09\/SAM_2131-220x160.jpg 220w\" sizes=\"(max-width: 500px) 100vw, 500px\" \/><\/a><p id=\"caption-attachment-24935\" class=\"wp-caption-text\">Alexia Cook, nuestra Directora, quien tambi\u00e9n se pone la camiseta de esta campa\u00f1a y Ariana Ferraro de Quinoa<\/p><\/div>\n<p style=\"text-align: justify;\"><span style=\"color: #000080;\"><strong><em>Es as\u00ed que como parte de los restaurantes que se unir\u00e1n en esta campa\u00f1a, se encuentra el JW Marriott, el cual ofrece una lista de platillos que ser\u00e1n preparados exclusivamente por su chef ejecutivo, Julio Ferradas, y que planean recaudar un monto significativo para esta gran iniciativa de ayuda. <\/em><\/strong><\/span><\/p>\n<p style=\"text-align: justify;\"><span style=\"color: #000080;\"><strong><em>El padrino en esta quinta edici\u00f3n de \u201cRestaurantes contra el Hambre\u201d, desde la sede de la organizaci\u00f3n en Espa\u00f1a, es nuevamente el chef Joan Roca de \u201cEl Celler de Can Roca\u201d, restaurante N\u00b0 2 en los \u201cWorld 50 Best Restaurants\u201d. <\/em><\/strong><\/span><\/p>\n<p style=\"text-align: justify;\">La inscripci\u00f3n para los restaurantes que deseen sumarse a esta causa sigue abierta hasta el 20 de octubre a trav\u00e9s de la p\u00e1gina web: <a href=\"http:\/\/www.restaurantescontraelhambreperu.org\"><strong>www.restaurantescontraelhambreperu.org<\/strong><\/a><\/p>\n<p style=\"text-align: justify;\">Conoce m\u00e1s sobre los proyectos de Acci\u00f3n contra el Hambre en nuestro pa\u00eds en: <a href=\"http:\/\/www.accioncontraelhambreperu.org\"><strong>www.accioncontraelhambreperu.org<\/strong><\/a><strong>\u00a0 <\/strong><\/p>\n<p><em><strong>F\/ de Portada:\u00a0Iv\u00e1n Bazt\u00e1n, director de ACH; Alexia Cook y Ariana Ferraro de Quinoa; y Julio Ferradas del Hotel Marriot<\/strong><\/em><\/p>\n","protected":false},"excerpt":{"rendered":"<p>13\/09\/2016\/ Lima.- Unidos por la lucha para disminuir los altos \u00edndices de desnutrici\u00f3n cr\u00f3nica infantil y anemia en el pa\u00eds, m\u00e1s de 300 de los establecimientos m\u00e1s destacados del pa\u00eds, se unen en esta campa\u00f1a, siendo ellos los que eligen \u201cPlatos Solidarios\u201d de los cuales un porcentaje \u00a0de sus \u00a0ventas ir\u00e1n en beneficio de nuestros ni\u00f1os que m\u00e1s lo necesitan. \u00a0\u00abRestaurantes contra el Hambre\u00bb, \u00a0es una iniciativa que promueve la Fundaci\u00f3n Acci\u00f3n Contra El Hambre en el Per\u00fa, y cuya quinta edici\u00f3n ir\u00e1 desde el 1 de octubre al 30 de noviembre. De esta manera lo recaudado tambi\u00e9n ser\u00e1 usado&#8230;<\/p>\n","protected":false},"author":1,"featured_media":24934,"comment_status":"open","ping_status":"open","sticky":false,"template":"","format":"standard","meta":{"footnotes":""},"categories":[4,82],"tags":[5135,866,321,340,6132,749],"class_list":["post-24932","post","type-post","status-publish","format-standard","has-post-thumbnail","hentry","category-breaking-news","category-nacionales","tag-restaurantes-contra-el-hambre","tag-jw-marriott-lima","tag-lima","tag-peru","tag-portal-de-noticias-turistamagazine","tag-turistamagazine"],"_links":{"self":[{"href":"https:\/\/www.turistamagazine.com\/v2\/index.php?rest_route=\/wp\/v2\/posts\/24932","targetHints":{"allow":["GET"]}}],"collection":[{"href":"https:\/\/www.turistamagazine.com\/v2\/index.php?rest_route=\/wp\/v2\/posts"}],"about":[{"href":"https:\/\/www.turistamagazine.com\/v2\/index.php?rest_route=\/wp\/v2\/types\/post"}],"author":[{"embeddable":true,"href":"https:\/\/www.turistamagazine.com\/v2\/index.php?rest_route=\/wp\/v2\/users\/1"}],"replies":[{"embeddable":true,"href":"https:\/\/www.turistamagazine.com\/v2\/index.php?rest_route=%2Fwp%2Fv2%2Fcomments&post=24932"}],"version-history":[{"count":3,"href":"https:\/\/www.turistamagazine.com\/v2\/index.php?rest_route=\/wp\/v2\/posts\/24932\/revisions"}],"predecessor-version":[{"id":24972,"href":"https:\/\/www.turistamagazine.com\/v2\/index.php?rest_route=\/wp\/v2\/posts\/24932\/revisions\/24972"}],"wp:featuredmedia":[{"embeddable":true,"href":"https:\/\/www.turistamagazine.com\/v2\/index.php?rest_route=\/wp\/v2\/media\/24934"}],"wp:attachment":[{"href":"https:\/\/www.turistamagazine.com\/v2\/index.php?rest_route=%2Fwp%2Fv2%2Fmedia&parent=24932"}],"wp:term":[{"taxonomy":"category","embeddable":true,"href":"https:\/\/www.turistamagazine.com\/v2\/index.php?rest_route=%2Fwp%2Fv2%2Fcategories&post=24932"},{"taxonomy":"post_tag","embeddable":true,"href":"https:\/\/www.turistamagazine.com\/v2\/index.php?rest_route=%2Fwp%2Fv2%2Ftags&post=24932"}],"curies":[{"name":"wp","href":"https:\/\/api.w.org\/{rel}","templated":true}]}}