{"id":24328,"date":"2016-08-08T11:35:59","date_gmt":"2016-08-08T16:35:59","guid":{"rendered":"http:\/\/www.turistamagazine.com\/v2\/?p=24328"},"modified":"2016-08-08T11:35:59","modified_gmt":"2016-08-08T16:35:59","slug":"francia-le-gana-a-espana-la-concesion-del-aeropuerto-de-la-habana","status":"publish","type":"post","link":"https:\/\/www.turistamagazine.com\/v2\/?p=24328","title":{"rendered":"FRANCIA LE GANA A ESPA\u00d1A LA CONCESI\u00d3N DEL AEROPUERTO DE LA HABANA"},"content":{"rendered":"<p style=\"text-align: justify;\">08\/08\/2016\/ Cuba.- Ha adjudicado el contrato de ampliaci\u00f3n y gesti\u00f3n del Aeropuerto Internacional Jos\u00e9 Mart\u00ed, hasta ahora operado por una empresa estatal, a dos empresas francesas, la gestora Aeropuertos de Par\u00eds y la constructora Bouygues Batiment, ganando la concesi\u00f3n a la espa\u00f1ola Aena, el mayor gestor aeroportuario por n\u00famero de infraestructuras y pasajeros, a trav\u00e9s de su filial Aena Internacional, que compet\u00eda. El comunicado oficial del Ministerio de Transporte cubano destaca que Cuba tiene la intenci\u00f3n de extender la medida de adjudicar otros aeropuertos del pa\u00eds para la mejora de sus instalaciones y servicios y gesti\u00f3n.<\/p>\n<p style=\"text-align: justify;\">Todav\u00eda quedan pendientes de adjudicar las licencias para operar otros aeropuertos de la isla, como los de Varadero, Santa Clara, Holgu\u00edn, Cayo Coco y Santiago de Cuba.<\/p>\n<p style=\"text-align: justify;\">El proyecto del Aeropuerto de La Habana -que incluye al cercano aer\u00f3dromo de San Antonio de los Ba\u00f1os, tambi\u00e9n al suroeste de la capital cubana- \u00abprev\u00e9 la financiaci\u00f3n y ejecuci\u00f3n de acciones inmediatas que mejoren la calidad de los servicios, as\u00ed como las inversiones en el mediano y largo plazos en correspondencia con los crecimientos estimados de pasajeros\u00bb, indica la nota oficial emitida en el noticiero de la televisi\u00f3n estatal.<\/p>\n<p style=\"text-align: justify;\">El tipo de contrato firmado no modifica la propiedad de las instalaciones presentes y futuras, que contin\u00faan siendo propiedad cubana. El Estado mantiene adem\u00e1s el control de las actividades de Aduana, Inmigraci\u00f3n y Seguridad Aeroportuaria.<\/p>\n<p style=\"text-align: justify;\">La nota oficial del Ministerio de Transporte de Cuba concluye anunciando que la Corporaci\u00f3n de la Aviaci\u00f3n Cubana S.A continuar\u00e1 promoviendo alianzas para mejorar la infraestructura y administraci\u00f3n de otros aeropuertos del pa\u00eds.<\/p>\n<p style=\"text-align: justify;\">Precisamente, el pasado mes de mayo, Cuba y Espa\u00f1a firmaron el primer acuerdo de cooperaci\u00f3n en Transporte, un memorando que fue suscrito por la entonces ministra en funciones de Fomento espa\u00f1ola, Ana Pastor, y por el titular cubano de Transporte, Adel Yzquierdo.<\/p>\n<p style=\"text-align: justify;\">\/ F\/Hosteltur La Habana<\/p>\n","protected":false},"excerpt":{"rendered":"<p>08\/08\/2016\/ Cuba.- Ha adjudicado el contrato de ampliaci\u00f3n y gesti\u00f3n del Aeropuerto Internacional Jos\u00e9 Mart\u00ed, hasta ahora operado por una empresa estatal, a dos empresas francesas, la gestora Aeropuertos de Par\u00eds y la constructora Bouygues Batiment, ganando la concesi\u00f3n a la espa\u00f1ola Aena, el mayor gestor aeroportuario por n\u00famero de infraestructuras y pasajeros, a trav\u00e9s de su filial Aena Internacional, que compet\u00eda. El comunicado oficial del Ministerio de Transporte cubano destaca que Cuba tiene la intenci\u00f3n de extender la medida de adjudicar otros aeropuertos del pa\u00eds para la mejora de sus instalaciones y servicios y gesti\u00f3n. Todav\u00eda quedan pendientes de&#8230;<\/p>\n","protected":false},"author":1,"featured_media":0,"comment_status":"open","ping_status":"open","sticky":false,"template":"","format":"standard","meta":{"footnotes":""},"categories":[4,84],"tags":[331,99,178,471,6132,749],"class_list":["post-24328","post","type-post","status-publish","format-standard","hentry","category-breaking-news","category-internacionales","tag-cuba","tag-elenita-villar","tag-espana","tag-francia","tag-portal-de-noticias-turistamagazine","tag-turistamagazine"],"_links":{"self":[{"href":"https:\/\/www.turistamagazine.com\/v2\/index.php?rest_route=\/wp\/v2\/posts\/24328","targetHints":{"allow":["GET"]}}],"collection":[{"href":"https:\/\/www.turistamagazine.com\/v2\/index.php?rest_route=\/wp\/v2\/posts"}],"about":[{"href":"https:\/\/www.turistamagazine.com\/v2\/index.php?rest_route=\/wp\/v2\/types\/post"}],"author":[{"embeddable":true,"href":"https:\/\/www.turistamagazine.com\/v2\/index.php?rest_route=\/wp\/v2\/users\/1"}],"replies":[{"embeddable":true,"href":"https:\/\/www.turistamagazine.com\/v2\/index.php?rest_route=%2Fwp%2Fv2%2Fcomments&post=24328"}],"version-history":[{"count":1,"href":"https:\/\/www.turistamagazine.com\/v2\/index.php?rest_route=\/wp\/v2\/posts\/24328\/revisions"}],"predecessor-version":[{"id":24330,"href":"https:\/\/www.turistamagazine.com\/v2\/index.php?rest_route=\/wp\/v2\/posts\/24328\/revisions\/24330"}],"wp:attachment":[{"href":"https:\/\/www.turistamagazine.com\/v2\/index.php?rest_route=%2Fwp%2Fv2%2Fmedia&parent=24328"}],"wp:term":[{"taxonomy":"category","embeddable":true,"href":"https:\/\/www.turistamagazine.com\/v2\/index.php?rest_route=%2Fwp%2Fv2%2Fcategories&post=24328"},{"taxonomy":"post_tag","embeddable":true,"href":"https:\/\/www.turistamagazine.com\/v2\/index.php?rest_route=%2Fwp%2Fv2%2Ftags&post=24328"}],"curies":[{"name":"wp","href":"https:\/\/api.w.org\/{rel}","templated":true}]}}