{"id":24069,"date":"2016-07-19T08:19:42","date_gmt":"2016-07-19T13:19:42","guid":{"rendered":"http:\/\/www.turistamagazine.com\/v2\/?p=24069"},"modified":"2016-07-19T08:19:42","modified_gmt":"2016-07-19T13:19:42","slug":"bolivia-anuncia-inversion-de-us-110-millones-en-nuevos-telefericos","status":"publish","type":"post","link":"https:\/\/www.turistamagazine.com\/v2\/?p=24069","title":{"rendered":"BOLIVIA ANUNCIA INVERSI\u00d3N DE US$ 110 MILLONES EN NUEVOS TELEF\u00c9RICOS"},"content":{"rendered":"<p>El presidente de Bolivia, Evo Morales, anunci\u00f3 una inversi\u00f3n de 110 millones de d\u00f3lares para la instalaci\u00f3n de dos nuevas l\u00edneas detelef\u00e9ricos en las ciudades de La Paz y El Alto y la construcci\u00f3n de un centro cultural en la antigua estaci\u00f3n de trenes pace\u00f1a.<\/p>\n<p>El mandatario hizo el anuncio durante un acto en el Palacio de Gobierno en el que tambi\u00e9n firm\u00f3 contratos para otras obras para La Paz, con motivo de los festejos por los 207 a\u00f1os de la revoluci\u00f3n pace\u00f1a contra la colonia espa\u00f1ola.<\/p>\n<p>Morales se\u00f1al\u00f3 que los 110 millones de d\u00f3lares para los tres proyectos est\u00e1n \u00abgarantizados por el Gobierno nacional\u00bb. \u00abCon esta nueva inversi\u00f3n, en el telef\u00e9rico, en las tres fases est\u00e1 garantizada una inversi\u00f3n total de 794 millones de d\u00f3lares para nuestro telef\u00e9rico en el departamento de La Paz\u00bb, a\u00f1adi\u00f3.<\/p>\n<p>Una de las nuevas l\u00edneas conectar\u00e1 la estaci\u00f3n que se encuentra en el barrio sure\u00f1o de Obrajes donde convergen actualmente las l\u00edneas verde y amarilla, con otra que se construir\u00e1 en pleno centro pace\u00f1o, cerca de la avenida Mariscal Santa Cruz.<\/p>\n<p>Esta l\u00ednea tendr\u00e1 una extensi\u00f3n cercana a los tres kil\u00f3metros, contar\u00e1 con 159 cabinas y tendr\u00e1 una velocidad de seis metros por segundo para garantizar un tiempo total de viaje de once minutos, detall\u00f3 el mandatario.<\/p>\n<p>Agreg\u00f3 que ser\u00e1 \u00abla l\u00ednea m\u00e1s concurrida\u00bb y tendr\u00e1 una capacidad de transporte de 4.000 pasajeros por hora en ambos sentidos. (\u2026) F\/Hosteltur<\/p>\n","protected":false},"excerpt":{"rendered":"<p>El presidente de Bolivia, Evo Morales, anunci\u00f3 una inversi\u00f3n de 110 millones de d\u00f3lares para la instalaci\u00f3n de dos nuevas l\u00edneas detelef\u00e9ricos en las ciudades de La Paz y El Alto y la construcci\u00f3n de un centro cultural en la antigua estaci\u00f3n de trenes pace\u00f1a. El mandatario hizo el anuncio durante un acto en el Palacio de Gobierno en el que tambi\u00e9n firm\u00f3 contratos para otras obras para La Paz, con motivo de los festejos por los 207 a\u00f1os de la revoluci\u00f3n pace\u00f1a contra la colonia espa\u00f1ola. Morales se\u00f1al\u00f3 que los 110 millones de d\u00f3lares para los tres proyectos est\u00e1n&#8230;<\/p>\n","protected":false},"author":1,"featured_media":24072,"comment_status":"open","ping_status":"open","sticky":false,"template":"","format":"standard","meta":{"footnotes":""},"categories":[4,84],"tags":[3839,1169,6644,1769,1026,1027,6132,6642,6643,5078],"class_list":["post-24069","post","type-post","status-publish","format-standard","has-post-thumbnail","hentry","category-breaking-news","category-internacionales","tag-turista-magazine-destinos","tag-bolivia","tag-el-alto","tag-la-paz","tag-latam","tag-latinoamerica","tag-portal-de-noticias-turistamagazine","tag-teleferico","tag-teleferico-de-la-paz","tag-ver-todos"],"_links":{"self":[{"href":"https:\/\/www.turistamagazine.com\/v2\/index.php?rest_route=\/wp\/v2\/posts\/24069","targetHints":{"allow":["GET"]}}],"collection":[{"href":"https:\/\/www.turistamagazine.com\/v2\/index.php?rest_route=\/wp\/v2\/posts"}],"about":[{"href":"https:\/\/www.turistamagazine.com\/v2\/index.php?rest_route=\/wp\/v2\/types\/post"}],"author":[{"embeddable":true,"href":"https:\/\/www.turistamagazine.com\/v2\/index.php?rest_route=\/wp\/v2\/users\/1"}],"replies":[{"embeddable":true,"href":"https:\/\/www.turistamagazine.com\/v2\/index.php?rest_route=%2Fwp%2Fv2%2Fcomments&post=24069"}],"version-history":[{"count":1,"href":"https:\/\/www.turistamagazine.com\/v2\/index.php?rest_route=\/wp\/v2\/posts\/24069\/revisions"}],"predecessor-version":[{"id":24071,"href":"https:\/\/www.turistamagazine.com\/v2\/index.php?rest_route=\/wp\/v2\/posts\/24069\/revisions\/24071"}],"wp:featuredmedia":[{"embeddable":true,"href":"https:\/\/www.turistamagazine.com\/v2\/index.php?rest_route=\/wp\/v2\/media\/24072"}],"wp:attachment":[{"href":"https:\/\/www.turistamagazine.com\/v2\/index.php?rest_route=%2Fwp%2Fv2%2Fmedia&parent=24069"}],"wp:term":[{"taxonomy":"category","embeddable":true,"href":"https:\/\/www.turistamagazine.com\/v2\/index.php?rest_route=%2Fwp%2Fv2%2Fcategories&post=24069"},{"taxonomy":"post_tag","embeddable":true,"href":"https:\/\/www.turistamagazine.com\/v2\/index.php?rest_route=%2Fwp%2Fv2%2Ftags&post=24069"}],"curies":[{"name":"wp","href":"https:\/\/api.w.org\/{rel}","templated":true}]}}