{"id":23994,"date":"2016-07-14T22:59:17","date_gmt":"2016-07-15T03:59:17","guid":{"rendered":"http:\/\/www.turistamagazine.com\/v2\/?p=23994"},"modified":"2016-07-15T15:15:14","modified_gmt":"2016-07-15T20:15:14","slug":"aniversario-de-terror-en-francia-mas-de-80-muertos-y-decenas-de-heridos","status":"publish","type":"post","link":"https:\/\/www.turistamagazine.com\/v2\/?p=23994","title":{"rendered":"ANIVERSARIO DE TERROR EN FRANCIA M\u00c1S DE 84 MUERTOS Y DECENAS  DE HERIDOS"},"content":{"rendered":"<p style=\"text-align: justify;\">14\/07\/2016\/ Niza .- \u00a0Un\u00a0Cami\u00f3n blanco sin placa y bastante viejo que iba por lo menos a 70 kil\u00f3metros por hora \u00a0 y zigzagueante \u00a0irrumpi\u00f3 en una zona peatonal disparando a diestra y siniestra\u00a0en la noche de del\u00a0jueves a una multitud de personas en la ciudad francesa de Niza, \u00a0causando al menos 84 muertos, <span style=\"color: #000080;\"><strong>\u00faltima noticia son m\u00e1s de 200\u00a0los heridos\u00a0 en estado grave,<\/strong><\/span> entre \u00a0las v\u00edctimas hay algunos ni\u00f1os, \u00a0m\u00e1s de cien heridos el atentado ocurri\u00f3 durante las celebraciones de la fiesta nacional de Francia, \u00a0seg\u00fan datos del ministro del Interior franc\u00e9s, Bernard Cazeneuve.<\/p>\n<p style=\"text-align: justify;\">El ataque tuvo lugar en el Paseo de los Ingleses durante los actos de celebraci\u00f3n del 14 de julio, fiesta nacional de Francia que conmemora la Toma de la Bastilla en 1789.<\/p>\n<p style=\"text-align: justify;\">\u00a0La multitud estaba esperando los fuegos artificiales \u00a0en el tradicional \u00a0y concurrido Paseo de los ingleses, en la hermosa bah\u00eda de Niza cuando el cami\u00f3n conducido por m\u00e1s de 2 kil\u00f3metros y \u00a0en zig- zag \u00a0para que la gente no escapara se meti\u00f3 entre la multitud que corr\u00eda despavorida \u00a0disparando sin control, todav\u00eda nadie ha reivindicado el ataque, no se sabe si el hombre actu\u00f3 s\u00f3lo en un ataque de odio y locura.<\/p>\n<p style=\"text-align: justify;\">El conductor del cami\u00f3n fue abatido por disparos de la polic\u00eda, por su identificaci\u00f3n encontrada se sabe que era\u00a0un franco-tunecino de 31 a\u00f1os, residente de Niza y sin v\u00ednculos conocidos con grupos extremistas<\/p>\n<p style=\"text-align: justify;\">El mundo condena este salvaje ataque, que se realiza apenas seis meses despu\u00e9s de\u00a0los atentados de noviembre de 2015 en Par\u00eds,<\/p>\n<p style=\"text-align: justify;\">El presidente de Francia, Fran\u00e7ois Hollande, se traslad\u00f3 de urgencia a Par\u00eds procedente de Avi\u00f1\u00f3n para comparecer en televisi\u00f3n, donde calific\u00f3 lo sucedido de \u00abataque terrorista\u00bb. \u00abFrancia es fuerte\u00bb, subray\u00f3 Hollande visiblemente afectado. En el espacio de a\u00f1o y medio, el mandatario franc\u00e9s ha visto c\u00f3mo su pa\u00eds se ha convertido en objetivo de violentos ataques.<\/p>\n<p style=\"text-align: justify;\"><span style=\"color: #003366;\">\u00ab<strong><em>No se puede negar la naturaleza terrorista del ataque en Niza\u00bb, afirm\u00f3 el presidente.<\/em><\/strong><\/span><\/p>\n<p style=\"text-align: justify;\"><span style=\"color: #000080;\"><strong><em>\u00abNada har\u00e1 que nos rindamos en la lucha contra el terrorismo y continuaremos combatiendo a los que nos atacan\u00bb,<\/em><\/strong><\/span> a\u00f1adi\u00f3 Hollande, que adelant\u00f3 que su pa\u00eds reforzar\u00e1 las acciones en Siria e Irak\u2026Hollande anunci\u00f3 que se prolongar\u00e1 el estado de emergencia por tres meses m\u00e1s.<\/p>\n<p style=\"text-align: justify;\">El pr\u00f3ximo 26 de julio Francia iba a suspender el estado de emergencia que entr\u00f3 en vigor tras los ataques simult\u00e1neos del 13 de noviembre de 2015 en Par\u00eds donde murieron 130 personas.<\/p>\n<p style=\"text-align: justify;\">Ahora, el presidente Hollande anunci\u00f3 que el estado de urgencia\u00a0\u00a0se prolongar\u00e1 otros tres meses, y por seguridad pidi\u00f3 a las personas que permanezcan en sus casas<\/p>\n<p style=\"text-align: justify;\"><strong><em><span style=\"color: #000080;\">Realmente nuestra solidaridad con el pueblo franc\u00e9s que como dice el presidente Hollmade es fuerte y no se rendir\u00e1.<\/span><\/em><\/strong><\/p>\n<p style=\"text-align: justify;\">Turistamagazine.<\/p>\n","protected":false},"excerpt":{"rendered":"<p>14\/07\/2016\/ Niza .- \u00a0Un\u00a0Cami\u00f3n blanco sin placa y bastante viejo que iba por lo menos a 70 kil\u00f3metros por hora \u00a0 y zigzagueante \u00a0irrumpi\u00f3 en una zona peatonal disparando a diestra y siniestra\u00a0en la noche de del\u00a0jueves a una multitud de personas en la ciudad francesa de Niza, \u00a0causando al menos 84 muertos, \u00faltima noticia son m\u00e1s de 200\u00a0los heridos\u00a0 en estado grave, entre \u00a0las v\u00edctimas hay algunos ni\u00f1os, \u00a0m\u00e1s de cien heridos el atentado ocurri\u00f3 durante las celebraciones de la fiesta nacional de Francia, \u00a0seg\u00fan datos del ministro del Interior franc\u00e9s, Bernard Cazeneuve. El ataque tuvo lugar en el&#8230;<\/p>\n","protected":false},"author":1,"featured_media":24001,"comment_status":"open","ping_status":"open","sticky":false,"template":"","format":"standard","meta":{"footnotes":""},"categories":[4,84],"tags":[471,6132,6634,749],"class_list":["post-23994","post","type-post","status-publish","format-standard","has-post-thumbnail","hentry","category-breaking-news","category-internacionales","tag-francia","tag-portal-de-noticias-turistamagazine","tag-terror-en-niza","tag-turistamagazine"],"_links":{"self":[{"href":"https:\/\/www.turistamagazine.com\/v2\/index.php?rest_route=\/wp\/v2\/posts\/23994","targetHints":{"allow":["GET"]}}],"collection":[{"href":"https:\/\/www.turistamagazine.com\/v2\/index.php?rest_route=\/wp\/v2\/posts"}],"about":[{"href":"https:\/\/www.turistamagazine.com\/v2\/index.php?rest_route=\/wp\/v2\/types\/post"}],"author":[{"embeddable":true,"href":"https:\/\/www.turistamagazine.com\/v2\/index.php?rest_route=\/wp\/v2\/users\/1"}],"replies":[{"embeddable":true,"href":"https:\/\/www.turistamagazine.com\/v2\/index.php?rest_route=%2Fwp%2Fv2%2Fcomments&post=23994"}],"version-history":[{"count":8,"href":"https:\/\/www.turistamagazine.com\/v2\/index.php?rest_route=\/wp\/v2\/posts\/23994\/revisions"}],"predecessor-version":[{"id":24037,"href":"https:\/\/www.turistamagazine.com\/v2\/index.php?rest_route=\/wp\/v2\/posts\/23994\/revisions\/24037"}],"wp:featuredmedia":[{"embeddable":true,"href":"https:\/\/www.turistamagazine.com\/v2\/index.php?rest_route=\/wp\/v2\/media\/24001"}],"wp:attachment":[{"href":"https:\/\/www.turistamagazine.com\/v2\/index.php?rest_route=%2Fwp%2Fv2%2Fmedia&parent=23994"}],"wp:term":[{"taxonomy":"category","embeddable":true,"href":"https:\/\/www.turistamagazine.com\/v2\/index.php?rest_route=%2Fwp%2Fv2%2Fcategories&post=23994"},{"taxonomy":"post_tag","embeddable":true,"href":"https:\/\/www.turistamagazine.com\/v2\/index.php?rest_route=%2Fwp%2Fv2%2Ftags&post=23994"}],"curies":[{"name":"wp","href":"https:\/\/api.w.org\/{rel}","templated":true}]}}