{"id":23968,"date":"2016-07-14T11:06:55","date_gmt":"2016-07-14T16:06:55","guid":{"rendered":"http:\/\/www.turistamagazine.com\/v2\/?p=23968"},"modified":"2016-07-22T08:18:54","modified_gmt":"2016-07-22T13:18:54","slug":"piratas-de-rio-en-pleno-siglo-xxi","status":"publish","type":"post","link":"https:\/\/www.turistamagazine.com\/v2\/?p=23968","title":{"rendered":"\u201c\u00bfPIRATAS DE RIO? EN PLENO SIGLO XXI ?\u201d"},"content":{"rendered":"<p style=\"text-align: justify;\"><strong><span style=\"color: #000080;\">FRAN-CA-MENTE .-<\/span> <\/strong>Realmente ya la poblaci\u00f3n peruana no ve la hora del cambio de gobierno, por la falta de seguridad que se est\u00e1 viviendo en todo el pa\u00eds, y conf\u00eda que para \u00a0el <span style=\"color: #000080;\"><strong><em>Gobierno de PPK sea prioritario implementar su plan de seguridad, que todo el Per\u00fa est\u00e1 esperando, en realidad, ya no hay seguridad en ninguna parte, no tenemos\u00a0\u00a0tranquilidad ni para acudir a un restaurante de categor\u00eda en un barrio residencial, puesto\u00a0que no sabemos si ese local est\u00e1 en la mira de los delincuentes.<\/em><\/strong><\/span><\/p>\n<p style=\"text-align: justify;\"><strong><em><span style=\"color: #000080;\">\u201cPiratas de rio\u201d<\/span><\/em><\/strong> no se le puede calificar de otra forma a estos delincuentes que \u00a0\u00a0asaltaron a la \u00a0embarcaci\u00f3n fluvial tur\u00edstica, que se dirig\u00eda hacia las reservas Tahuayo y Pacaya Samiria \u00a0\u201cQueen Violeta Cruises\u201d de la empresa Amazon Discovery,\u00a0te\u00f3ricamente\u00a0embarcaciones de lujo que cuentan con todas las seguridades, incluso con seguridad a lo largo del recorrido con patrullaje especial, seg\u00fan declaraciones delos directivos de la empresa. El asalto ocurri\u00f3 cerca al caser\u00edo Huaysi, en el r\u00edo Amazonas, distrito de Fernando Lores, en Iquitos (Loreto).<\/p>\n<p style=\"text-align: justify;\">Estos delincuentes, esperaron el momento oportuno (aproximadamente 4 de la madrugada) para abordar la embarcaci\u00f3n \u00a0debido a la falta de seguridad, incluso realizaron disparos para obstaculizar el crucero. \u201c<strong><em><span style=\"color: #000080;\">Ingresaron realizando disparos al aire y encapuchados. Estaban a bordo de dos botes deslizadores e ingresaron un promedio de 6 delincuentes para llevarse las pertenencias todo muy bien preparado y coordinado\u201d<\/span><\/em><\/strong>.<\/p>\n<p style=\"text-align: justify;\">Todos los que hemos tenido la suerte y el placer de \u00a0\u00a0haber \u00a0viajado por el Amazonas, hemos podido experimentar \u00a0la grandiosidad de este <span style=\"color: #000080;\"><strong><em>\u00abr\u00edo &#8211; mar\u00bb<\/em> <\/strong><\/span>\u00a0y por m\u00e1s seguridades que existan no se puede controlar toda su inmensidad.<\/p>\n<p style=\"text-align: justify;\"><strong><em><span style=\"color: #000080;\">Esta noticia es nefasta para \u00a0la imagen del pa\u00eds, que tanto dinero, esfuerzo, del sector privado y p\u00fablico nos ha costado posicionar en el mundo.<\/span><\/em><\/strong><\/p>\n<p style=\"text-align: justify;\">Estos cruceros por el r\u00edo Amazonas \u00a0son maravillosos por todo el recorrido fascinante, las visitas a las comunidades nativas, es lamentable que la falta de liderazgo al frente del plan de seguridad ciudadana nos haya conducido a este descalabro,<\/p>\n<p style=\"text-align: justify;\"><strong><em><span style=\"color: #000080;\">No hay mal que dure cien a\u00f1os, ni cuerpo que lo resista \u201c\u2026 S\u00f3lo faltan 14 d\u00edas para el cambio\u2026 S\u00f3lo pedimos acciones inmediatas, y que Dios nos proteja\u2026<\/span><\/em><span style=\"color: #000080;\">FRAN-CA-MENTE\u2026<\/span><\/strong><\/p>\n","protected":false},"excerpt":{"rendered":"<p>FRAN-CA-MENTE .- Realmente ya la poblaci\u00f3n peruana no ve la hora del cambio de gobierno, por la falta de seguridad que se est\u00e1 viviendo en todo el pa\u00eds, y conf\u00eda que para \u00a0el Gobierno de PPK sea prioritario implementar su plan de seguridad, que todo el Per\u00fa est\u00e1 esperando, en realidad, ya no hay seguridad en ninguna parte, no tenemos\u00a0\u00a0tranquilidad ni para acudir a un restaurante de categor\u00eda en un barrio residencial, puesto\u00a0que no sabemos si ese local est\u00e1 en la mira de los delincuentes. \u201cPiratas de rio\u201d no se le puede calificar de otra forma a estos delincuentes que&#8230;<\/p>\n","protected":false},"author":1,"featured_media":0,"comment_status":"open","ping_status":"open","sticky":false,"template":"","format":"standard","meta":{"footnotes":""},"categories":[346],"tags":[99,6630,340,6132,749],"class_list":["post-23968","post","type-post","status-publish","format-standard","hentry","category-francamente","tag-elenita-villar","tag-francamente-14072016","tag-peru","tag-portal-de-noticias-turistamagazine","tag-turistamagazine"],"_links":{"self":[{"href":"https:\/\/www.turistamagazine.com\/v2\/index.php?rest_route=\/wp\/v2\/posts\/23968","targetHints":{"allow":["GET"]}}],"collection":[{"href":"https:\/\/www.turistamagazine.com\/v2\/index.php?rest_route=\/wp\/v2\/posts"}],"about":[{"href":"https:\/\/www.turistamagazine.com\/v2\/index.php?rest_route=\/wp\/v2\/types\/post"}],"author":[{"embeddable":true,"href":"https:\/\/www.turistamagazine.com\/v2\/index.php?rest_route=\/wp\/v2\/users\/1"}],"replies":[{"embeddable":true,"href":"https:\/\/www.turistamagazine.com\/v2\/index.php?rest_route=%2Fwp%2Fv2%2Fcomments&post=23968"}],"version-history":[{"count":2,"href":"https:\/\/www.turistamagazine.com\/v2\/index.php?rest_route=\/wp\/v2\/posts\/23968\/revisions"}],"predecessor-version":[{"id":24139,"href":"https:\/\/www.turistamagazine.com\/v2\/index.php?rest_route=\/wp\/v2\/posts\/23968\/revisions\/24139"}],"wp:attachment":[{"href":"https:\/\/www.turistamagazine.com\/v2\/index.php?rest_route=%2Fwp%2Fv2%2Fmedia&parent=23968"}],"wp:term":[{"taxonomy":"category","embeddable":true,"href":"https:\/\/www.turistamagazine.com\/v2\/index.php?rest_route=%2Fwp%2Fv2%2Fcategories&post=23968"},{"taxonomy":"post_tag","embeddable":true,"href":"https:\/\/www.turistamagazine.com\/v2\/index.php?rest_route=%2Fwp%2Fv2%2Ftags&post=23968"}],"curies":[{"name":"wp","href":"https:\/\/api.w.org\/{rel}","templated":true}]}}