{"id":23616,"date":"2016-06-28T07:14:55","date_gmt":"2016-06-28T12:14:55","guid":{"rendered":"http:\/\/www.turistamagazine.com\/v2\/?p=23616"},"modified":"2016-06-28T07:14:55","modified_gmt":"2016-06-28T12:14:55","slug":"caida-de-precios-en-los-hoteles-de-paris-para-este-verano","status":"publish","type":"post","link":"https:\/\/www.turistamagazine.com\/v2\/?p=23616","title":{"rendered":"CA\u00cdDA DE PRECIOS EN LOS HOTELES DE PAR\u00cdS PARA ESTE VERANO"},"content":{"rendered":"<p style=\"text-align: justify;\">22\/06\/2016 Francia.- Los hoteles de Par\u00eds est\u00e1n bajando sus precios como nunca antes con grandes reducciones en sus tarifas en una estrategia sin precedentes en la capital gala para atraer negocio, seg\u00fan los datos del banco de camas brit\u00e1nico JacTravel.<\/p>\n<p style=\"text-align: justify;\"><span style=\"color: #000080;\"><strong><em>\u201cEs como si Par\u00eds estuviera en venta\u201d,<\/em><\/strong><\/span> seg\u00fan ha apuntado Marietta Fox, responsable regional de contrataci\u00f3n de JacTravel, que gestiona m\u00e1s de medio mill\u00f3n de pernoctaciones en la ciudad. Y es que <span style=\"color: #000080;\"><strong><em>\u201cnunca antes hab\u00edamos visto algo as\u00ed en la capital francesa a estas alturas del a\u00f1o. Desde el punto de vista de los precios, es un momento inmejorable para visitar Par\u00eds\u201d.<\/em><\/strong><\/span><\/p>\n<p style=\"text-align: justify;\">Incluso la ocupaci\u00f3n hotelera para los cuartos de final y la final de la Eurocopa est\u00e1 bastante por debajo de los niveles del 90% esperados para estas fechas. Pr\u00e1cticamente todos los hoteles tienen habitaciones libres y buscan clientela desesperadamente. Eso quiere decir, seg\u00fan Fox, que cualquiera que visite ahora la capital gala puede encontrar habitaci\u00f3n y mucho mejor por el precio que ten\u00eda previsto pagar. Por la tarifa de un hotel econ\u00f3mico puede alojarse en uno de categor\u00eda superior.<\/p>\n<p style=\"text-align: justify;\">En palabras de Fox, <span style=\"color: #000080;\"><strong><em>\u201cla ciudad es el destino n\u00famero uno del mundo y sus hoteles suelen estar llenos en verano a pesar de sus elevados precios. La situaci\u00f3n de este a\u00f1o es un gran shock para el pa\u00eds y su capital\u201d.<\/em><\/strong><\/span><\/p>\n<p style=\"text-align: justify;\">La mayor ca\u00edda de precios se ha producido en las 4 estrellas, con tarifas que en algunos casos se han reducido a la mitad. Y es que, seg\u00fan Fox, \u201cactualmente en Par\u00eds existe una enorme oferta para una demanda limitada, por lo que el turista puede conseguir m\u00e1s por su dinero. Al principio los hoteles se resistieron a bajar sus precios esperando a ver si la demanda remontaba, pero despu\u00e9s de un comienzo demasiado tranquilo de la temporada y la mitad de mayo, las tarifas empezaron a temblar. Sin embargo los hoteles low cost son los menos afectados y parece que les va ligeramente mejor\u201d.<\/p>\n<p style=\"text-align: justify;\">Junio suele ser el mes m\u00e1s con m\u00e1s actividad para los hoteles parisinos, pero un c\u00famulo de circunstancias, los atentados terroristas, las peores inundaciones en un siglo y las huelgas convocadas est\u00e1n contribuyendo a un comienzo pobre de la temporada estival.<\/p>\n<p style=\"text-align: justify;\">\u00bfPero Par\u00eds puede recuperarse? Marietta Fox opina que <span style=\"color: #000080;\"><strong><em>\u201csi el resto del campeonato discurre sin sobresaltos en t\u00e9rminos de seguridad y las huelgas se apaciguan, confiamos en ver alguna mejora pero puede que haya que esperar hasta septiembre u octubre para que se haga patente\u201d.<\/em><\/strong><\/span><\/p>\n<p style=\"text-align: justify;\">Otras capitales europeas<\/p>\n<p style=\"text-align: justify;\"><strong><em><span style=\"color: #000080;\">Madrid, Roma y Viena<\/span> <\/em><\/strong>son otras ciudades europeas en las que los hoteleros est\u00e1n bajando los precios, como apunta Juan Morterero, vicepresidente de Compras y Producto de JacTravel. <strong><em><span style=\"color: #000080;\">Por el contrario, Barcelona, Amsterdam, Copenhague y Berl\u00edn est\u00e1n registrando elevados niveles de reservas y est\u00e1n increment\u00e1ndolos.<\/span><\/em><\/strong><\/p>\n<p>Vivi Hinojosa\/Hosteltur<\/p>\n","protected":false},"excerpt":{"rendered":"<p>22\/06\/2016 Francia.- Los hoteles de Par\u00eds est\u00e1n bajando sus precios como nunca antes con grandes reducciones en sus tarifas en una estrategia sin precedentes en la capital gala para atraer negocio, seg\u00fan los datos del banco de camas brit\u00e1nico JacTravel. \u201cEs como si Par\u00eds estuviera en venta\u201d, seg\u00fan ha apuntado Marietta Fox, responsable regional de contrataci\u00f3n de JacTravel, que gestiona m\u00e1s de medio mill\u00f3n de pernoctaciones en la ciudad. Y es que \u201cnunca antes hab\u00edamos visto algo as\u00ed en la capital francesa a estas alturas del a\u00f1o. Desde el punto de vista de los precios, es un momento inmejorable para&#8230;<\/p>\n","protected":false},"author":1,"featured_media":0,"comment_status":"open","ping_status":"open","sticky":false,"template":"","format":"standard","meta":{"footnotes":""},"categories":[4,84],"tags":[445,1869,6600,6599,6598,177,6132,6597,749],"class_list":["post-23616","post","type-post","status-publish","format-standard","hentry","category-breaking-news","category-internacionales","tag-amsterdam","tag-barcelona","tag-copenhague-y-berlin","tag-jactravel","tag-juan-morterero","tag-madrid","tag-portal-de-noticias-turistamagazine","tag-roma-y-viena","tag-turistamagazine"],"_links":{"self":[{"href":"https:\/\/www.turistamagazine.com\/v2\/index.php?rest_route=\/wp\/v2\/posts\/23616","targetHints":{"allow":["GET"]}}],"collection":[{"href":"https:\/\/www.turistamagazine.com\/v2\/index.php?rest_route=\/wp\/v2\/posts"}],"about":[{"href":"https:\/\/www.turistamagazine.com\/v2\/index.php?rest_route=\/wp\/v2\/types\/post"}],"author":[{"embeddable":true,"href":"https:\/\/www.turistamagazine.com\/v2\/index.php?rest_route=\/wp\/v2\/users\/1"}],"replies":[{"embeddable":true,"href":"https:\/\/www.turistamagazine.com\/v2\/index.php?rest_route=%2Fwp%2Fv2%2Fcomments&post=23616"}],"version-history":[{"count":2,"href":"https:\/\/www.turistamagazine.com\/v2\/index.php?rest_route=\/wp\/v2\/posts\/23616\/revisions"}],"predecessor-version":[{"id":23618,"href":"https:\/\/www.turistamagazine.com\/v2\/index.php?rest_route=\/wp\/v2\/posts\/23616\/revisions\/23618"}],"wp:attachment":[{"href":"https:\/\/www.turistamagazine.com\/v2\/index.php?rest_route=%2Fwp%2Fv2%2Fmedia&parent=23616"}],"wp:term":[{"taxonomy":"category","embeddable":true,"href":"https:\/\/www.turistamagazine.com\/v2\/index.php?rest_route=%2Fwp%2Fv2%2Fcategories&post=23616"},{"taxonomy":"post_tag","embeddable":true,"href":"https:\/\/www.turistamagazine.com\/v2\/index.php?rest_route=%2Fwp%2Fv2%2Ftags&post=23616"}],"curies":[{"name":"wp","href":"https:\/\/api.w.org\/{rel}","templated":true}]}}