{"id":21707,"date":"2016-04-13T07:31:28","date_gmt":"2016-04-13T12:31:28","guid":{"rendered":"http:\/\/www.turistamagazine.com\/v2\/?p=21707"},"modified":"2016-04-13T07:31:28","modified_gmt":"2016-04-13T12:31:28","slug":"los-controladores-aereos-de-bruselas-extienden-la-huelga-por-otro-dia","status":"publish","type":"post","link":"https:\/\/www.turistamagazine.com\/v2\/?p=21707","title":{"rendered":"LOS CONTROLADORES A\u00c9REOS DE BRUSELAS EXTIENDEN LA HUELGA POR OTRO D\u00cdA"},"content":{"rendered":"<p style=\"text-align: justify;\">13\/ 04\/2016\/ Bruselas.- Al menos 50 vuelos con origen o destino en el Aeropuerto de Bruselas-Zaventem han sido cancelados a primera hora de este mi\u00e9rcoles, en la continuaci\u00f3n de una <span style=\"color: #000080;\"><strong><em>&#8216;huelga salvaje&#8217;<\/em><\/strong> <\/span>de los controladores a\u00e9reos, iniciada sin pre aviso en la tarde de ayer martes, cuando comenzaron a declararse enfermos para asumir el ATM en el reci\u00e9n reabierto aer\u00f3dromo, tras los atentados terroristas del 22 de marzo y que ha causado el rechazo de distintos sectores de la aviaci\u00f3n internacional. Seg\u00fan recoge la agencia Europa Press, <strong><em><span style=\"color: #000080;\">\u00abdebido al problema con Belgocontrol hemos cancelados unos 50 vuelos esta ma\u00f1ana. Si las acciones contin\u00faan, se esperan m\u00e1s cancelaciones\u00bb,<\/span> <\/em><\/strong>ha avisado el aeropuerto a trav\u00e9s de las redes sociales, pidiendo a los pasajeros que contacten con la compa\u00f1\u00eda que opera su vuelo antes de desplazarse.<\/p>\n<p style=\"text-align: justify;\">La aerol\u00ednea de referencia, Brussels Airlines, ha confirmado la supresi\u00f3n de m\u00e1s de una treintena de vuelos en las dos primeras horas del mi\u00e9rcoles, incluidos sus enlaces con Madrid y Bilbao.<\/p>\n<p style=\"text-align: justify;\">A trav\u00e9s de su p\u00e1gina &#8216;web&#8217;, la aerol\u00ednea ofrece la posibilidad a sus clientes con vuelos para este mi\u00e9rcoles 13 que cambien su billete sin cargos adicionales para volar en otra fecha de aqu\u00ed al 13 de julio.<\/p>\n<p style=\"text-align: justify;\">La empresa responsable de la seguridad del tr\u00e1fico a\u00e9reo (Belgocontrol) ha confirmado que <span style=\"color: #000080;\"><strong><em>\u00abuna serie de controladores\u00bb<\/em><\/strong><\/span> han informado de que est\u00e1n enfermos, lo que ha obligado a reducir en un 40 % aproximadamente el tr\u00e1fico del aeropuerto de Bruselas.<\/p>\n<p style=\"text-align: justify;\">La Alianza belga de controladores, que representa a aproximadamente un tercio del colectivo, llam\u00f3 a la huelga en la tarde del martes por su desacuerdo con el nuevo acuerdo cerrado ese mismo d\u00eda por el conjunto del sector con Belgocontrol. <span style=\"color: #000080;\"><strong><em>Entre las medidas que rechazan figura el retrasar tres a\u00f1os, hasta los 58, la edad en que los controladores pasan a la \u00abreserva\u00bb.<\/em><\/strong><\/span><\/p>\n<p style=\"text-align: justify;\">Los datos de cancelaciones ofrecidos por Brussels Airlines y el aeropuerto supone que se ha tenido que reducir de <span style=\"color: #000080;\"><strong><em>76 a 15 el n\u00famero de vuelos por hora que puede operar el aeropuerto de Bruselas.<\/em><\/strong><\/span><\/p>\n<p style=\"text-align: justify;\">El inicio de la huelga a las 16:30 horas del martes oblig\u00f3 al cierre intermitente del aer\u00f3dromo de Bruselas y del de Charleroi (a unos 60 kil\u00f3metros al sur de la capital), con lo que fueron cancelados casi la totalidad de vuelos y desviados a Lieja los que deb\u00edan aterrizar en esos momentos.<\/p>\n<p style=\"text-align: justify;\">Este mi\u00e9rcoles, sin embargo, la acci\u00f3n sindical no afecta de momento ni a Charleroi ni a Lieja, seg\u00fan fuentes de las dos sedes citadas por la prensa belga.<\/p>\n<p style=\"text-align: justify;\">Nueva par\u00e1lisis<\/p>\n<p style=\"text-align: justify;\">Bruselas hab\u00eda anunciado la vuelta gradual a la normalidad tras los atentados que golpearon su aeropuerto y red de metro el pasado 22 de marzo y el aer\u00f3dromo de Zaventem contaba con lograr operar en torno a un tercio de su actividad habitual desde el pasado lunes.<\/p>\n<p style=\"text-align: justify;\">Una infraestructura temporal instalada en la zona de aparcamiento permitir\u00e1 la facturaci\u00f3n de 800 pasajeros cada hora, frente a los 1.500 habituales, mientras se realizan los trabajos de restauraci\u00f3n de la terminal de salidas destruida en los atentados.<\/p>\n<p style=\"text-align: justify;\">La Asociaci\u00f3n Internacional de Transporte A\u00e9reo (IATA) ha criticado con dureza esta huelga, que ha calificado de <span style=\"color: #000080;\"><strong><em>\u00abmaliciosa\u00bb e \u00abirresponsable\u00bb.<\/em><\/strong><\/span><\/p>\n<p style=\"text-align: justify;\">En un comunicado difundido tras las primeras horas de par\u00e1lisis, el director general de la IATA, Tony Tyler, dijo que se trata de <span style=\"color: #000080;\"><strong><em>\u00abun pu\u00f1etazo en los dientes de todas las aerol\u00edneas y del personal del aeropuerto que han trabajado tan duro para reconectar Bruselas con el mundo tras los atentados\u00bb.<\/em><\/strong><\/span><\/p>\n<p style=\"text-align: justify;\"><strong><em><span style=\"color: #000080;\">\u00abEs el colmo de la irresponsabilidad cortar un servicio vital, y hacerlo sin aviso previo s\u00f3lo puede ser visto como algo malicioso\u00bb<\/span>,<\/em><\/strong> ha asegurado Tyler, quien ha a\u00f1adido que <span style=\"color: #000080;\"><strong><em>\u00absi no se puede contar con la simple decencia humana de estos profesionales altamente remunerados, entonces ha llegado el momento de que los gobiernos encuentren v\u00edas para garantizar la disponibilidad de los servicios de controladores\u00bb.<\/em><\/strong><\/span><\/p>\n<p style=\"text-align: justify;\">F\/Hosteltur<\/p>\n","protected":false},"excerpt":{"rendered":"<p>13\/ 04\/2016\/ Bruselas.- Al menos 50 vuelos con origen o destino en el Aeropuerto de Bruselas-Zaventem han sido cancelados a primera hora de este mi\u00e9rcoles, en la continuaci\u00f3n de una &#8216;huelga salvaje&#8217; de los controladores a\u00e9reos, iniciada sin pre aviso en la tarde de ayer martes, cuando comenzaron a declararse enfermos para asumir el ATM en el reci\u00e9n reabierto aer\u00f3dromo, tras los atentados terroristas del 22 de marzo y que ha causado el rechazo de distintos sectores de la aviaci\u00f3n internacional. Seg\u00fan recoge la agencia Europa Press, \u00abdebido al problema con Belgocontrol hemos cancelados unos 50 vuelos esta ma\u00f1ana. Si&#8230;<\/p>\n","protected":false},"author":1,"featured_media":0,"comment_status":"open","ping_status":"open","sticky":false,"template":"","format":"standard","meta":{"footnotes":""},"categories":[4,84],"tags":[6271,6263,4575,6318,5921,6132,749],"class_list":["post-21707","post","type-post","status-publish","format-standard","hentry","category-breaking-news","category-internacionales","tag-aeropuerto-de-bruselas-zaventem","tag-atentados-bruselas","tag-controladores-aereos","tag-controladores-belgas","tag-huelga-de-controladores","tag-portal-de-noticias-turistamagazine","tag-turistamagazine"],"_links":{"self":[{"href":"https:\/\/www.turistamagazine.com\/v2\/index.php?rest_route=\/wp\/v2\/posts\/21707","targetHints":{"allow":["GET"]}}],"collection":[{"href":"https:\/\/www.turistamagazine.com\/v2\/index.php?rest_route=\/wp\/v2\/posts"}],"about":[{"href":"https:\/\/www.turistamagazine.com\/v2\/index.php?rest_route=\/wp\/v2\/types\/post"}],"author":[{"embeddable":true,"href":"https:\/\/www.turistamagazine.com\/v2\/index.php?rest_route=\/wp\/v2\/users\/1"}],"replies":[{"embeddable":true,"href":"https:\/\/www.turistamagazine.com\/v2\/index.php?rest_route=%2Fwp%2Fv2%2Fcomments&post=21707"}],"version-history":[{"count":2,"href":"https:\/\/www.turistamagazine.com\/v2\/index.php?rest_route=\/wp\/v2\/posts\/21707\/revisions"}],"predecessor-version":[{"id":21710,"href":"https:\/\/www.turistamagazine.com\/v2\/index.php?rest_route=\/wp\/v2\/posts\/21707\/revisions\/21710"}],"wp:attachment":[{"href":"https:\/\/www.turistamagazine.com\/v2\/index.php?rest_route=%2Fwp%2Fv2%2Fmedia&parent=21707"}],"wp:term":[{"taxonomy":"category","embeddable":true,"href":"https:\/\/www.turistamagazine.com\/v2\/index.php?rest_route=%2Fwp%2Fv2%2Fcategories&post=21707"},{"taxonomy":"post_tag","embeddable":true,"href":"https:\/\/www.turistamagazine.com\/v2\/index.php?rest_route=%2Fwp%2Fv2%2Ftags&post=21707"}],"curies":[{"name":"wp","href":"https:\/\/api.w.org\/{rel}","templated":true}]}}