{"id":21562,"date":"2016-04-05T12:24:00","date_gmt":"2016-04-05T17:24:00","guid":{"rendered":"http:\/\/www.turistamagazine.com\/v2\/?p=21562"},"modified":"2016-04-05T12:24:00","modified_gmt":"2016-04-05T17:24:00","slug":"brussels-airlines-reanuda-sus-vuelos-entre-bilbao-y-bruselas","status":"publish","type":"post","link":"https:\/\/www.turistamagazine.com\/v2\/?p=21562","title":{"rendered":"BRUSSELS AIRLINES REANUDA SUS VUELOS ENTRE BILBAO Y BRUSELAS"},"content":{"rendered":"<p style=\"text-align: justify;\">05\/04\/ 2016\/ Bruselas.- Brussels Airlines reanuda desde este martes sus vuelos entre los aeropuertos de Bilbao y Bruselas Zaventem, en principio, el primero que se opere entre Espa\u00f1a y el primer aeropuerto belga tras su reapertura oficial luego de los atentados del pasado 22 de marzo. Iberia reanudar\u00e1 a partir de hoy de forma progresiva sus operaciones con el aeropuerto de Zaventem-Bruselas, que reabri\u00f3 parcialmente el pasado domingo tras el atentado terrorista sufrido el pasado 22 de marzo, mientras que Air Europa, del grupo Globalia, lo har\u00e1 desde el mi\u00e9rcoles 6 de abril.<\/p>\n<p style=\"text-align: justify;\">A\u00fan no se est\u00e1n operando los vuelos que regularmente estaban programados entre los aeropuertos espa\u00f1oles y el Aeropuerto de Bruselas Zaventem.<\/p>\n<p style=\"text-align: justify;\">Desde Brussels Airlines explican que, luego de la apertura del aeropuerto de la capital belga el pasado domingo, todas las compa\u00f1\u00edas que operaban en sus instalaciones y tuvieron que desviar sus operaciones a los aeropuertos de Lieja y Amberes, tienen que recuperar la operativa de vuelos en Bruselas gradualmente.<\/p>\n<p style=\"text-align: justify;\">En el caso de Brussels, este martes ha operado su vuelo entre Bilbao y Zaventem, y ma\u00f1ana mi\u00e9rcoles operar\u00e1 dos vuelos, de ida y vuelta, entre Madrid y Bruselas. El resto de rutas desde Espa\u00f1a volver\u00e1n a la normalidad a lo largo de la semana, cuya operativa publicar\u00e1 este martes la aerol\u00ednea belga, seg\u00fan lamisma fuente.<\/p>\n<p style=\"text-align: justify;\">La aerol\u00ednea de bajo coste Ryanair comunic\u00f3 que todos los vuelos con origen o destino en el aeropuerto de Bruselas Zaventem se seguir\u00e1n desviando al de Charleroi -situado a 46 kil\u00f3metros al sur de la capital belga- hasta el pr\u00f3ximo jueves 7 de abril.<\/p>\n<p style=\"text-align: justify;\">Tambi\u00e9n por las restricciones en el aeropuerto de Bruselas-Zaventem, Vueling opera por el momento todos vuelos, hasta el 6 de abril, desde el aeropuerto de Lille<\/p>\n<p style=\"text-align: justify;\">Las aerol\u00edneas espa\u00f1olas<\/p>\n<p style=\"text-align: justify;\">Iberia anunci\u00f3 que su \u00faltimo vuelo de este martes, 5 de abril, que sale de Madrid a las 19:40 horas aterrizar\u00e1 a las 22:00 en el Aeropuerto de Bruselas, desde donde despegar\u00e1 al d\u00eda siguiente, 6 de abril, para hacer el trayecto inverso.<\/p>\n<p style=\"text-align: justify;\">Tras los atentados, tanto Iberia como Air Europa trasladaron su operativa en la ruta Madrid-Bruselas a la ciudad belga de Lieja, desde donde seguir\u00e1 operando una frecuencia diaria.<\/p>\n<p style=\"text-align: justify;\">A partir del d\u00eda 6 de abril y hasta nuevo aviso, Iberia que ofrece tres vuelos diarios en ambos sentidos entre Madrid y Bruselas, operar\u00e1 dos al de Zaventem y mantendr\u00e1 uno con Lieja.<\/p>\n<p style=\"text-align: justify;\">En el caso de Air Europa, la compa\u00f1\u00eda ofrece dos vuelos diarios a Bruselas desde la capital espa\u00f1ola, de los que, a partir del pr\u00f3ximo 6 de abril, el de la tarde ir\u00e1 al aeropuerto de Zaventem y el matutino al de Lieja.<\/p>\n<p style=\"text-align: justify;\">Las compa\u00f1\u00edas advierten de que, por motivos de seguridad y como consecuencia del estado de las instalaciones en el \u00e1rea de facturaci\u00f3n, los clientes que vuelen desde Bruselas-Zaventem \u00abdeben acudir al aeropuerto con dos horas de antelaci\u00f3n a la salida de su vuelo, llevar la documentaci\u00f3n de identidad vigente y una copia impresa del billete o tarjeta de embarque\u00bb.<\/p>\n<p style=\"text-align: justify;\">Iberia ha informado de que es importante prever toda la documentaci\u00f3n necesaria, tambi\u00e9n de los menores, que solo pueden viajar si van acompa\u00f1ados. Asimismo, recuerda que no est\u00e1 habilitada la sala VIP y tampoco est\u00e1 operativa la oficina de ventas, por lo que no se podr\u00e1n hacer pagos en efectivo sino solo con tarjeta de cr\u00e9dito.<\/p>\n<p style=\"text-align: justify;\">Adem\u00e1s, en Bruselas no hay transporte p\u00fablico, excepto el taxi, para acceder al aeropuerto, o el coche privado.<\/p>\n<p style=\"text-align: justify;\">F\/Hosteltur<\/p>\n","protected":false},"excerpt":{"rendered":"<p>05\/04\/ 2016\/ Bruselas.- Brussels Airlines reanuda desde este martes sus vuelos entre los aeropuertos de Bilbao y Bruselas Zaventem, en principio, el primero que se opere entre Espa\u00f1a y el primer aeropuerto belga tras su reapertura oficial luego de los atentados del pasado 22 de marzo. Iberia reanudar\u00e1 a partir de hoy de forma progresiva sus operaciones con el aeropuerto de Zaventem-Bruselas, que reabri\u00f3 parcialmente el pasado domingo tras el atentado terrorista sufrido el pasado 22 de marzo, mientras que Air Europa, del grupo Globalia, lo har\u00e1 desde el mi\u00e9rcoles 6 de abril. A\u00fan no se est\u00e1n operando los vuelos&#8230;<\/p>\n","protected":false},"author":1,"featured_media":0,"comment_status":"open","ping_status":"open","sticky":false,"template":"","format":"standard","meta":{"footnotes":""},"categories":[4,84],"tags":[6297,6271,153,6263,6270,828,6132,749],"class_list":["post-21562","post","type-post","status-publish","format-standard","hentry","category-breaking-news","category-internacionales","tag-aeropuerto-de-bilbao","tag-aeropuerto-de-bruselas-zaventem","tag-air-europa","tag-atentados-bruselas","tag-brussels-airlines","tag-iberia","tag-portal-de-noticias-turistamagazine","tag-turistamagazine"],"_links":{"self":[{"href":"https:\/\/www.turistamagazine.com\/v2\/index.php?rest_route=\/wp\/v2\/posts\/21562","targetHints":{"allow":["GET"]}}],"collection":[{"href":"https:\/\/www.turistamagazine.com\/v2\/index.php?rest_route=\/wp\/v2\/posts"}],"about":[{"href":"https:\/\/www.turistamagazine.com\/v2\/index.php?rest_route=\/wp\/v2\/types\/post"}],"author":[{"embeddable":true,"href":"https:\/\/www.turistamagazine.com\/v2\/index.php?rest_route=\/wp\/v2\/users\/1"}],"replies":[{"embeddable":true,"href":"https:\/\/www.turistamagazine.com\/v2\/index.php?rest_route=%2Fwp%2Fv2%2Fcomments&post=21562"}],"version-history":[{"count":2,"href":"https:\/\/www.turistamagazine.com\/v2\/index.php?rest_route=\/wp\/v2\/posts\/21562\/revisions"}],"predecessor-version":[{"id":21565,"href":"https:\/\/www.turistamagazine.com\/v2\/index.php?rest_route=\/wp\/v2\/posts\/21562\/revisions\/21565"}],"wp:attachment":[{"href":"https:\/\/www.turistamagazine.com\/v2\/index.php?rest_route=%2Fwp%2Fv2%2Fmedia&parent=21562"}],"wp:term":[{"taxonomy":"category","embeddable":true,"href":"https:\/\/www.turistamagazine.com\/v2\/index.php?rest_route=%2Fwp%2Fv2%2Fcategories&post=21562"},{"taxonomy":"post_tag","embeddable":true,"href":"https:\/\/www.turistamagazine.com\/v2\/index.php?rest_route=%2Fwp%2Fv2%2Ftags&post=21562"}],"curies":[{"name":"wp","href":"https:\/\/api.w.org\/{rel}","templated":true}]}}