{"id":21519,"date":"2016-04-01T08:21:39","date_gmt":"2016-04-01T13:21:39","guid":{"rendered":"http:\/\/www.turistamagazine.com\/v2\/?p=21519"},"modified":"2016-04-01T08:21:39","modified_gmt":"2016-04-01T13:21:39","slug":"reunion-de-emergencia-en-europa-sobre-la-seguridad-de-la-aviacion","status":"publish","type":"post","link":"https:\/\/www.turistamagazine.com\/v2\/?p=21519","title":{"rendered":"REUNI\u00d3N DE EMERGENCIA EN EUROPA SOBRE LA SEGURIDAD DE LA AVIACI\u00d3N"},"content":{"rendered":"<p style=\"text-align: justify;\">\n<p style=\"text-align: center;\"><strong><em><span style=\"color: #000080;\">Presentar\u00e1n un paquete de recomendaciones a los ministros de Transporte de los Estados miembros<\/span><\/em><\/strong><\/p>\n<p style=\"text-align: justify;\">Por. Diana Ram\u00f3n Vilarasau*<\/p>\n<p style=\"text-align: justify;\">01 ABRIL, 2016 .- Los miembros del Comit\u00e9 para la Seguridad de la Aviaci\u00f3n Civil de la Comisi\u00f3n Europea (AVSEC) se han instalado este jueves en reuni\u00f3n extraordinaria de emergencia tras los atentados terroristas en Bruselas para revisar la seguridad del transporte en la Uni\u00f3n Europea y hacer recomendaciones a los Estados miembros, cuyos ministros de Transporte se reunir\u00e1n el pr\u00f3ximo 14 de abril. Consideran que la seguridad de la aviaci\u00f3n <span style=\"color: #000080;\"><strong><em>\u00abest\u00e1 muy lejos de estar garantizada\u00bb.<\/em><\/strong><\/span><\/p>\n<p style=\"text-align: justify;\">La semana pasada, al menos 35 personas murieron y otras 300 resultaron heridas en dos explosiones de bomba en el Aeropuerto de Bruselas Zaventem y otra en la estaci\u00f3n Maelbeek del Metro de la ciudad. Despu\u00e9s de los ataques, el AVSEC decidi\u00f3 celebrar una reuni\u00f3n de emergencia para discutir la seguridad en los aeropuertos de la UE.<\/p>\n<p style=\"text-align: justify;\">El grupo ya realiz\u00f3 una primera reuni\u00f3n tras los atentados. \u00abNo esperamos que al final del d\u00eda de haber encontrado una soluci\u00f3n milagrosa. Esta es la primera vez desde los ataques que nos sentamos alrededor de la mesa, la Comisi\u00f3n y los expertos de los 28 estados miembros de la UE\u00bb, dijo Enionces una fuente cercana al comit\u00e9.<\/p>\n<p style=\"text-align: justify;\">El comit\u00e9 se ha vuelto a reunir para rehacer una revisi\u00f3n del estado de la seguridad de la aviaci\u00f3n que, para la mayor\u00eda, est\u00e1 muy lejos de estar garantizada. <span style=\"color: #000080;\"><strong><em>\u00abEsta reuni\u00f3n es la primera hasta preparar una primeras recomendaciones de medidas para el Consejo de Transportes, que se reunir\u00e1 de manera informal en Amsterdam el 14 de abril\u00bb<\/em><\/strong>.<\/span><\/p>\n<p style=\"text-align: justify;\">Los ataques en el coraz\u00f3n de Europa y provocativamente cerca de las sedes de varias de las m\u00e1s importantes instituciones europeas plantean la posibilidad de que esc\u00e1neres de cuerpo y equipaje sean implantados mucho antes de que los pasajeros lleguen a los mostradores de facturaci\u00f3n de los aeropuertos. Una medida a discutir en el seno de esta reuni\u00f3n de emergencia; si bien, seg\u00fan una fuente cercana a la comisi\u00f3n, la idea <strong><em><span style=\"color: #000080;\">\u00abno cuenta con s\u00f3lidos respaldos\u201d<\/span>,<\/em><\/strong> por lo que es poco probable que finalmente se incluya en las recomendaciones finales del grupo de expertos.<\/p>\n<p style=\"text-align: justify;\">Fuentes del Reino Unido a\u00f1aden que ninguna de esas propuestas estaba sobre la mesa y existe la preocupaci\u00f3n de que la medida simplemente traslade el riesgo a ser blanco de un ataque terrorista al exterior de las instalaciones aeroportuarias en vez de en su interior.<\/p>\n<p style=\"text-align: justify;\">El comit\u00e9 asimismo examinar\u00e1 <strong><em><span style=\"color: #000080;\">\u00abextender el per\u00edmetro de seguridad\u00bb<\/span>,<\/em><\/strong> lo que significa efectivamente colocar los esc\u00e1neres en el hall de entrada, aunque algunos miembros consideran que es importante que no haya una <span style=\"color: #000080;\"><strong><em>\u00absobre reacci\u00f3n\u00bb<\/em><\/strong><\/span> a los ataques de la semana pasada. <strong><em>\u00ab<span style=\"color: #000080;\">Cualquier revisi\u00f3n debe ser proporcionada y no debe ir por detr\u00e1s de los grupos terroristas. No se puede permitir que ellos establezcan la agenda\u00bb<\/span><\/em><\/strong>, dijo.<\/p>\n<p style=\"text-align: justify;\">Record\u00f3 que tras los ataques terroristas en Mosc\u00fa en 2011 <span style=\"color: #000080;\"><strong><em>\u00abse expandi\u00f3 el per\u00edmetro de seguridad en los aeropuertos rusos, pero creo que es improbable que se repita en toda Europa. Una respuesta m\u00e1s apropiada puede ser c\u00f3mo tener m\u00e1s vigilancia en el interior de las instalaciones\u00bb.<\/em><\/strong><\/span><\/p>\n<p style=\"text-align: justify;\">La fuente agreg\u00f3 que sea cual sea el resultado de las discusiones, no habr\u00e1 una decisi\u00f3n global de toda Europa en materia de seguridad porque <span style=\"color: #000080;\"><strong><em>\u201clos riesgos y los requisitos var\u00edan en los aeropuertos de la regi\u00f3n\u201d.<\/em><\/strong><\/span><\/p>\n<p style=\"text-align: justify;\">En el seno del comit\u00e9 tambi\u00e9n se considera importante tener en cuenta que las \u00e1reas de acceso p\u00fablico a las instalaciones del land-side o lado tierra, es decir, las terminales de pasajeros, situadas antes de los controles de seguridad, no se rigen por las normas de la UE sobre seguridad de la aviaci\u00f3n<strong><em>. \u00ab<span style=\"color: #000080;\">Su protecci\u00f3n est\u00e1 bajo la jurisdicci\u00f3n de las autoridades policiales de los Estados miembros que son libres de introducir cualquier medida que consideren apropiadas\u00bb<\/span><\/em><\/strong>.<\/p>\n<p style=\"text-align: justify;\"><strong>Informaci\u00f3n de inteligencia<\/strong><\/p>\n<p style=\"text-align: justify;\">Los expertos han reconocido, por otra parte, la importancia de compartir informaci\u00f3n y datos de inteligencia con las autoridades y operadores de transporte de manera apropiada, en l\u00ednea con las conclusiones que adoptaron los ministros comunitarios de Justicia e Interior el pasado 24 de marzo, as\u00ed como de la aplicaci\u00f3n de la ley en ataques terroristas frustrados.<\/p>\n<p style=\"text-align: justify;\">Tambi\u00e9n enfatizaron la importancia de un intercambio de experiencias y mejores pr\u00e1cticas <span style=\"color: #000080;\"><strong><em>\u00abm\u00e1s sistematizado\u00bb<\/em><\/strong> <\/span>sobre los enfoques de seguridad adoptados en las \u00e1reas sin restricciones al p\u00fablico de los aeropuertos, un intercambio que la CE <span style=\"color: #333399;\"><strong><em>\u00abpretende facilitar\u00bb<\/em><\/strong><\/span>, seg\u00fan las fuentes.<\/p>\n<p style=\"text-align: justify;\">Ver las noticias relacionadas a lo largo de un a\u00f1o<\/p>\n<p>Hosteltur*<\/p>\n","protected":false},"excerpt":{"rendered":"<p>Presentar\u00e1n un paquete de recomendaciones a los ministros de Transporte de los Estados miembros Por. Diana Ram\u00f3n Vilarasau* 01 ABRIL, 2016 .- Los miembros del Comit\u00e9 para la Seguridad de la Aviaci\u00f3n Civil de la Comisi\u00f3n Europea (AVSEC) se han instalado este jueves en reuni\u00f3n extraordinaria de emergencia tras los atentados terroristas en Bruselas para revisar la seguridad del transporte en la Uni\u00f3n Europea y hacer recomendaciones a los Estados miembros, cuyos ministros de Transporte se reunir\u00e1n el pr\u00f3ximo 14 de abril. Consideran que la seguridad de la aviaci\u00f3n \u00abest\u00e1 muy lejos de estar garantizada\u00bb. La semana pasada, al menos&#8230;<\/p>\n","protected":false},"author":1,"featured_media":0,"comment_status":"open","ping_status":"open","sticky":false,"template":"","format":"standard","meta":{"footnotes":""},"categories":[87],"tags":[6263,4554,6287,397,399,6286,6132,749],"class_list":["post-21519","post","type-post","status-publish","format-standard","hentry","category-actualidad","tag-atentados-bruselas","tag-atentados-terroristas","tag-avsec","tag-ce","tag-comision-europea","tag-comite-para-la-seguridad-de-la-aviacion-civil-de-la-comision-europea","tag-portal-de-noticias-turistamagazine","tag-turistamagazine"],"_links":{"self":[{"href":"https:\/\/www.turistamagazine.com\/v2\/index.php?rest_route=\/wp\/v2\/posts\/21519","targetHints":{"allow":["GET"]}}],"collection":[{"href":"https:\/\/www.turistamagazine.com\/v2\/index.php?rest_route=\/wp\/v2\/posts"}],"about":[{"href":"https:\/\/www.turistamagazine.com\/v2\/index.php?rest_route=\/wp\/v2\/types\/post"}],"author":[{"embeddable":true,"href":"https:\/\/www.turistamagazine.com\/v2\/index.php?rest_route=\/wp\/v2\/users\/1"}],"replies":[{"embeddable":true,"href":"https:\/\/www.turistamagazine.com\/v2\/index.php?rest_route=%2Fwp%2Fv2%2Fcomments&post=21519"}],"version-history":[{"count":2,"href":"https:\/\/www.turistamagazine.com\/v2\/index.php?rest_route=\/wp\/v2\/posts\/21519\/revisions"}],"predecessor-version":[{"id":21522,"href":"https:\/\/www.turistamagazine.com\/v2\/index.php?rest_route=\/wp\/v2\/posts\/21519\/revisions\/21522"}],"wp:attachment":[{"href":"https:\/\/www.turistamagazine.com\/v2\/index.php?rest_route=%2Fwp%2Fv2%2Fmedia&parent=21519"}],"wp:term":[{"taxonomy":"category","embeddable":true,"href":"https:\/\/www.turistamagazine.com\/v2\/index.php?rest_route=%2Fwp%2Fv2%2Fcategories&post=21519"},{"taxonomy":"post_tag","embeddable":true,"href":"https:\/\/www.turistamagazine.com\/v2\/index.php?rest_route=%2Fwp%2Fv2%2Ftags&post=21519"}],"curies":[{"name":"wp","href":"https:\/\/api.w.org\/{rel}","templated":true}]}}